{"id":22477,"date":"2022-09-14T15:35:25","date_gmt":"2022-09-14T14:35:25","guid":{"rendered":"https:\/\/recyclingnetwerk.org\/?p=22477"},"modified":"2026-04-10T08:44:59","modified_gmt":"2026-04-10T07:44:59","slug":"course-vers-la-consigne-en-europe","status":"publish","type":"post","link":"https:\/\/fairresourcefoundation.org\/fr\/course-vers-la-consigne-en-europe\/","title":{"rendered":"La course vers la consigne en Europe"},"content":{"rendered":"<p>[et_pb_section fb_built=\u00a0\u00bb1&Prime; admin_label=\u00a0\u00bbsection\u00a0\u00bb _builder_version=\u00a0\u00bb4.27.4&Prime; global_colors_info=\u00a0\u00bb{}\u00a0\u00bb][et_pb_row custom_padding_last_edited=\u00a0\u00bbon|phone\u00a0\u00bb _builder_version=\u00a0\u00bb4.27.4&Prime; _dynamic_attributes=\u00a0\u00bbbackground_image\u00a0\u00bb _module_preset=\u00a0\u00bbdefault\u00a0\u00bb background_image=\u00a0\u00bb@ET-DC@eyJkeW5hbWljIjp0cnVlLCJjb250ZW50IjoicG9zdF9mZWF0dXJlZF9pbWFnZSIsInNldHRpbmdzIjp7fX0=@\u00a0\u00bb z_index=\u00a0\u00bb1&Prime; width=\u00a0\u00bb100%\u00a0\u00bb max_width=\u00a0\u00bb100%\u00a0\u00bb custom_padding=\u00a0\u00bb35vh||35vh||true|false\u00a0\u00bb custom_padding_tablet=\u00a0\u00bb20vh||20vh||true|false\u00a0\u00bb custom_padding_phone=\u00a0\u00bb15vh||15vh||true|false\u00a0\u00bb locked=\u00a0\u00bboff\u00a0\u00bb global_colors_info=\u00a0\u00bb{}\u00a0\u00bb][et_pb_column type=\u00a0\u00bb4_4&Prime; _builder_version=\u00a0\u00bb4.24.2&Prime; _module_preset=\u00a0\u00bbdefault\u00a0\u00bb z_index=\u00a0\u00bb99&Prime; global_colors_info=\u00a0\u00bb{}\u00a0\u00bb][\/et_pb_column][\/et_pb_row][\/et_pb_section][et_pb_section fb_built=\u00a0\u00bb1&Prime; _builder_version=\u00a0\u00bb4.24.0&Prime; _module_preset=\u00a0\u00bbdefault\u00a0\u00bb background_color=\u00a0\u00bbgcid-2b01b125-6b38-4b9f-9cc1-28a45bc9d8b3&Prime; z_index=\u00a0\u00bb999&Prime; width_tablet=\u00a0\u00bb100%\u00a0\u00bb width_phone=\u00a0\u00bb100%\u00a0\u00bb width_last_edited=\u00a0\u00bbon|phone\u00a0\u00bb module_alignment=\u00a0\u00bbcenter\u00a0\u00bb overflow-x=\u00a0\u00bbvisible\u00a0\u00bb overflow-y=\u00a0\u00bbvisible\u00a0\u00bb custom_margin=\u00a0\u00bb-150px||0px||false|false\u00a0\u00bb custom_margin_tablet=\u00a0\u00bb0px||0px||false|false\u00a0\u00bb custom_margin_phone=\u00a0\u00bb-50px||||false|false\u00a0\u00bb custom_margin_last_edited=\u00a0\u00bbon|phone\u00a0\u00bb global_colors_info=\u00a0\u00bb{%22gcid-2b01b125-6b38-4b9f-9cc1-28a45bc9d8b3%22:%91%22background_color%22%93}\u00a0\u00bb][et_pb_row custom_padding_last_edited=\u00a0\u00bbon|phone\u00a0\u00bb _builder_version=\u00a0\u00bb4.27.4&Prime; _module_preset=\u00a0\u00bbdefault\u00a0\u00bb background_color=\u00a0\u00bb#FFFFFF\u00a0\u00bb z_index=\u00a0\u00bb99&Prime; width_tablet=\u00a0\u00bb90%\u00a0\u00bb width_phone=\u00a0\u00bb90%\u00a0\u00bb width_last_edited=\u00a0\u00bbon|phone\u00a0\u00bb max_width=\u00a0\u00bb80%\u00a0\u00bb max_width_tablet=\u00a0\u00bb90%\u00a0\u00bb max_width_phone=\u00a0\u00bb90%\u00a0\u00bb max_width_last_edited=\u00a0\u00bbon|tablet\u00a0\u00bb overflow-x=\u00a0\u00bbvisible\u00a0\u00bb overflow-y=\u00a0\u00bbvisible\u00a0\u00bb custom_margin=\u00a0\u00bb-150px||||false|false\u00a0\u00bb custom_margin_tablet=\u00a0\u00bb0px||||false|false\u00a0\u00bb custom_margin_phone=\u00a0\u00bb-100px||||false|false\u00a0\u00bb custom_margin_last_edited=\u00a0\u00bbon|tablet\u00a0\u00bb custom_padding=\u00a0\u00bb4%|5%|0%|5%|false|true\u00a0\u00bb custom_padding_tablet=\u00a0\u00bb7%||||false|true\u00a0\u00bb custom_padding_phone=\u00a0\u00bb10%||||false|true\u00a0\u00bb border_radii=\u00a0\u00bboff|30px|30px||\u00a0\u00bb global_colors_info=\u00a0\u00bb{}\u00a0\u00bb][et_pb_column type=\u00a0\u00bb4_4&Prime; _builder_version=\u00a0\u00bb4.22.0&Prime; _module_preset=\u00a0\u00bbdefault\u00a0\u00bb z_index=\u00a0\u00bb99&Prime; global_colors_info=\u00a0\u00bb{}\u00a0\u00bb][et_pb_text _builder_version=\u00a0\u00bb4.24.3&Prime; _dynamic_attributes=\u00a0\u00bbcontent\u00a0\u00bb _module_preset=\u00a0\u00bbdefault\u00a0\u00bb text_font=\u00a0\u00bbSoulcraft Wide||||||||\u00a0\u00bb text_font_size=\u00a0\u00bb2.5vw\u00a0\u00bb text_line_height=\u00a0\u00bb1.2em\u00a0\u00bb header_font=\u00a0\u00bbSoulcraft Wide||||||||\u00a0\u00bb header_font_size=\u00a0\u00bb3.5vw\u00a0\u00bb header_2_text_align=\u00a0\u00bbleft\u00a0\u00bb header_2_font_size=\u00a0\u00bb3.5vw\u00a0\u00bb header_2_line_height=\u00a0\u00bb1.2em\u00a0\u00bb custom_margin=\u00a0\u00bb||15px||false|false\u00a0\u00bb text_font_size_tablet=\u00a0\u00bb5vw\u00a0\u00bb text_font_size_phone=\u00a0\u00bb6vw\u00a0\u00bb text_font_size_last_edited=\u00a0\u00bbon|phone\u00a0\u00bb global_colors_info=\u00a0\u00bb{%22gcid-77784515-52da-45c3-b038-e5c2d51b4bf9%22:%91%22header_2_text_color%22,%22header_2_text_color%22,%22header_text_color%22%93}\u00a0\u00bb]@ET-DC@eyJkeW5hbWljIjp0cnVlLCJjb250ZW50IjoicG9zdF90aXRsZSIsInNldHRpbmdzIjp7ImJlZm9yZSI6IiIsImFmdGVyIjoiIiwiZW5hYmxlX2h0bWwiOiJvZmYifX0=@[\/et_pb_text][et_pb_post_title title=\u00a0\u00bboff\u00a0\u00bb date_format=\u00a0\u00bbj F Y\u00a0\u00bb categories=\u00a0\u00bboff\u00a0\u00bb comments=\u00a0\u00bboff\u00a0\u00bb featured_image=\u00a0\u00bboff\u00a0\u00bb admin_label=\u00a0\u00bbAuthor and date\u00a0\u00bb _builder_version=\u00a0\u00bb4.27.4&Prime; _module_preset=\u00a0\u00bbdefault\u00a0\u00bb title_font=\u00a0\u00bb||||||||\u00a0\u00bb meta_font=\u00a0\u00bb|600|||||||\u00a0\u00bb meta_text_align=\u00a0\u00bbleft\u00a0\u00bb meta_text_color=\u00a0\u00bbgcid-77784515-52da-45c3-b038-e5c2d51b4bf9&Prime; custom_margin=\u00a0\u00bb||-1px||false|false\u00a0\u00bb custom_css_free_form=\u00a0\u00bb.selector .et_pb_title_meta_container a:hover {||  color: red;||}\u00a0\u00bb locked=\u00a0\u00bboff\u00a0\u00bb global_colors_info=\u00a0\u00bb{%22gcid-77784515-52da-45c3-b038-e5c2d51b4bf9%22:%91%22meta_text_color%22%93}\u00a0\u00bb][\/et_pb_post_title][et_pb_post_title title=\u00a0\u00bboff\u00a0\u00bb author=\u00a0\u00bboff\u00a0\u00bb date=\u00a0\u00bboff\u00a0\u00bb comments=\u00a0\u00bboff\u00a0\u00bb featured_image=\u00a0\u00bboff\u00a0\u00bb _builder_version=\u00a0\u00bb4.27.0&Prime; _module_preset=\u00a0\u00bbdefault\u00a0\u00bb meta_font=\u00a0\u00bb|600||on||||#F06449|\u00a0\u00bb meta_text_align=\u00a0\u00bbleft\u00a0\u00bb meta_text_color=\u00a0\u00bb#F06449&Prime; custom_margin=\u00a0\u00bb10px||20px||false|false\u00a0\u00bb custom_padding=\u00a0\u00bb|||0%|false|false\u00a0\u00bb locked=\u00a0\u00bboff\u00a0\u00bb global_colors_info=\u00a0\u00bb{%22gcid-ef4e245a-162a-48e8-976d-1f0669a09958%22:%91%22meta_text_color__hover%22%93}\u00a0\u00bb meta_text_color__hover_enabled=\u00a0\u00bbon|hover\u00a0\u00bb meta_text_color__hover=\u00a0\u00bb#f06449&Prime;][\/et_pb_post_title][\/et_pb_column][\/et_pb_row][et_pb_row custom_padding_last_edited=\u00a0\u00bbon|phone\u00a0\u00bb admin_label=\u00a0\u00bbrow\u00a0\u00bb _builder_version=\u00a0\u00bb4.27.4&Prime; background_color=\u00a0\u00bb#FFFFFF\u00a0\u00bb z_index=\u00a0\u00bb99&Prime; width_tablet=\u00a0\u00bb90%\u00a0\u00bb width_phone=\u00a0\u00bb90%\u00a0\u00bb width_last_edited=\u00a0\u00bbon|phone\u00a0\u00bb max_width=\u00a0\u00bb80%\u00a0\u00bb max_width_tablet=\u00a0\u00bb90%\u00a0\u00bb max_width_phone=\u00a0\u00bb90%\u00a0\u00bb max_width_last_edited=\u00a0\u00bbon|tablet\u00a0\u00bb overflow-x=\u00a0\u00bbvisible\u00a0\u00bb overflow-y=\u00a0\u00bbvisible\u00a0\u00bb custom_margin=\u00a0\u00bb-150px||||false|false\u00a0\u00bb custom_margin_tablet=\u00a0\u00bb0px||||false|false\u00a0\u00bb custom_margin_phone=\u00a0\u00bb-100px||||false|false\u00a0\u00bb custom_margin_last_edited=\u00a0\u00bbon|tablet\u00a0\u00bb custom_padding=\u00a0\u00bb4%|5%|0%|5%|false|true\u00a0\u00bb custom_padding_tablet=\u00a0\u00bb7%||||false|true\u00a0\u00bb custom_padding_phone=\u00a0\u00bb10%||||false|true\u00a0\u00bb border_radii=\u00a0\u00bboff||||\u00a0\u00bb global_colors_info=\u00a0\u00bb{}\u00a0\u00bb][et_pb_column type=\u00a0\u00bb4_4&Prime; _builder_version=\u00a0\u00bb4.16&Prime; custom_padding=\u00a0\u00bb|||\u00a0\u00bb global_colors_info=\u00a0\u00bb{}\u00a0\u00bb custom_padding__hover=\u00a0\u00bb|||\u00a0\u00bb][et_pb_text admin_label=\u00a0\u00bbText\u00a0\u00bb _builder_version=\u00a0\u00bb4.16&Prime; background_size=\u00a0\u00bbinitial\u00a0\u00bb background_position=\u00a0\u00bbtop_left\u00a0\u00bb background_repeat=\u00a0\u00bbrepeat\u00a0\u00bb global_colors_info=\u00a0\u00bb{}\u00a0\u00bb]<\/p>\n<p><em>Derni\u00e8re mise \u00e0 jour : avril 2026.<\/em><\/p>\n<p>De plus en plus de gouvernements europ\u00e9ens d\u00e9cident d&rsquo;introduire la consigne sur les canettes et les bouteilles en plastique. D\u2019autres pays \u00e9largissent leur syst\u00e8me de consigne existant. Le rythme s&rsquo;acc\u00e9l\u00e8re depuis l&rsquo;adoption en 2019 de la directive europ\u00e9enne sur les plastiques \u00e0 usage unique. Cette directive <a href=\"https:\/\/eur-lex.europa.eu\/legal-content\/NL\/TXT\/PDF\/?uri=CELEX%3A32019L0904&amp;from=EN\">Single Use Plastic<\/a> stipule que toutes les bouteilles en plastique devront contenir au moins 25 % <i>de contenu recycl\u00e9<\/i> d&rsquo;ici 2025, et que les \u00c9tats membres doivent collecter s\u00e9par\u00e9ment 90 % des bouteilles en plastique d&rsquo;ici 2029. Avec la consigne, les \u00e9tats s&rsquo;attaquent aux d\u00e9chets sauvages et \u00e0 la pollution plastique. Dans cet article, nous examinons les diff\u00e9rentes d\u00e9cisions des gouvernements et parlements concernant la consigne au sein de l&rsquo;Union Europ\u00e9enne. En avril 2026, 19 pays europ\u00e9ens (20 si l&rsquo;on inclut le Groenland) ont un syst\u00e8me de consigne pour les bouteilles en plastique et les canettes.<\/p>\n<p>[\/et_pb_text][et_pb_image src=\u00a0\u00bbhttps:\/\/fairresourcefoundation.org\/wp-content\/uploads\/2022\/09\/Map_2026_FRF_FR.png\u00a0\u00bb title_text=\u00a0\u00bbMap_2026_FRF_FR\u00a0\u00bb align=\u00a0\u00bbcenter\u00a0\u00bb _builder_version=\u00a0\u00bb4.27.6&Prime; _module_preset=\u00a0\u00bbdefault\u00a0\u00bb max_width=\u00a0\u00bb75%\u00a0\u00bb border_radii=\u00a0\u00bbon|20px|20px|20px|20px\u00a0\u00bb locked=\u00a0\u00bboff\u00a0\u00bb global_colors_info=\u00a0\u00bb{}\u00a0\u00bb][\/et_pb_image][et_pb_heading title=\u00a0\u00bb8 Pays Europ\u00e9ens ont une consigne depuis longtemps\u00a0\u00bb _builder_version=\u00a0\u00bb4.27.4&Prime; _module_preset=\u00a0\u00bbdefault\u00a0\u00bb title_level=\u00a0\u00bbh2&Prime; title_text_color=\u00a0\u00bbgcid-ef4e245a-162a-48e8-976d-1f0669a09958&Prime; title_font_size=\u00a0\u00bb1.8vw\u00a0\u00bb global_colors_info=\u00a0\u00bb{%22gcid-ef4e245a-162a-48e8-976d-1f0669a09958%22:%91%22title_text_color%22%93}\u00a0\u00bb][\/et_pb_heading][\/et_pb_column][\/et_pb_row][et_pb_row column_structure=\u00a0\u00bb1_2,1_2&Prime; custom_padding_last_edited=\u00a0\u00bbon|phone\u00a0\u00bb _builder_version=\u00a0\u00bb4.27.4&Prime; _module_preset=\u00a0\u00bbdefault\u00a0\u00bb background_color=\u00a0\u00bb#FFFFFF\u00a0\u00bb z_index=\u00a0\u00bb99&Prime; width_tablet=\u00a0\u00bb90%\u00a0\u00bb width_phone=\u00a0\u00bb90%\u00a0\u00bb width_last_edited=\u00a0\u00bbon|phone\u00a0\u00bb max_width=\u00a0\u00bb80%\u00a0\u00bb max_width_tablet=\u00a0\u00bb90%\u00a0\u00bb max_width_phone=\u00a0\u00bb90%\u00a0\u00bb max_width_last_edited=\u00a0\u00bbon|tablet\u00a0\u00bb overflow-x=\u00a0\u00bbvisible\u00a0\u00bb overflow-y=\u00a0\u00bbvisible\u00a0\u00bb custom_margin=\u00a0\u00bb0px||||false|false\u00a0\u00bb custom_margin_tablet=\u00a0\u00bb-150px||||false|false\u00a0\u00bb custom_margin_phone=\u00a0\u00bb-100px||||false|false\u00a0\u00bb custom_margin_last_edited=\u00a0\u00bbon|tablet\u00a0\u00bb custom_padding=\u00a0\u00bb4%|5%|0%|5%|false|true\u00a0\u00bb custom_padding_tablet=\u00a0\u00bb7%||||false|true\u00a0\u00bb custom_padding_phone=\u00a0\u00bb10%||||false|true\u00a0\u00bb border_radii=\u00a0\u00bboff||||\u00a0\u00bb locked=\u00a0\u00bboff\u00a0\u00bb global_colors_info=\u00a0\u00bb{}\u00a0\u00bb][et_pb_column type=\u00a0\u00bb1_2&Prime; _builder_version=\u00a0\u00bb4.27.3&Prime; _module_preset=\u00a0\u00bbdefault\u00a0\u00bb global_colors_info=\u00a0\u00bb{}\u00a0\u00bb][et_pb_text _builder_version=\u00a0\u00bb4.27.4&Prime; _module_preset=\u00a0\u00bbdefault\u00a0\u00bb global_colors_info=\u00a0\u00bb{}\u00a0\u00bb]<\/p>\n<p>Le premier syst\u00e8me de consigne a \u00e9t\u00e9 introduit \u00e0 Dublin il y a plus de 200 ans. Ce syst\u00e8me est donc loin d&rsquo;\u00eatre nouveau. S&rsquo;agissant des <strong>emballages uniques<\/strong>, de nombreux pays europ\u00e9ens introduisent une consigne sur les bouteilles en plastique et les canettes \u00e0 usage unique depuis des d\u00e9cennies.\u00a0Ces pays atteignent depuis longtemps des objectifs de <strong>collecte s\u00e9lective \u00e9lev\u00e9s<\/strong> et ont des <strong>rues bien plus propres<\/strong>.<\/p>\n<p>[\/et_pb_text][\/et_pb_column][et_pb_column type=\u00a0\u00bb1_2&Prime; _builder_version=\u00a0\u00bb4.27.3&Prime; _module_preset=\u00a0\u00bbdefault\u00a0\u00bb global_colors_info=\u00a0\u00bb{}\u00a0\u00bb][et_pb_image src=\u00a0\u00bbhttps:\/\/fairresourcefoundation.org\/wp-content\/uploads\/2022\/09\/StatiegeldEuropeMap_2025_FR_V2_intro_pre_2016.png\u00a0\u00bb title_text=\u00a0\u00bbStatiegeldEuropeMap_2025_FR_bef_2016&Prime; _builder_version=\u00a0\u00bb4.27.4&Prime; _module_preset=\u00a0\u00bbdefault\u00a0\u00bb border_radii=\u00a0\u00bbon|20px|20px|20px|20px\u00a0\u00bb global_colors_info=\u00a0\u00bb{}\u00a0\u00bb][\/et_pb_image][\/et_pb_column][\/et_pb_row][et_pb_row custom_padding_last_edited=\u00a0\u00bbon|phone\u00a0\u00bb _builder_version=\u00a0\u00bb4.27.4&Prime; _module_preset=\u00a0\u00bbdefault\u00a0\u00bb background_color=\u00a0\u00bb#FFFFFF\u00a0\u00bb z_index=\u00a0\u00bb99&Prime; width_tablet=\u00a0\u00bb90%\u00a0\u00bb width_phone=\u00a0\u00bb90%\u00a0\u00bb width_last_edited=\u00a0\u00bbon|phone\u00a0\u00bb max_width=\u00a0\u00bb80%\u00a0\u00bb max_width_tablet=\u00a0\u00bb90%\u00a0\u00bb max_width_phone=\u00a0\u00bb90%\u00a0\u00bb max_width_last_edited=\u00a0\u00bbon|tablet\u00a0\u00bb overflow-x=\u00a0\u00bbvisible\u00a0\u00bb overflow-y=\u00a0\u00bbvisible\u00a0\u00bb custom_margin=\u00a0\u00bb0px||||false|false\u00a0\u00bb custom_margin_tablet=\u00a0\u00bb-150px||||false|false\u00a0\u00bb custom_margin_phone=\u00a0\u00bb-100px||||false|false\u00a0\u00bb custom_margin_last_edited=\u00a0\u00bbon|tablet\u00a0\u00bb custom_padding=\u00a0\u00bb4%|5%|0%|5%|false|true\u00a0\u00bb custom_padding_tablet=\u00a0\u00bb7%||||false|true\u00a0\u00bb custom_padding_phone=\u00a0\u00bb10%||||false|true\u00a0\u00bb border_radii=\u00a0\u00bboff||||\u00a0\u00bb global_colors_info=\u00a0\u00bb{}\u00a0\u00bb][et_pb_column type=\u00a0\u00bb4_4&Prime; _builder_version=\u00a0\u00bb4.27.4&Prime; _module_preset=\u00a0\u00bbdefault\u00a0\u00bb global_colors_info=\u00a0\u00bb{}\u00a0\u00bb][et_pb_accordion _builder_version=\u00a0\u00bb4.27.4&Prime; _module_preset=\u00a0\u00bbdefault\u00a0\u00bb max_width=\u00a0\u00bb90%\u00a0\u00bb module_alignment=\u00a0\u00bbcenter\u00a0\u00bb custom_margin=\u00a0\u00bb||40px|||\u00a0\u00bb locked=\u00a0\u00bboff\u00a0\u00bb global_colors_info=\u00a0\u00bb{}\u00a0\u00bb][et_pb_accordion_item title=\u00a0\u00bb%91DO NOT DELETE%93&Prime; open=\u00a0\u00bbon\u00a0\u00bb _builder_version=\u00a0\u00bb4.27.4&Prime; _module_preset=\u00a0\u00bbdefault\u00a0\u00bb body_font=\u00a0\u00bb||||||||\u00a0\u00bb background_color=\u00a0\u00bbgcid-2b01b125-6b38-4b9f-9cc1-28a45bc9d8b3&Prime; background_enable_color=\u00a0\u00bbon\u00a0\u00bb custom_css_free_form=\u00a0\u00bbselector {||  display: none;||}\u00a0\u00bb border_radii=\u00a0\u00bbon|10px|10px|10px|10px\u00a0\u00bb border_color_all=\u00a0\u00bbgcid-2b01b125-6b38-4b9f-9cc1-28a45bc9d8b3&Prime; global_colors_info=\u00a0\u00bb{%22gcid-77784515-52da-45c3-b038-e5c2d51b4bf9%22:%91%22toggle_text_color%22%93,%22gcid-2b01b125-6b38-4b9f-9cc1-28a45bc9d8b3%22:%91%22border_color_all%22,%22background_color%22%93}\u00a0\u00bb toggle_text_color=\u00a0\u00bbgcid-77784515-52da-45c3-b038-e5c2d51b4bf9&Prime; toggle_level=\u00a0\u00bbh2&Prime; toggle_font_size=\u00a0\u00bb1.8vw\u00a0\u00bb][\/et_pb_accordion_item][et_pb_accordion_item title=\u00a0\u00bbAllemagne\u00a0\u00bb _builder_version=\u00a0\u00bb4.27.4&Prime; _module_preset=\u00a0\u00bbdefault\u00a0\u00bb body_font=\u00a0\u00bb||||||||\u00a0\u00bb background_color=\u00a0\u00bbgcid-2b01b125-6b38-4b9f-9cc1-28a45bc9d8b3&Prime; background_enable_color=\u00a0\u00bbon\u00a0\u00bb border_radii=\u00a0\u00bbon|10px|10px|10px|10px\u00a0\u00bb border_color_all=\u00a0\u00bbgcid-2b01b125-6b38-4b9f-9cc1-28a45bc9d8b3&Prime; global_colors_info=\u00a0\u00bb{%22gcid-77784515-52da-45c3-b038-e5c2d51b4bf9%22:%91%22toggle_text_color%22%93,%22gcid-2b01b125-6b38-4b9f-9cc1-28a45bc9d8b3%22:%91%22border_color_all%22,%22background_color%22%93}\u00a0\u00bb toggle_text_color=\u00a0\u00bbgcid-77784515-52da-45c3-b038-e5c2d51b4bf9&Prime; toggle_level=\u00a0\u00bbh2&Prime; toggle_font_size=\u00a0\u00bb1.8vw\u00a0\u00bb open=\u00a0\u00bboff\u00a0\u00bb]<\/p>\n<p>En Allemagne, le syst\u00e8me de consigne est en place depuis <b>2003<\/b>, soit<a href=\"https:\/\/en.wikipedia.org\/wiki\/Container-deposit_legislation\" target=\"_blank\" rel=\"noopener\"> depuis 22 ans<\/a>. Il existe une consigne sur les emballages de boissons en plastique, en aluminium et en verre. Le montant de la consigne est de<a href=\"https:\/\/en.wikipedia.org\/wiki\/Container-deposit_legislation#Germany\" target=\"_blank\" rel=\"noopener\"> 0,25\u20ac<\/a> pour tous les emballages depuis 2016. La consigne est plus \u00e9lev\u00e9e pour les emballages jetables que pour les emballages r\u00e9utilisables, tels que les bouteilles en verre. 97 \u00e0 99% des bouteilles jetables sont collect\u00e9es. Le taux de retour des canettes est<a href=\"https:\/\/en.wikipedia.org\/wiki\/Container-deposit_legislation\" target=\"_blank\" rel=\"noopener\"> d&rsquo;environ 99%<\/a>. En janvier 2021, le gouvernement allemand d&rsquo;Angela Merkel (CDU &#8211; SPD &#8211; CSU) a<a href=\"https:\/\/recyclingnetwerk.org\/2021\/01\/20\/duitse-regering-breidt-statiegeld-uit-naar-alle-flessen-en-blikjes\/\" target=\"_blank\" rel=\"noopener\"> approuv\u00e9<\/a> une nouvelle<a href=\"https:\/\/www.bundesregierung.de\/breg-de\/suche\/mehrweg-fuers-essen-to-go-1840830\" target=\"_blank\" rel=\"noopener\"> loi sur les emballages<\/a> (<i>Verpackungsgesetz<\/i>). <strong>La consigne sur les emballages de jus et boissons alcoolis\u00e9es est en place depuis Janvier 2022, et a \u00e9t\u00e9 \u00e9tendue aux produits laitiers en 2024<\/strong>. L&rsquo;Allemagne a mis en place une consigne (<i>Pfand<\/i>) sur les bouteilles en plastique et les canettes depuis longtemps, en 2003. Mais les jus, le vin et le lait en \u00e9taient exempt\u00e9s. La nouvelle loi sur les emballages ne s&rsquo;int\u00e9resse donc qu&rsquo;\u00e0 l\u2019ajout de ces emballages dans le syst\u00e8me et non \u00e0 la boisson qu&rsquo;ils contiennent.<\/p>\n<p>[\/et_pb_accordion_item][et_pb_accordion_item title=\u00a0\u00bbCroatie\u00a0\u00bb _builder_version=\u00a0\u00bb4.27.4&Prime; _module_preset=\u00a0\u00bbdefault\u00a0\u00bb body_font=\u00a0\u00bb||||||||\u00a0\u00bb background_color=\u00a0\u00bbgcid-2b01b125-6b38-4b9f-9cc1-28a45bc9d8b3&Prime; background_enable_color=\u00a0\u00bbon\u00a0\u00bb border_radii=\u00a0\u00bbon|10px|10px|10px|10px\u00a0\u00bb border_color_all=\u00a0\u00bbgcid-2b01b125-6b38-4b9f-9cc1-28a45bc9d8b3&Prime; global_colors_info=\u00a0\u00bb{%22gcid-77784515-52da-45c3-b038-e5c2d51b4bf9%22:%91%22toggle_text_color%22%93,%22gcid-2b01b125-6b38-4b9f-9cc1-28a45bc9d8b3%22:%91%22border_color_all%22,%22background_color%22%93}\u00a0\u00bb toggle_text_color=\u00a0\u00bbgcid-77784515-52da-45c3-b038-e5c2d51b4bf9&Prime; toggle_level=\u00a0\u00bbh2&Prime; toggle_font_size=\u00a0\u00bb1.8vw\u00a0\u00bb open=\u00a0\u00bboff\u00a0\u00bb]<\/p>\n<p>En Croatie, une consigne d\u2019un montant de 0,5 kuna croate est pr\u00e9lev\u00e9e sur les emballages non r\u00e9utilisables d&rsquo;un volume minimum de 200 ml<a href=\"https:\/\/www.cmconsultinginc.com\/wp-content\/uploads\/2017\/05\/BOOK-Deposit-Global-24May2017-for-Website.pdf\" target=\"_blank\" rel=\"noopener\"> depuis 2006<\/a>. Les d\u00e9taillants de plus de 200 m\u00b2 sont oblig\u00e9s de reprendre les emballages consign\u00e9s. Le syst\u00e8me est g\u00e9r\u00e9 par le gouvernement et l&rsquo;objectif de collecte est de 95%. Depuis 2015, la consigne a assur\u00e9 la r\u00e9duction de 90% des emballages non r\u00e9utilisables sur le march\u00e9 croate.<\/p>\n<p>[\/et_pb_accordion_item][et_pb_accordion_item title=\u00a0\u00bbDanemark\u00a0\u00bb _builder_version=\u00a0\u00bb4.27.4&Prime; _module_preset=\u00a0\u00bbdefault\u00a0\u00bb body_font=\u00a0\u00bb||||||||\u00a0\u00bb background_color=\u00a0\u00bbgcid-2b01b125-6b38-4b9f-9cc1-28a45bc9d8b3&Prime; background_enable_color=\u00a0\u00bbon\u00a0\u00bb border_radii=\u00a0\u00bbon|10px|10px|10px|10px\u00a0\u00bb border_color_all=\u00a0\u00bbgcid-2b01b125-6b38-4b9f-9cc1-28a45bc9d8b3&Prime; global_colors_info=\u00a0\u00bb{%22gcid-77784515-52da-45c3-b038-e5c2d51b4bf9%22:%91%22toggle_text_color%22%93,%22gcid-2b01b125-6b38-4b9f-9cc1-28a45bc9d8b3%22:%91%22border_color_all%22,%22background_color%22%93}\u00a0\u00bb toggle_text_color=\u00a0\u00bbgcid-77784515-52da-45c3-b038-e5c2d51b4bf9&Prime; toggle_level=\u00a0\u00bbh2&Prime; toggle_font_size=\u00a0\u00bb1.8vw\u00a0\u00bb open=\u00a0\u00bboff\u00a0\u00bb]<\/p>\n<p>Le premier syst\u00e8me de consigne mondial a \u00e9t\u00e9 introduit Danemark en 1922. En <b>1991<\/b> et 1993, la consigne a \u00e9t\u00e9 \u00e9tendue aux bouteilles en plastique. L&rsquo;op\u00e9rateur du syst\u00e8me de consigne est<a href=\"https:\/\/danskretursystem.dk\/\" target=\"_blank\" rel=\"noopener\"> Dansk Retursystem<\/a>, une organisation priv\u00e9e \u00e0 but non lucratif. En 2019, le syst\u00e8me a atteint un<a href=\"https:\/\/danskretursystem.dk\/presse\/#\/pressreleases\/danskerne-panter-som-aldrig-foer-2982130\" target=\"_blank\" rel=\"noopener\"> taux de retour de 92 %<\/a>.<\/p>\n<p>[\/et_pb_accordion_item][et_pb_accordion_item title=\u00a0\u00bbEstonie\u00a0\u00bb _builder_version=\u00a0\u00bb4.27.4&Prime; _module_preset=\u00a0\u00bbdefault\u00a0\u00bb body_font=\u00a0\u00bb||||||||\u00a0\u00bb background_color=\u00a0\u00bbgcid-2b01b125-6b38-4b9f-9cc1-28a45bc9d8b3&Prime; background_enable_color=\u00a0\u00bbon\u00a0\u00bb border_radii=\u00a0\u00bbon|10px|10px|10px|10px\u00a0\u00bb border_color_all=\u00a0\u00bbgcid-2b01b125-6b38-4b9f-9cc1-28a45bc9d8b3&Prime; global_colors_info=\u00a0\u00bb{%22gcid-77784515-52da-45c3-b038-e5c2d51b4bf9%22:%91%22toggle_text_color%22%93,%22gcid-2b01b125-6b38-4b9f-9cc1-28a45bc9d8b3%22:%91%22border_color_all%22,%22background_color%22%93}\u00a0\u00bb toggle_text_color=\u00a0\u00bbgcid-77784515-52da-45c3-b038-e5c2d51b4bf9&Prime; toggle_level=\u00a0\u00bbh2&Prime; toggle_font_size=\u00a0\u00bb1.8vw\u00a0\u00bb open=\u00a0\u00bboff\u00a0\u00bb]<\/p>\n<p>En Estonie, un syst\u00e8me national de consigne et de recyclage des emballages \u00e0 usage unique et des emballages r\u00e9utilisables est en place depuis 2005. Le montant de la consigne est de 0,10 \u20ac sur la plupart des emballages de boissons en m\u00e9tal, en plastique et en verre. Le syst\u00e8me est g\u00e9r\u00e9 par<a href=\"https:\/\/eestipandipakend.ee\/\" target=\"_blank\" rel=\"noopener\"> Eesti Pandipakend<\/a>, une organisation de producteurs repr\u00e9sentant l&rsquo;Association des brasseurs estoniens, l&rsquo;Association des producteurs de boissons rafra\u00eechissantes, l&rsquo;Association des importateurs de boissons rafra\u00eechissantes et de bi\u00e8re et l&rsquo;Association des d\u00e9taillants estoniens.<\/p>\n<p>[\/et_pb_accordion_item][et_pb_accordion_item title=\u00a0\u00bbFinlande\u00a0\u00bb _builder_version=\u00a0\u00bb4.27.4&Prime; _module_preset=\u00a0\u00bbdefault\u00a0\u00bb body_font=\u00a0\u00bb||||||||\u00a0\u00bb background_color=\u00a0\u00bbgcid-2b01b125-6b38-4b9f-9cc1-28a45bc9d8b3&Prime; background_enable_color=\u00a0\u00bbon\u00a0\u00bb border_radii=\u00a0\u00bbon|10px|10px|10px|10px\u00a0\u00bb border_color_all=\u00a0\u00bbgcid-2b01b125-6b38-4b9f-9cc1-28a45bc9d8b3&Prime; global_colors_info=\u00a0\u00bb{%22gcid-77784515-52da-45c3-b038-e5c2d51b4bf9%22:%91%22toggle_text_color%22%93,%22gcid-2b01b125-6b38-4b9f-9cc1-28a45bc9d8b3%22:%91%22border_color_all%22,%22background_color%22%93}\u00a0\u00bb toggle_text_color=\u00a0\u00bbgcid-77784515-52da-45c3-b038-e5c2d51b4bf9&Prime; toggle_level=\u00a0\u00bbh2&Prime; toggle_font_size=\u00a0\u00bb1.8vw\u00a0\u00bb open=\u00a0\u00bboff\u00a0\u00bb]<\/p>\n<p>En Finlande, le syst\u00e8me de consigne a \u00e9t\u00e9 introduit pour la premi\u00e8re fois en <b>1952<\/b> &#8211; au m\u00eame moment que les Jeux olympiques d&rsquo;\u00e9t\u00e9 ont amen\u00e9 Coca-Cola dans le pays &#8211; sur les bouteilles en verre. Dans les ann\u00e9es 1980, certaines bouteilles en plastique r\u00e9utilisables et durables ont \u00e9t\u00e9 incluses dans le syst\u00e8me de consigne. La consigne a \u00e9t\u00e9 introduite sur les canettes en aluminium en 1996, sur les bouteilles en PET en 2008 et sur les bouteilles en verre recycl\u00e9 en 2012. Le syst\u00e8me est g\u00e9r\u00e9 par<a href=\"https:\/\/www.palpa.fi\/\" target=\"_blank\" rel=\"noopener\"> Suomen palautuspakkaus Oy<\/a> (abr\u00e9g\u00e9 en Palpa), un consortium priv\u00e9 d&rsquo;importateurs et de fabricants de boissons.<\/p>\n<p>[\/et_pb_accordion_item][et_pb_accordion_item title=\u00a0\u00bbIslande\u00a0\u00bb _builder_version=\u00a0\u00bb4.27.4&Prime; _module_preset=\u00a0\u00bbdefault\u00a0\u00bb body_font=\u00a0\u00bb||||||||\u00a0\u00bb background_color=\u00a0\u00bbgcid-2b01b125-6b38-4b9f-9cc1-28a45bc9d8b3&Prime; background_enable_color=\u00a0\u00bbon\u00a0\u00bb border_radii=\u00a0\u00bbon|10px|10px|10px|10px\u00a0\u00bb border_color_all=\u00a0\u00bbgcid-2b01b125-6b38-4b9f-9cc1-28a45bc9d8b3&Prime; global_colors_info=\u00a0\u00bb{%22gcid-77784515-52da-45c3-b038-e5c2d51b4bf9%22:%91%22toggle_text_color%22%93,%22gcid-2b01b125-6b38-4b9f-9cc1-28a45bc9d8b3%22:%91%22border_color_all%22,%22background_color%22%93}\u00a0\u00bb toggle_text_color=\u00a0\u00bbgcid-77784515-52da-45c3-b038-e5c2d51b4bf9&Prime; toggle_level=\u00a0\u00bbh2&Prime; toggle_font_size=\u00a0\u00bb1.8vw\u00a0\u00bb open=\u00a0\u00bboff\u00a0\u00bb]<\/p>\n<p>L&rsquo;Islande dispose depuis <b>1989<\/b> <a href=\"https:\/\/translate.google.com\/translate?hl=en&amp;prev=_t&amp;sl=auto&amp;tl=nl&amp;u=https:\/\/en.wikipedia.org\/wiki\/Container-deposit_legislation%23cite_note-53#cite_note-53\" target=\"_blank\" rel=\"noopener\">d&rsquo;un syst\u00e8me de consigne<\/a> national pour les emballages en plastique, en aluminium et en verre.<\/p>\n<p>[\/et_pb_accordion_item][et_pb_accordion_item title=\u00a0\u00bbNorv\u00e8ge\u00a0\u00bb _builder_version=\u00a0\u00bb4.27.4&Prime; _module_preset=\u00a0\u00bbdefault\u00a0\u00bb body_font=\u00a0\u00bb||||||||\u00a0\u00bb background_color=\u00a0\u00bbgcid-2b01b125-6b38-4b9f-9cc1-28a45bc9d8b3&Prime; background_enable_color=\u00a0\u00bbon\u00a0\u00bb border_radii=\u00a0\u00bbon|10px|10px|10px|10px\u00a0\u00bb border_color_all=\u00a0\u00bbgcid-2b01b125-6b38-4b9f-9cc1-28a45bc9d8b3&Prime; global_colors_info=\u00a0\u00bb{%22gcid-77784515-52da-45c3-b038-e5c2d51b4bf9%22:%91%22toggle_text_color%22%93,%22gcid-2b01b125-6b38-4b9f-9cc1-28a45bc9d8b3%22:%91%22border_color_all%22,%22background_color%22%93}\u00a0\u00bb toggle_text_color=\u00a0\u00bbgcid-77784515-52da-45c3-b038-e5c2d51b4bf9&Prime; toggle_level=\u00a0\u00bbh2&Prime; toggle_font_size=\u00a0\u00bb1.8vw\u00a0\u00bb open=\u00a0\u00bboff\u00a0\u00bb]<\/p>\n<p>En Norv\u00e8ge, une loi introduisant la consigne a \u00e9t\u00e9 adopt\u00e9e en <b>1999<\/b>. En 2018, le montant de la consigne a augment\u00e9, passant \u00e0 2 NOK (petites bouteilles et canettes) et 3 NOK (grandes bouteilles).<a href=\"https:\/\/infinitum.no\/articles-in-english\/recycling-247\/\" target=\"_blank\" rel=\"noopener\"> Infinitum AS<\/a> (anciennement Norsk Resirk) est responsable de la mise en \u0153uvre du programme national de recyclage des bouteilles en plastique \u00e0 usage unique et des canettes. Cette organisation \u00e0 but non lucratif a \u00e9t\u00e9 fond\u00e9e en 1999 et est d\u00e9tenue par des entreprises et des producteurs de boissons et du commerce alimentaire.<\/p>\n<p>Le syst\u00e8me norv\u00e9gien fonctionne de telle mani\u00e8re que la \u201ctaxe environnementale\u201d diminue \u00e0 mesure que le taux de retour augmente. Cela signifie que, par exemple, avec un taux de retour de 90% pour les canettes, la taxe environnementale est r\u00e9duite de 90%. Elle est nulle pour un taux de retour de 95%.<\/p>\n<p>[\/et_pb_accordion_item][et_pb_accordion_item title=\u00a0\u00bbSu\u00e8de\u00a0\u00bb _builder_version=\u00a0\u00bb4.27.4&Prime; _module_preset=\u00a0\u00bbdefault\u00a0\u00bb body_font=\u00a0\u00bb||||||||\u00a0\u00bb background_color=\u00a0\u00bbgcid-2b01b125-6b38-4b9f-9cc1-28a45bc9d8b3&Prime; background_enable_color=\u00a0\u00bbon\u00a0\u00bb border_radii=\u00a0\u00bbon|10px|10px|10px|10px\u00a0\u00bb border_color_all=\u00a0\u00bbgcid-2b01b125-6b38-4b9f-9cc1-28a45bc9d8b3&Prime; global_colors_info=\u00a0\u00bb{%22gcid-77784515-52da-45c3-b038-e5c2d51b4bf9%22:%91%22toggle_text_color%22%93,%22gcid-2b01b125-6b38-4b9f-9cc1-28a45bc9d8b3%22:%91%22border_color_all%22,%22background_color%22%93}\u00a0\u00bb toggle_text_color=\u00a0\u00bbgcid-77784515-52da-45c3-b038-e5c2d51b4bf9&Prime; toggle_level=\u00a0\u00bbh2&Prime; toggle_font_size=\u00a0\u00bb1.8vw\u00a0\u00bb open=\u00a0\u00bboff\u00a0\u00bb]<\/p>\n<p>En Su\u00e8de, les canettes en aluminium sont consign\u00e9es depuis <b>1984<\/b> et les bouteilles en PET depuis 1994. <a href=\"https:\/\/pantamera.nu\/\" target=\"_blank\" rel=\"noopener\">Pantamera<\/a> est responsable du syst\u00e8me de consigne sur les canettes en aluminium et les bouteilles en PET. En janvier 2025, l&rsquo;op\u00e9rateur su\u00e9dois de DRS a annonc\u00e9 que les taux de consigne passeraient de 1 SEK \u00e0 2 SEK pour les canettes en aluminium et les petites bouteilles en PET, et de 2 SEK \u00e0 3 SEK pour les grandes bouteilles en PET. Les premiers produits seront disponibles dans les magasins au d\u00e9but du mois de septembre 2025.<\/p>\n<p>[\/et_pb_accordion_item][\/et_pb_accordion][et_pb_heading title=\u00a0\u00bbConsigne introduite dans 11 pays depuis 2016&Prime; _builder_version=\u00a0\u00bb4.27.6&Prime; _module_preset=\u00a0\u00bbdefault\u00a0\u00bb title_level=\u00a0\u00bbh2&Prime; title_text_color=\u00a0\u00bbgcid-ef4e245a-162a-48e8-976d-1f0669a09958&Prime; title_font_size=\u00a0\u00bb1.8vw\u00a0\u00bb custom_margin=\u00a0\u00bb||9px|||\u00a0\u00bb global_colors_info=\u00a0\u00bb{%22gcid-ef4e245a-162a-48e8-976d-1f0669a09958%22:%91%22title_text_color%22%93}\u00a0\u00bb][\/et_pb_heading][\/et_pb_column][\/et_pb_row][et_pb_row column_structure=\u00a0\u00bb1_2,1_2&Prime; custom_padding_last_edited=\u00a0\u00bbon|phone\u00a0\u00bb _builder_version=\u00a0\u00bb4.27.4&Prime; _module_preset=\u00a0\u00bbdefault\u00a0\u00bb background_color=\u00a0\u00bb#FFFFFF\u00a0\u00bb z_index=\u00a0\u00bb99&Prime; width_tablet=\u00a0\u00bb90%\u00a0\u00bb width_phone=\u00a0\u00bb90%\u00a0\u00bb width_last_edited=\u00a0\u00bbon|phone\u00a0\u00bb max_width=\u00a0\u00bb80%\u00a0\u00bb max_width_tablet=\u00a0\u00bb90%\u00a0\u00bb max_width_phone=\u00a0\u00bb90%\u00a0\u00bb max_width_last_edited=\u00a0\u00bbon|tablet\u00a0\u00bb overflow-x=\u00a0\u00bbvisible\u00a0\u00bb overflow-y=\u00a0\u00bbvisible\u00a0\u00bb custom_margin=\u00a0\u00bb0px||||false|false\u00a0\u00bb custom_margin_tablet=\u00a0\u00bb-150px||||false|false\u00a0\u00bb custom_margin_phone=\u00a0\u00bb-100px||||false|false\u00a0\u00bb custom_margin_last_edited=\u00a0\u00bbon|tablet\u00a0\u00bb custom_padding=\u00a0\u00bb4%|5%|0%|5%|false|true\u00a0\u00bb custom_padding_tablet=\u00a0\u00bb7%||||false|true\u00a0\u00bb custom_padding_phone=\u00a0\u00bb10%||||false|true\u00a0\u00bb border_radii=\u00a0\u00bboff||||\u00a0\u00bb locked=\u00a0\u00bboff\u00a0\u00bb global_colors_info=\u00a0\u00bb{}\u00a0\u00bb][et_pb_column type=\u00a0\u00bb1_2&Prime; _builder_version=\u00a0\u00bb4.27.3&Prime; _module_preset=\u00a0\u00bbdefault\u00a0\u00bb global_colors_info=\u00a0\u00bb{}\u00a0\u00bb][et_pb_text _builder_version=\u00a0\u00bb4.27.4&Prime; _module_preset=\u00a0\u00bbdefault\u00a0\u00bb global_colors_info=\u00a0\u00bb{}\u00a0\u00bb]<\/p>\n<p>Le renforcement de la r\u00e9glementation en Europe, notamment sur les emballages plastiques (<a href=\"https:\/\/environment.ec.europa.eu\/topics\/plastics\/single-use-plastics_en\" target=\"_blank\" rel=\"noopener\">directive sur les plastiques \u00e0 usage unique<\/a>, r\u00e9vision du r\u00e8glement sur les emballages et les d\u00e9chets d&#8217;emballages), a conduit plusieurs pays europ\u00e9ens \u00e0 mettre \u00e9galement en place des consignes depuis 2016.<\/p>\n<p>[\/et_pb_text][\/et_pb_column][et_pb_column type=\u00a0\u00bb1_2&Prime; _builder_version=\u00a0\u00bb4.27.3&Prime; _module_preset=\u00a0\u00bbdefault\u00a0\u00bb global_colors_info=\u00a0\u00bb{}\u00a0\u00bb][et_pb_image src=\u00a0\u00bbhttps:\/\/fairresourcefoundation.org\/wp-content\/uploads\/2022\/09\/Map_2026_FRF_FR_introduit_depuis_2016.png\u00a0\u00bb title_text=\u00a0\u00bbMap_2026_FRF_FR_introduit_depuis_2016&Prime; _builder_version=\u00a0\u00bb4.27.6&Prime; _module_preset=\u00a0\u00bbdefault\u00a0\u00bb border_radii=\u00a0\u00bbon|10px|10px|10px|10px\u00a0\u00bb global_colors_info=\u00a0\u00bb{}\u00a0\u00bb][\/et_pb_image][\/et_pb_column][\/et_pb_row][et_pb_row custom_padding_last_edited=\u00a0\u00bbon|phone\u00a0\u00bb _builder_version=\u00a0\u00bb4.27.4&Prime; _module_preset=\u00a0\u00bbdefault\u00a0\u00bb background_color=\u00a0\u00bb#FFFFFF\u00a0\u00bb z_index=\u00a0\u00bb99&Prime; width_tablet=\u00a0\u00bb90%\u00a0\u00bb width_phone=\u00a0\u00bb90%\u00a0\u00bb width_last_edited=\u00a0\u00bbon|phone\u00a0\u00bb max_width=\u00a0\u00bb80%\u00a0\u00bb max_width_tablet=\u00a0\u00bb90%\u00a0\u00bb max_width_phone=\u00a0\u00bb90%\u00a0\u00bb max_width_last_edited=\u00a0\u00bbon|tablet\u00a0\u00bb overflow-x=\u00a0\u00bbvisible\u00a0\u00bb overflow-y=\u00a0\u00bbvisible\u00a0\u00bb custom_margin=\u00a0\u00bb0px||||false|false\u00a0\u00bb custom_margin_tablet=\u00a0\u00bb-150px||||false|false\u00a0\u00bb custom_margin_phone=\u00a0\u00bb-100px||||false|false\u00a0\u00bb custom_margin_last_edited=\u00a0\u00bbon|tablet\u00a0\u00bb custom_padding=\u00a0\u00bb4%|5%|0%|5%|false|true\u00a0\u00bb custom_padding_tablet=\u00a0\u00bb7%||||false|true\u00a0\u00bb custom_padding_phone=\u00a0\u00bb10%||||false|true\u00a0\u00bb border_radii=\u00a0\u00bboff||||\u00a0\u00bb locked=\u00a0\u00bboff\u00a0\u00bb global_colors_info=\u00a0\u00bb{}\u00a0\u00bb][et_pb_column type=\u00a0\u00bb4_4&Prime; _builder_version=\u00a0\u00bb4.27.3&Prime; _module_preset=\u00a0\u00bbdefault\u00a0\u00bb global_colors_info=\u00a0\u00bb{}\u00a0\u00bb][et_pb_accordion open_toggle_background_color=\u00a0\u00bbgcid-5cc9a9f1-1cf6-4e03-9c03-23ab989100e0&Prime; icon_color=\u00a0\u00bbgcid-ef4e245a-162a-48e8-976d-1f0669a09958&Prime; _builder_version=\u00a0\u00bb4.27.6&Prime; _module_preset=\u00a0\u00bbdefault\u00a0\u00bb max_width=\u00a0\u00bb90%\u00a0\u00bb module_alignment=\u00a0\u00bbcenter\u00a0\u00bb custom_margin=\u00a0\u00bb||40px|||\u00a0\u00bb global_colors_info=\u00a0\u00bb{%22gcid-ef4e245a-162a-48e8-976d-1f0669a09958%22:%91%22icon_color%22%93,%22gcid-5cc9a9f1-1cf6-4e03-9c03-23ab989100e0%22:%91%22open_toggle_background_color%22%93}\u00a0\u00bb][et_pb_accordion_item title=\u00a0\u00bb%91DO NOT DELETE%93&Prime; open=\u00a0\u00bbon\u00a0\u00bb _builder_version=\u00a0\u00bb4.27.4&Prime; _module_preset=\u00a0\u00bbdefault\u00a0\u00bb body_font=\u00a0\u00bb||||||||\u00a0\u00bb background_color=\u00a0\u00bbgcid-2b01b125-6b38-4b9f-9cc1-28a45bc9d8b3&Prime; background_enable_color=\u00a0\u00bbon\u00a0\u00bb custom_css_free_form=\u00a0\u00bbselector {||  display: none;||}\u00a0\u00bb border_radii=\u00a0\u00bbon|10px|10px|10px|10px\u00a0\u00bb border_color_all=\u00a0\u00bbgcid-2b01b125-6b38-4b9f-9cc1-28a45bc9d8b3&Prime; global_colors_info=\u00a0\u00bb{%22gcid-77784515-52da-45c3-b038-e5c2d51b4bf9%22:%91%22toggle_text_color%22%93,%22gcid-2b01b125-6b38-4b9f-9cc1-28a45bc9d8b3%22:%91%22border_color_all%22,%22background_color%22%93}\u00a0\u00bb toggle_text_color=\u00a0\u00bbgcid-77784515-52da-45c3-b038-e5c2d51b4bf9&Prime; toggle_level=\u00a0\u00bbh2&Prime; toggle_font_size=\u00a0\u00bb1.8vw\u00a0\u00bb][\/et_pb_accordion_item][et_pb_accordion_item title=\u00a0\u00bbAutriche\u00a0\u00bb _builder_version=\u00a0\u00bb4.27.4&Prime; _module_preset=\u00a0\u00bbdefault\u00a0\u00bb body_font=\u00a0\u00bb||||||||\u00a0\u00bb background_color=\u00a0\u00bbgcid-2b01b125-6b38-4b9f-9cc1-28a45bc9d8b3&Prime; background_enable_color=\u00a0\u00bbon\u00a0\u00bb border_radii=\u00a0\u00bbon|10px|10px|10px|10px\u00a0\u00bb border_color_all=\u00a0\u00bbgcid-2b01b125-6b38-4b9f-9cc1-28a45bc9d8b3&Prime; global_colors_info=\u00a0\u00bb{%22gcid-77784515-52da-45c3-b038-e5c2d51b4bf9%22:%91%22toggle_text_color%22%93,%22gcid-2b01b125-6b38-4b9f-9cc1-28a45bc9d8b3%22:%91%22border_color_all%22,%22background_color%22%93}\u00a0\u00bb toggle_text_color=\u00a0\u00bbgcid-77784515-52da-45c3-b038-e5c2d51b4bf9&Prime; toggle_level=\u00a0\u00bbh2&Prime; toggle_font_size=\u00a0\u00bb1.8vw\u00a0\u00bb open=\u00a0\u00bboff\u00a0\u00bb]<\/p>\n<p>La ministre de l&rsquo;environnement Leonore Gewessler a lanc\u00e9 le <a href=\"https:\/\/www.euwid-recycling.com\/news\/policy\/single\/Artikel\/austria-plans-deposit-for-single-use-beverage-containers-brquota-for-refillable-bottles.html\" target=\"_blank\" rel=\"noopener\">7 septembre 2020<\/a> le <a href=\"https:\/\/www.diepresse.com\/5863472\/gewessler-setzt-im-kampf-gegen-plastikmull-auf-pfand-und-abgabe\" target=\"_blank\" rel=\"noopener\">plan en 3 parties du gouvernement autrichien<\/a> pour mettre fin aux d\u00e9chets plastiques. En Octobre 2021, la <a href=\"https:\/\/www.bottlebill.org\/index.php\/current-and-proposed-laws\/worldwide\/austria\" target=\"_blank\" rel=\"noopener\">loi sur les emballages \u00e0 usage unique a \u00e9t\u00e9 adopt\u00e9e<\/a>. Elle pr\u00e9voit un syst\u00e8me de consigne sur les emballages de boissons \u00e0 usage unique, les bouteilles en PET et canettes.<\/p>\n<p>Le 8 septembre 2022, L\u00e9onore Gewessler a annonc\u00e9 que le syst\u00e8me sera op\u00e9rationnel en 2025. Le montant de la consigne sera de 0,25\u20ac sur tous les emballages entre 0,1 et 3 litres. Il n\u2019y a qu\u2019une exception, pour le lait, en raison de sa nature p\u00e9rissable.<\/p>\n<p>Les emballages de boissons pourront \u00eatre remis dans tous les points de vente ainsi que dans les gares et les centres de collecte de mat\u00e9riaux usag\u00e9s. \u201cL\u2019objectif est de cr\u00e9er le meilleur et le plus efficace syst\u00e8me de consigne en Europe\u201d, a <a href=\"https:\/\/www.diepresse.com\/6187028\/25-cent-pfand-pro-flasche-und-dose-ab-2025-in-oesterreich\" target=\"_blank\" rel=\"noopener\">d\u00e9clar\u00e9<\/a> la ministre du climat. En outre, le gouvernement autrichien des conservateurs et des verts souhaite exiger que 25% des boissons soient vendues dans des bouteilles r\u00e9utilisables \u00e0 partir de 2023, puis 40% en 2025 et 55% en 2030. Un <a href=\"https:\/\/www.researchaffairs.at\/\" target=\"_blank\" rel=\"noopener\">sondage d&rsquo;opinion<\/a> r\u00e9alis\u00e9 par Research Affairs en ao\u00fbt 2020 montre que 81 % des Autrichiens sont favorables \u00e0 une consigne sur les bouteilles en PET et 76 % \u00e0 l&rsquo;introduction d&rsquo;une consigne sur les canettes.<\/p>\n<p>[\/et_pb_accordion_item][et_pb_accordion_item title=\u00a0\u00bbHongrie\u00a0\u00bb _builder_version=\u00a0\u00bb4.27.4&Prime; _module_preset=\u00a0\u00bbdefault\u00a0\u00bb body_font=\u00a0\u00bb||||||||\u00a0\u00bb background_color=\u00a0\u00bbgcid-2b01b125-6b38-4b9f-9cc1-28a45bc9d8b3&Prime; background_enable_color=\u00a0\u00bbon\u00a0\u00bb border_radii=\u00a0\u00bbon|10px|10px|10px|10px\u00a0\u00bb border_color_all=\u00a0\u00bbgcid-2b01b125-6b38-4b9f-9cc1-28a45bc9d8b3&Prime; global_colors_info=\u00a0\u00bb{%22gcid-77784515-52da-45c3-b038-e5c2d51b4bf9%22:%91%22toggle_text_color%22%93,%22gcid-2b01b125-6b38-4b9f-9cc1-28a45bc9d8b3%22:%91%22border_color_all%22,%22background_color%22%93}\u00a0\u00bb toggle_text_color=\u00a0\u00bbgcid-77784515-52da-45c3-b038-e5c2d51b4bf9&Prime; toggle_level=\u00a0\u00bbh2&Prime; toggle_font_size=\u00a0\u00bb1.8vw\u00a0\u00bb open=\u00a0\u00bboff\u00a0\u00bb]<\/p>\n<p>Depuis le 1er Janvier 2024, la Hongrie a \u00e9galement introduit la consigne. Le syst\u00e8me, op\u00e9r\u00e9 par l&rsquo;op\u00e9rateur syst\u00e8me <a href=\"https:\/\/mohu.hu\/\" target=\"_blank\" rel=\"noopener\">MOHU<\/a> (MOL Hullad\u00e9kgazd\u00e1lkod\u00e1si Zrt.). Le syst\u00e8me couvre les boissons dans des emballages \u00e0 usage unique en m\u00e9tal, bouteilles en verre et plastique, d&rsquo;une contenance comprise entre 0,1 litre et 3 litres. (produits laitiers exclus). Les consommateurs paient une consigne de 50 forints hongrois (environ 0,13 \u20ac) lors de l&rsquo;achat d&rsquo;une boisson \u00e9ligible, Tous points de vente de plus de 400 m2 doit accepter les emballages. De nombreux autres points participent \u00e9galement \u00e0 a reprise de mani\u00e8re manuelle.<\/p>\n<p>[\/et_pb_accordion_item][et_pb_accordion_item title=\u00a0\u00bbIrlande\u00a0\u00bb _builder_version=\u00a0\u00bb4.27.4&Prime; _module_preset=\u00a0\u00bbdefault\u00a0\u00bb body_font=\u00a0\u00bb||||||||\u00a0\u00bb background_color=\u00a0\u00bbgcid-2b01b125-6b38-4b9f-9cc1-28a45bc9d8b3&Prime; background_enable_color=\u00a0\u00bbon\u00a0\u00bb border_radii=\u00a0\u00bbon|10px|10px|10px|10px\u00a0\u00bb border_color_all=\u00a0\u00bbgcid-2b01b125-6b38-4b9f-9cc1-28a45bc9d8b3&Prime; global_colors_info=\u00a0\u00bb{%22gcid-77784515-52da-45c3-b038-e5c2d51b4bf9%22:%91%22toggle_text_color%22%93,%22gcid-2b01b125-6b38-4b9f-9cc1-28a45bc9d8b3%22:%91%22border_color_all%22,%22background_color%22%93}\u00a0\u00bb toggle_text_color=\u00a0\u00bbgcid-77784515-52da-45c3-b038-e5c2d51b4bf9&Prime; toggle_level=\u00a0\u00bbh2&Prime; toggle_font_size=\u00a0\u00bb1.8vw\u00a0\u00bb open=\u00a0\u00bboff\u00a0\u00bb]<\/p>\n<p>En Irlande, le gouvernement compos\u00e9 des conservateurs, des chr\u00e9tiens-d\u00e9mocrates, des lib\u00e9raux et des verts a annonc\u00e9 en septembre 2020 qu&rsquo;une consigne sera introduite au troisi\u00e8me trimestre de 2022. Malgr\u00e9 un retard de plus d&rsquo;un an dans l&rsquo;introduction du syst\u00e8me, les canettes et bouteilles en plastique sont d\u00e9sormais \u00e9galement consign\u00e9es et peuvent \u00eatre rapport\u00e9es en magasin depuis le <strong>1er F\u00e9vrier 2024<\/strong>. Le syst\u00e8me est g\u00e9r\u00e9 par l&rsquo;op\u00e9rateur syst\u00e8me <a href=\"https:\/\/re-turn.ie\/\" target=\"_blank\" rel=\"noopener\">Re-turn<\/a>.<\/p>\n<p>[\/et_pb_accordion_item][et_pb_accordion_item title=\u00a0\u00bbLettonie\u00a0\u00bb _builder_version=\u00a0\u00bb4.27.4&Prime; _module_preset=\u00a0\u00bbdefault\u00a0\u00bb body_font=\u00a0\u00bb||||||||\u00a0\u00bb background_color=\u00a0\u00bbgcid-2b01b125-6b38-4b9f-9cc1-28a45bc9d8b3&Prime; background_enable_color=\u00a0\u00bbon\u00a0\u00bb border_radii=\u00a0\u00bbon|10px|10px|10px|10px\u00a0\u00bb border_color_all=\u00a0\u00bbgcid-2b01b125-6b38-4b9f-9cc1-28a45bc9d8b3&Prime; global_colors_info=\u00a0\u00bb{%22gcid-77784515-52da-45c3-b038-e5c2d51b4bf9%22:%91%22toggle_text_color%22%93,%22gcid-2b01b125-6b38-4b9f-9cc1-28a45bc9d8b3%22:%91%22border_color_all%22,%22background_color%22%93}\u00a0\u00bb toggle_text_color=\u00a0\u00bbgcid-77784515-52da-45c3-b038-e5c2d51b4bf9&Prime; toggle_level=\u00a0\u00bbh2&Prime; toggle_font_size=\u00a0\u00bb1.8vw\u00a0\u00bb open=\u00a0\u00bboff\u00a0\u00bb]<\/p>\n<p>En Lettonie, le parlement a vot\u00e9 en octobre <b>2019<\/b> la loi sur les emballages qui introduit le syst\u00e8me de consigne. Il a<a href=\"https:\/\/www.baltictimes.com\/beverage_packaging_deposit_system_has_officially_launched\/\" target=\"_blank\" rel=\"noopener\"> d\u00e9but\u00e9 le 1er f\u00e9vrier 2022<\/a>. Le syst\u00e8me de consigne<a href=\"https:\/\/bnn-news.com\/packaging-deposit-system-in-latvia-the-cans-and-cannots-231493\" target=\"_blank\" rel=\"noopener\"> comprend<\/a> les emballages \u00e0 usage unique en verre, en plastique PET et en m\u00e9tal (canettes) remplis de boissons non alcoolis\u00e9es, tous types de bi\u00e8re et d&rsquo;autres boissons alcoolis\u00e9es jusqu&rsquo;\u00e0 6 %.<\/p>\n<p>Il inclut \u00e9galement des bouteilles en verre r\u00e9utilisables qui sont standardis\u00e9es (un mod\u00e8le transparant et un mod\u00e8le ambr\u00e9). Le nettoyage de ces emballages est organis\u00e9 par l&rsquo;op\u00e9rateur syst\u00e8me <a href=\"https:\/\/depozitapunkts.lv\" target=\"_blank\" rel=\"noopener\">Depoz\u012bta Punkts<\/a>.<\/p>\n<p>[\/et_pb_accordion_item][et_pb_accordion_item title=\u00a0\u00bbLituanie\u00a0\u00bb _builder_version=\u00a0\u00bb4.27.4&Prime; _module_preset=\u00a0\u00bbdefault\u00a0\u00bb body_font=\u00a0\u00bb||||||||\u00a0\u00bb background_color=\u00a0\u00bbgcid-2b01b125-6b38-4b9f-9cc1-28a45bc9d8b3&Prime; background_enable_color=\u00a0\u00bbon\u00a0\u00bb border_radii=\u00a0\u00bbon|10px|10px|10px|10px\u00a0\u00bb border_color_all=\u00a0\u00bbgcid-2b01b125-6b38-4b9f-9cc1-28a45bc9d8b3&Prime; global_colors_info=\u00a0\u00bb{%22gcid-77784515-52da-45c3-b038-e5c2d51b4bf9%22:%91%22toggle_text_color%22%93,%22gcid-2b01b125-6b38-4b9f-9cc1-28a45bc9d8b3%22:%91%22border_color_all%22,%22background_color%22%93}\u00a0\u00bb toggle_text_color=\u00a0\u00bbgcid-77784515-52da-45c3-b038-e5c2d51b4bf9&Prime; toggle_level=\u00a0\u00bbh2&Prime; toggle_font_size=\u00a0\u00bb1.8vw\u00a0\u00bb open=\u00a0\u00bboff\u00a0\u00bb]<\/p>\n<p>La Lituanie a promulgu\u00e9 en f\u00e9vrier <b>2016<\/b> la loi mettant en place la consigne pour les canettes et les bouteilles \u00e0 usage unique. La consigne est la m\u00eame pour tous les emballages et s&rsquo;\u00e9l\u00e8ve \u00e0 0,10 \u20ac par bouteille ou canette. Le syst\u00e8me de consigne est g\u00e9r\u00e9 par<a href=\"https:\/\/grazintiverta.lt\/apie\/26\" target=\"_blank\" rel=\"noopener\"> U\u017estato Sistemos Administratorius<\/a>. Le taux de retour des bouteilles en plastique a depuis augment\u00e9 de<a href=\"https:\/\/www.openaccessgovernment.org\/recycling-lithuania-deposit-system-exceeds-all-expectations\/45003\/\" target=\"_blank\" rel=\"noopener\"> fa\u00e7on spectaculaire<\/a> : il \u00e9tait de 34% avant le syst\u00e8me de consigne, de 74% fin 2016, de 92% fin 2017 et de<a href=\"https:\/\/www.openaccessgovernment.org\/recycling-lithuania-deposit-system-exceeds-all-expectations\/45003\/\" target=\"_blank\" rel=\"noopener\"> 93% en 2018<\/a>. La consigne a \u00e9t\u00e9 introduite sous le<a href=\"https:\/\/fr.wikipedia.org\/wiki\/Gouvernement_Butkevi%C4%8Dius\" target=\"_blank\" rel=\"noopener\"> gouvernement Butkevi\u010dius<\/a>, compos\u00e9 de socialistes, de lib\u00e9raux, de conservateurs et de d\u00e9mocrates chr\u00e9tiens.<\/p>\n<p>[\/et_pb_accordion_item][et_pb_accordion_item title=\u00a0\u00bbMalte\u00a0\u00bb _builder_version=\u00a0\u00bb4.27.4&Prime; _module_preset=\u00a0\u00bbdefault\u00a0\u00bb body_font=\u00a0\u00bb||||||||\u00a0\u00bb background_color=\u00a0\u00bbgcid-2b01b125-6b38-4b9f-9cc1-28a45bc9d8b3&Prime; background_enable_color=\u00a0\u00bbon\u00a0\u00bb border_radii=\u00a0\u00bbon|10px|10px|10px|10px\u00a0\u00bb border_color_all=\u00a0\u00bbgcid-2b01b125-6b38-4b9f-9cc1-28a45bc9d8b3&Prime; global_colors_info=\u00a0\u00bb{%22gcid-77784515-52da-45c3-b038-e5c2d51b4bf9%22:%91%22toggle_text_color%22%93,%22gcid-2b01b125-6b38-4b9f-9cc1-28a45bc9d8b3%22:%91%22border_color_all%22,%22background_color%22%93}\u00a0\u00bb toggle_text_color=\u00a0\u00bbgcid-77784515-52da-45c3-b038-e5c2d51b4bf9&Prime; toggle_level=\u00a0\u00bbh2&Prime; toggle_font_size=\u00a0\u00bb1.8vw\u00a0\u00bb open=\u00a0\u00bboff\u00a0\u00bb]<\/p>\n<p>\u00c0 Malte, la r\u00e9glementation sur la consigne des emballages de boissons est entr\u00e9e en vigueur le 31 juillet <strong>2020<\/strong>. Le syst\u00e8me a vu le jour le <a href=\"https:\/\/packagingeurope.com\/news\/malta-becomes-latest-country-to-launch-deposit-return-scheme\/9086.article\" target=\"_blank\" rel=\"noopener\">14 novembre 2022<\/a>. Le montant de la consigne est de 0,10\u20ac\u00a0 pour toutes les canettes en aluminium et en acier ainsi que les bouteilles en verre et en PET d&rsquo;une capacit\u00e9 comprise entre 0,1 et 3 litres. Les produits laitiers, les jus de fruits, le vin et les alcools sup\u00e9rieurs \u00e0 5,0 % d&rsquo;alcool par volume sont pour le moment exempts de ce syst\u00e8me.<\/p>\n<p>[\/et_pb_accordion_item][et_pb_accordion_item title=\u00a0\u00bbPays-Bas\u00a0\u00bb _builder_version=\u00a0\u00bb4.27.6&Prime; _module_preset=\u00a0\u00bbdefault\u00a0\u00bb body_font=\u00a0\u00bb||||||||\u00a0\u00bb background_color=\u00a0\u00bbgcid-2b01b125-6b38-4b9f-9cc1-28a45bc9d8b3&Prime; background_enable_color=\u00a0\u00bbon\u00a0\u00bb border_radii=\u00a0\u00bbon|10px|10px|10px|10px\u00a0\u00bb border_color_all=\u00a0\u00bbgcid-2b01b125-6b38-4b9f-9cc1-28a45bc9d8b3&Prime; global_colors_info=\u00a0\u00bb{%22gcid-77784515-52da-45c3-b038-e5c2d51b4bf9%22:%91%22toggle_text_color%22%93,%22gcid-2b01b125-6b38-4b9f-9cc1-28a45bc9d8b3%22:%91%22border_color_all%22,%22background_color%22%93}\u00a0\u00bb toggle_text_color=\u00a0\u00bbgcid-77784515-52da-45c3-b038-e5c2d51b4bf9&Prime; toggle_level=\u00a0\u00bbh2&Prime; toggle_font_size=\u00a0\u00bb1.8vw\u00a0\u00bb open=\u00a0\u00bboff\u00a0\u00bb]<\/p>\n<p>Aux Pays-Bas<b>, <\/b>le gouvernement <a href=\"https:\/\/nl.wikipedia.org\/wiki\/Kabinet-Rutte_III\" target=\"_blank\" rel=\"noopener\">Rutte III<\/a> (lib\u00e9raux des partis VVD et D66, chr\u00e9tiens-d\u00e9mocrates du CDA et CU) a d\u00e9cid\u00e9 en avril <strong>2020<\/strong> le lancement de la consigne sur les petites bouteilles en plastique d\u00e8s le 1er juillet 2021. Le gouvernement n\u00e9erlandais \u00e9tend ainsi le syst\u00e8me de consigne pr\u00e9sent sur les grandes bouteilles en plastique \u00e0 l\u2019ensemble des bouteilles en plastique. Les producteurs de boissons <a href=\"https:\/\/www.cocacolanederland.nl\/leer-ons-kennen\/nieuws-en-pers\/onze-reactie-op-uitbreiding-statiegeld-op-kleine-pet-flessen-\" target=\"_blank\" rel=\"noopener\">Coca-Cola Pays-Bas<\/a> et <a href=\"https:\/\/www.distrifood.nl\/fabrikanten\/nieuws\/2019\/09\/waterfabrikant-spadel-wil-ook-statiegeld-op-flesjes-101127243\" target=\"_blank\" rel=\"noopener\">Spadel Pays-Bas<\/a> ont montr\u00e9 leur soutien \u00e0 l\u2019expansion du syst\u00e8me. Puisque la consigne garantit la qualit\u00e9 du plastique et un recyclage suffisant du PET, <a href=\"https:\/\/www.sciencetimes.com\/articles\/27274\/20200912\/coca-cola-uses-100-recycled-plastic-bottles-netherlands-norway.htm\" target=\"_blank\" rel=\"noopener\">Coca-Cola a choisi les Pays-Bas<\/a> comme second pays o\u00f9 elle mettra en vente des bouteilles en plastique 100% recycl\u00e9.<\/p>\n<p>La consigne a rapidement donn\u00e9 des r\u00e9sultats en termes de propret\u00e9. Seulement six mois apr\u00e8s l\u2019introduction de la consigne sur les petites bouteilles, le minist\u00e8re du Rijkswaterstaat comptait d\u00e9j\u00e0 une diminution de <a href=\"https:\/\/www.tweedekamer.nl\/kamerstukken\/brieven_regering\/detail?id=2022Z06559&amp;did=2022D13380\" target=\"_blank\" rel=\"noopener\">41%<\/a>\u00a0des petites bouteilles dans la nature entre d\u00e9cembre 2021 et 2022.<\/p>\n<p>En f\u00e9vrier 2021, le gouvernement hollandais a d\u00e9cid\u00e9 d\u2019introduire la consigne sur les canettes. Le syst\u00e8me devait d\u00e9marrer le 31 d\u00e9cembre 2022. Finalement, suite \u00e0 une <a href=\"https:\/\/fairresourcefoundation.org\/fr\/lindustrie-a-elle-meme-sabote-lintroduction-de-la-consigne-sur-les-canettes-mais-le-conseil-detat-accorde-encore-un-report-de-cette-mesure\/\">annonce unilat\u00e9rale<\/a> de l&rsquo;industrie, l&rsquo;expansion a eu lieu le 1er Avril 2023. L&rsquo;impact sur les d\u00e9chets sauvages est d\u00e9j\u00e0 prouv\u00e9, malgr\u00e9 les difficult\u00e9s rencontr\u00e9es.<\/p>\n<p>[\/et_pb_accordion_item][et_pb_accordion_item title=\u00a0\u00bbPologne\u00a0\u00bb _builder_version=\u00a0\u00bb4.27.4&Prime; _module_preset=\u00a0\u00bbdefault\u00a0\u00bb body_font=\u00a0\u00bb||||||||\u00a0\u00bb background_color=\u00a0\u00bbgcid-2b01b125-6b38-4b9f-9cc1-28a45bc9d8b3&Prime; background_enable_color=\u00a0\u00bbon\u00a0\u00bb border_radii=\u00a0\u00bbon|10px|10px|10px|10px\u00a0\u00bb border_color_all=\u00a0\u00bbgcid-2b01b125-6b38-4b9f-9cc1-28a45bc9d8b3&Prime; global_colors_info=\u00a0\u00bb{%22gcid-77784515-52da-45c3-b038-e5c2d51b4bf9%22:%91%22toggle_text_color%22%93,%22gcid-2b01b125-6b38-4b9f-9cc1-28a45bc9d8b3%22:%91%22border_color_all%22,%22background_color%22%93}\u00a0\u00bb toggle_text_color=\u00a0\u00bbgcid-77784515-52da-45c3-b038-e5c2d51b4bf9&Prime; toggle_level=\u00a0\u00bbh2&Prime; toggle_font_size=\u00a0\u00bb1.8vw\u00a0\u00bb open=\u00a0\u00bboff\u00a0\u00bb]<\/p>\n<p>Le 2 juin 2022, le gouvernement polonais a <a href=\"https:\/\/wiadomosci-radiozet-pl.translate.goog\/Biznes\/System-kaucyjny-w-calym-kraju.-Zwrocimy-takze-puszki-i-butelki?_x_tr_sl=auto&amp;_x_tr_tl=en&amp;_x_tr_hl=en-US&amp;_x_tr_pto=wapp\" target=\"_blank\" rel=\"noopener\">d\u00e9cid\u00e9<\/a> qu&rsquo;\u00e0 partir de 2023, une consigne sera pr\u00e9lev\u00e9e sur les canettes et les bouteilles. Selon le ministre du Climat et de l&rsquo;Environnement, cette mesure est absolument n\u00e9cessaire dans la lutte contre les d\u00e9chets sauvages. Depuis le <a href=\"https:\/\/notesfrompoland.com\/2025\/10\/01\/poland-launches-deposit-refund-system-for-drinks-bottles-and-cans\/\" target=\"_blank\" rel=\"noopener\">1er octobre 2025<\/a>, le syst\u00e8me de consigne s&rsquo;applique aux bouteilles en verre jetables et r\u00e9utilisables jusqu&rsquo;\u00e0 1,5 litre, aux bouteilles en PET jusqu&rsquo;\u00e0 3 litres et aux canettes en aluminium jusqu&rsquo;\u00e0 1 litre. La consigne s&rsquo;\u00e9l\u00e8ve \u00e0 0,5 ou 1 z\u0142 (0,12 ou 0,23 \u20ac). Les magasins d&rsquo;une superficie sup\u00e9rieure \u00e0 200 m\u00b2 sont tenus de reprendre les bouteilles consign\u00e9es. Les points de vente plus petits peuvent participer volontairement au syst\u00e8me.<br \/>Une p\u00e9riode de transition est pr\u00e9vue et le syst\u00e8me devrait \u00eatre pleinement op\u00e9rationnel dans le courant de l&rsquo;ann\u00e9e 2026.<\/p>\n<p>Il devrait permettre d&rsquo;\u00e9conomiser <a href=\"https:\/\/www.reloopplatform.org\/wp-content\/uploads\/2023\/04\/Target-90-Report-Feb-16-2023.pdf\" target=\"_blank\" rel=\"noopener\">200 millions de tonnes de CO2<\/a> au cours de la prochaine d\u00e9cennie et rapporter 400 millions d&rsquo;euros \u00e0 l&rsquo;\u00e9conomie polonaise.<\/p>\n<p>[\/et_pb_accordion_item][et_pb_accordion_item title=\u00a0\u00bbPortugal\u00a0\u00bb _builder_version=\u00a0\u00bb4.27.6&Prime; _module_preset=\u00a0\u00bbdefault\u00a0\u00bb body_font=\u00a0\u00bb||||||||\u00a0\u00bb background_color=\u00a0\u00bbgcid-2b01b125-6b38-4b9f-9cc1-28a45bc9d8b3&Prime; background_enable_color=\u00a0\u00bbon\u00a0\u00bb border_radii=\u00a0\u00bbon|10px|10px|10px|10px\u00a0\u00bb border_color_all=\u00a0\u00bbgcid-2b01b125-6b38-4b9f-9cc1-28a45bc9d8b3&Prime; global_colors_info=\u00a0\u00bb{%22gcid-77784515-52da-45c3-b038-e5c2d51b4bf9%22:%91%22toggle_text_color%22%93,%22gcid-2b01b125-6b38-4b9f-9cc1-28a45bc9d8b3%22:%91%22border_color_all%22,%22background_color%22%93}\u00a0\u00bb toggle_text_color=\u00a0\u00bbgcid-77784515-52da-45c3-b038-e5c2d51b4bf9&Prime; toggle_level=\u00a0\u00bbh2&Prime; toggle_font_size=\u00a0\u00bb1.8vw\u00a0\u00bb open=\u00a0\u00bboff\u00a0\u00bb]<\/p>\n<p>Depuis le 10 avril 2026, le Portugal a officiellement lanc\u00e9 son syst\u00e8me de consigne pour les emballages de boissons, marquant une \u00e9tape majeure dans son engagement en faveur de la durabilit\u00e9. G\u00e9r\u00e9 par SDR Portugal, ce syst\u00e8me couvre les contenants en plastique et en m\u00e9tal jusqu\u2019\u00e0 3 litres, avec une consigne fix\u00e9e \u00e0 0,10 \u20ac par emballage. Apr\u00e8s une p\u00e9riode de transition de 120 jours, achev\u00e9e le 9 ao\u00fbt 2026, seuls les emballages portant le logo de la consigne sont d\u00e9sormais autoris\u00e9s \u00e0 la vente. Le d\u00e9ploiement inclut un r\u00e9seau de points de collecte \u00e0 haut volume, de bornes automatiques et d\u2019options de retour en magasin, garantissant un acc\u00e8s facile pour tous les consommateurs. Pour accompagner cette initiative, SDR Portugal a lanc\u00e9 une <a href=\"https:\/\/sdrportugal.pt\/\" target=\"_blank\" rel=\"noopener\">campagne nationale<\/a> de sensibilisation d\u00e8s janvier 2026, informant le public sur les avantages du syst\u00e8me et les modalit\u00e9s de participation. Cette mesure aligne le Portugal sur d\u2019autres leaders europ\u00e9ens en mati\u00e8re de recyclage et de r\u00e9duction des d\u00e9chets, renfor\u00e7ant l\u2019importance d\u2019une action collective dans la course vers une \u00e9conomie circulaire.<\/p>\n<p>[\/et_pb_accordion_item][et_pb_accordion_item title=\u00a0\u00bbRoumanie\u00a0\u00bb _builder_version=\u00a0\u00bb4.27.4&Prime; _module_preset=\u00a0\u00bbdefault\u00a0\u00bb body_font=\u00a0\u00bb||||||||\u00a0\u00bb background_color=\u00a0\u00bbgcid-2b01b125-6b38-4b9f-9cc1-28a45bc9d8b3&Prime; background_enable_color=\u00a0\u00bbon\u00a0\u00bb border_radii=\u00a0\u00bbon|10px|10px|10px|10px\u00a0\u00bb border_color_all=\u00a0\u00bbgcid-2b01b125-6b38-4b9f-9cc1-28a45bc9d8b3&Prime; global_colors_info=\u00a0\u00bb{%22gcid-77784515-52da-45c3-b038-e5c2d51b4bf9%22:%91%22toggle_text_color%22%93,%22gcid-2b01b125-6b38-4b9f-9cc1-28a45bc9d8b3%22:%91%22border_color_all%22,%22background_color%22%93}\u00a0\u00bb toggle_text_color=\u00a0\u00bbgcid-77784515-52da-45c3-b038-e5c2d51b4bf9&Prime; toggle_level=\u00a0\u00bbh2&Prime; toggle_font_size=\u00a0\u00bb1.8vw\u00a0\u00bb open=\u00a0\u00bboff\u00a0\u00bb]<\/p>\n<p>En octobre 2021, le gouvernement roumain a <a href=\"https:\/\/www.romania-insider.com\/packaging-return-system-ro-uncertain-jul-2022\" target=\"_blank\" rel=\"noopener\">d\u00e9cid\u00e9<\/a> d\u2019introduire un syst\u00e8me de consigne. Les consommateurs paieront une consigne de 0,50 RON (0,10 euro) \u00e0 l\u2019achat de boissons aupr\u00e8s des d\u00e9taillants. Depuis le 30 novembre 2023, le syst\u00e8me de consigne roumain couvre tous les emballages de boissons \u00e0 usage unique en verre, plastique et m\u00e9tal, d&rsquo;un volume compris entre 0,1 et 3 litres. Les emballages peuvent \u00eatre rapport\u00e9s dans tous point vendant des boissons. Le syst\u00e8me est g\u00e9r\u00e9 par l&rsquo;op\u00e9rateur syst\u00e8me <a href=\"https:\/\/returosgr.ro\/en\" target=\"_blank\" rel=\"noopener\">RetuRO<\/a>.<\/p>\n<p>[\/et_pb_accordion_item][et_pb_accordion_item title=\u00a0\u00bbSlovaquie\u00a0\u00bb _builder_version=\u00a0\u00bb4.27.4&Prime; _module_preset=\u00a0\u00bbdefault\u00a0\u00bb body_font=\u00a0\u00bb||||||||\u00a0\u00bb background_color=\u00a0\u00bbgcid-2b01b125-6b38-4b9f-9cc1-28a45bc9d8b3&Prime; background_enable_color=\u00a0\u00bbon\u00a0\u00bb border_radii=\u00a0\u00bbon|10px|10px|10px|10px\u00a0\u00bb border_color_all=\u00a0\u00bbgcid-2b01b125-6b38-4b9f-9cc1-28a45bc9d8b3&Prime; global_colors_info=\u00a0\u00bb{%22gcid-77784515-52da-45c3-b038-e5c2d51b4bf9%22:%91%22toggle_text_color%22%93,%22gcid-2b01b125-6b38-4b9f-9cc1-28a45bc9d8b3%22:%91%22border_color_all%22,%22background_color%22%93}\u00a0\u00bb toggle_text_color=\u00a0\u00bbgcid-77784515-52da-45c3-b038-e5c2d51b4bf9&Prime; toggle_level=\u00a0\u00bbh2&Prime; toggle_font_size=\u00a0\u00bb1.8vw\u00a0\u00bb open=\u00a0\u00bboff\u00a0\u00bb]<\/p>\n<p>En Slovaquie, le<a href=\"https:\/\/spectator.sme.sk\/c\/22210435\/slovakia-will-introduce-deposits-on-pet-bottles-and-cans-in-2022.html\" target=\"_blank\" rel=\"noopener\"> parlement a vot\u00e9<\/a> en septembre <b>2019<\/b> la loi instaurant un syst\u00e8me de consigne sur les bouteilles PET et canettes d\u00e8s 2022. Tous les magasins d&rsquo;une superficie sup\u00e9rieure \u00e0 300 m\u00e8tres carr\u00e9s doivent reprendre les emballages vides. La consigne est d\u2019un montant unique de 0,15 euros. Le syst\u00e8me, administr\u00e9 par l\u2019op\u00e9rateur<a href=\"https:\/\/www.slovenskozalohuje.sk\/\" target=\"_blank\" rel=\"noopener\"> Slovensko z\u00e1lohuje<\/a>, est en place d\u00e9sormais et a d\u00e9montr\u00e9 tout de suite des r\u00e9sultats impressionnants. <a href=\"https:\/\/www.tomra.com\/en\/reverse-vending\/media-center\/feature-articles\/slovakia-deposit-return-scheme\" target=\"_blank\" rel=\"noopener\">En seulement un an<\/a>, le taux de retour des emballages consign\u00e9s est pass\u00e9 de 60 \u00e0 70%.<\/p>\n<p>[\/et_pb_accordion_item][\/et_pb_accordion][et_pb_heading title=\u00a0\u00bbIntroduction de la consigne vot\u00e9e dans 6 zones\u00a0\u00bb _builder_version=\u00a0\u00bb4.27.6&Prime; _module_preset=\u00a0\u00bbdefault\u00a0\u00bb title_level=\u00a0\u00bbh2&Prime; title_text_color=\u00a0\u00bbgcid-ef4e245a-162a-48e8-976d-1f0669a09958&Prime; title_font_size=\u00a0\u00bb1.8vw\u00a0\u00bb global_colors_info=\u00a0\u00bb{%22gcid-ef4e245a-162a-48e8-976d-1f0669a09958%22:%91%22title_text_color%22%93}\u00a0\u00bb][\/et_pb_heading][\/et_pb_column][\/et_pb_row][et_pb_row column_structure=\u00a0\u00bb1_2,1_2&Prime; custom_padding_last_edited=\u00a0\u00bbon|phone\u00a0\u00bb _builder_version=\u00a0\u00bb4.27.4&Prime; _module_preset=\u00a0\u00bbdefault\u00a0\u00bb background_color=\u00a0\u00bb#FFFFFF\u00a0\u00bb z_index=\u00a0\u00bb99&Prime; width_tablet=\u00a0\u00bb90%\u00a0\u00bb width_phone=\u00a0\u00bb90%\u00a0\u00bb width_last_edited=\u00a0\u00bbon|phone\u00a0\u00bb max_width=\u00a0\u00bb80%\u00a0\u00bb max_width_tablet=\u00a0\u00bb90%\u00a0\u00bb max_width_phone=\u00a0\u00bb90%\u00a0\u00bb max_width_last_edited=\u00a0\u00bbon|tablet\u00a0\u00bb overflow-x=\u00a0\u00bbvisible\u00a0\u00bb overflow-y=\u00a0\u00bbvisible\u00a0\u00bb custom_margin=\u00a0\u00bb0px||||false|false\u00a0\u00bb custom_margin_tablet=\u00a0\u00bb-150px||||false|false\u00a0\u00bb custom_margin_phone=\u00a0\u00bb-100px||||false|false\u00a0\u00bb custom_margin_last_edited=\u00a0\u00bbon|tablet\u00a0\u00bb custom_padding=\u00a0\u00bb4%|5%|0%|5%|false|true\u00a0\u00bb custom_padding_tablet=\u00a0\u00bb7%||||false|true\u00a0\u00bb custom_padding_phone=\u00a0\u00bb10%||||false|true\u00a0\u00bb border_radii=\u00a0\u00bboff||||\u00a0\u00bb locked=\u00a0\u00bboff\u00a0\u00bb global_colors_info=\u00a0\u00bb{}\u00a0\u00bb][et_pb_column type=\u00a0\u00bb1_2&Prime; _builder_version=\u00a0\u00bb4.27.3&Prime; _module_preset=\u00a0\u00bbdefault\u00a0\u00bb global_colors_info=\u00a0\u00bb{}\u00a0\u00bb][et_pb_text _builder_version=\u00a0\u00bb4.27.4&Prime; _module_preset=\u00a0\u00bbdefault\u00a0\u00bb global_colors_info=\u00a0\u00bb{}\u00a0\u00bb]<\/p>\n<p>Au-del\u00e0 de l&rsquo;introduction effective du syst\u00e8me dans certains pays, d&rsquo;autres ont aussi avanc\u00e9 dans son introduction en votant l&rsquo;introduction. Ces pays sont dans la face de pr\u00e9paration au lancement : nomination d&rsquo;un op\u00e9rateur syst\u00e8me, organisation de la collecte, planification des modalit\u00e9s du syst\u00e8me &#8230;<\/p>\n<p>[\/et_pb_text][\/et_pb_column][et_pb_column type=\u00a0\u00bb1_2&Prime; _builder_version=\u00a0\u00bb4.27.3&Prime; _module_preset=\u00a0\u00bbdefault\u00a0\u00bb global_colors_info=\u00a0\u00bb{}\u00a0\u00bb][et_pb_image src=\u00a0\u00bbhttps:\/\/fairresourcefoundation.org\/wp-content\/uploads\/2022\/09\/Map_2026_FRF_FR_vote.png\u00a0\u00bb title_text=\u00a0\u00bbMap_2026_FRF_FR_vote\u00a0\u00bb _builder_version=\u00a0\u00bb4.27.6&Prime; _module_preset=\u00a0\u00bbdefault\u00a0\u00bb border_radii=\u00a0\u00bbon|20px|20px|20px|20px\u00a0\u00bb global_colors_info=\u00a0\u00bb{}\u00a0\u00bb][\/et_pb_image][\/et_pb_column][\/et_pb_row][et_pb_row custom_padding_last_edited=\u00a0\u00bbon|phone\u00a0\u00bb _builder_version=\u00a0\u00bb4.27.4&Prime; _module_preset=\u00a0\u00bbdefault\u00a0\u00bb background_color=\u00a0\u00bb#FFFFFF\u00a0\u00bb z_index=\u00a0\u00bb99&Prime; width_tablet=\u00a0\u00bb90%\u00a0\u00bb width_phone=\u00a0\u00bb90%\u00a0\u00bb width_last_edited=\u00a0\u00bbon|phone\u00a0\u00bb max_width=\u00a0\u00bb80%\u00a0\u00bb max_width_tablet=\u00a0\u00bb90%\u00a0\u00bb max_width_phone=\u00a0\u00bb90%\u00a0\u00bb max_width_last_edited=\u00a0\u00bbon|tablet\u00a0\u00bb overflow-x=\u00a0\u00bbvisible\u00a0\u00bb overflow-y=\u00a0\u00bbvisible\u00a0\u00bb custom_margin=\u00a0\u00bb0px||||false|false\u00a0\u00bb custom_margin_tablet=\u00a0\u00bb-150px||||false|false\u00a0\u00bb custom_margin_phone=\u00a0\u00bb-100px||||false|false\u00a0\u00bb custom_margin_last_edited=\u00a0\u00bbon|tablet\u00a0\u00bb custom_padding=\u00a0\u00bb4%|5%|0%|5%|false|true\u00a0\u00bb custom_padding_tablet=\u00a0\u00bb7%||||false|true\u00a0\u00bb custom_padding_phone=\u00a0\u00bb10%||||false|true\u00a0\u00bb border_radii=\u00a0\u00bboff||||\u00a0\u00bb locked=\u00a0\u00bboff\u00a0\u00bb global_colors_info=\u00a0\u00bb{}\u00a0\u00bb][et_pb_column type=\u00a0\u00bb4_4&Prime; _builder_version=\u00a0\u00bb4.27.3&Prime; _module_preset=\u00a0\u00bbdefault\u00a0\u00bb global_colors_info=\u00a0\u00bb{}\u00a0\u00bb][et_pb_accordion icon_color=\u00a0\u00bbgcid-ef4e245a-162a-48e8-976d-1f0669a09958&Prime; _builder_version=\u00a0\u00bb4.27.6&Prime; _module_preset=\u00a0\u00bbdefault\u00a0\u00bb max_width=\u00a0\u00bb90%\u00a0\u00bb module_alignment=\u00a0\u00bbcenter\u00a0\u00bb custom_margin=\u00a0\u00bb||40px|||\u00a0\u00bb global_colors_info=\u00a0\u00bb{%22gcid-ef4e245a-162a-48e8-976d-1f0669a09958%22:%91%22icon_color%22%93}\u00a0\u00bb][et_pb_accordion_item title=\u00a0\u00bb%91DO NOT DELETE%93&Prime; open=\u00a0\u00bbon\u00a0\u00bb _builder_version=\u00a0\u00bb4.27.4&Prime; _module_preset=\u00a0\u00bbdefault\u00a0\u00bb body_font=\u00a0\u00bb||||||||\u00a0\u00bb background_color=\u00a0\u00bbgcid-2b01b125-6b38-4b9f-9cc1-28a45bc9d8b3&Prime; background_enable_color=\u00a0\u00bbon\u00a0\u00bb custom_css_free_form=\u00a0\u00bbselector {||  display: none;||}\u00a0\u00bb border_radii=\u00a0\u00bbon|10px|10px|10px|10px\u00a0\u00bb border_color_all=\u00a0\u00bbgcid-2b01b125-6b38-4b9f-9cc1-28a45bc9d8b3&Prime; global_colors_info=\u00a0\u00bb{%22gcid-77784515-52da-45c3-b038-e5c2d51b4bf9%22:%91%22toggle_text_color%22%93,%22gcid-2b01b125-6b38-4b9f-9cc1-28a45bc9d8b3%22:%91%22border_color_all%22,%22background_color%22%93}\u00a0\u00bb toggle_text_color=\u00a0\u00bbgcid-77784515-52da-45c3-b038-e5c2d51b4bf9&Prime; toggle_level=\u00a0\u00bbh2&Prime; toggle_font_size=\u00a0\u00bb1.8vw\u00a0\u00bb][\/et_pb_accordion_item][et_pb_accordion_item title=\u00a0\u00bbEspagne\u00a0\u00bb _builder_version=\u00a0\u00bb4.27.4&Prime; _module_preset=\u00a0\u00bbdefault\u00a0\u00bb body_font=\u00a0\u00bb||||||||\u00a0\u00bb background_color=\u00a0\u00bbgcid-2b01b125-6b38-4b9f-9cc1-28a45bc9d8b3&Prime; background_enable_color=\u00a0\u00bbon\u00a0\u00bb border_radii=\u00a0\u00bbon|10px|10px|10px|10px\u00a0\u00bb border_color_all=\u00a0\u00bbgcid-2b01b125-6b38-4b9f-9cc1-28a45bc9d8b3&Prime; global_colors_info=\u00a0\u00bb{%22gcid-77784515-52da-45c3-b038-e5c2d51b4bf9%22:%91%22toggle_text_color%22%93,%22gcid-2b01b125-6b38-4b9f-9cc1-28a45bc9d8b3%22:%91%22border_color_all%22,%22background_color%22%93}\u00a0\u00bb toggle_text_color=\u00a0\u00bbgcid-77784515-52da-45c3-b038-e5c2d51b4bf9&Prime; toggle_level=\u00a0\u00bbh2&Prime; toggle_font_size=\u00a0\u00bb1.8vw\u00a0\u00bb open=\u00a0\u00bboff\u00a0\u00bb]<\/p>\n<p>Le d\u00e9cret Emballage et D\u00e9chets d&#8217;emballage espagnol (<a href=\"https:\/\/www.boe.es\/buscar\/act.php?id=BOE-A-2022-22690\" target=\"_blank\" rel=\"noopener\">1055\/2022<\/a>), stipulait que l&rsquo;Espagne devrait introduire un syst\u00e8me de consigne, si elle ne parvenait pas \u00e0 atteindre 70% de collecte s\u00e9lective des bouteilles en plastique en 2023. Avec des taux proches des 41%,\u00a0 le gouvernement espagnol a <a href=\"https:\/\/www.miteco.gob.es\/content\/dam\/miteco\/es\/calidad-y-evaluacion-ambiental\/sgecocir\/plasticos--sup\/INFORME%20RECOGIDA%20SEPARADA%20BOTELLAS%20SUP%20A%C3%91O%202023_.pdf\" target=\"_blank\" rel=\"noopener\">annonc\u00e9<\/a> en Novembre 2024 que le syst\u00e8me verrait bien le jour sous deux ans. Les <strong>bouteilles en plastique<\/strong> mais \u00e9galement les <strong>canettes et cartons de boisson<\/strong> (type TetraPak) seront consign\u00e9s.<\/p>\n<p>[\/et_pb_accordion_item][et_pb_accordion_item title=\u00a0\u00bbGr\u00e8ce\u00a0\u00bb _builder_version=\u00a0\u00bb4.27.4&Prime; _module_preset=\u00a0\u00bbdefault\u00a0\u00bb body_font=\u00a0\u00bb||||||||\u00a0\u00bb background_color=\u00a0\u00bbgcid-2b01b125-6b38-4b9f-9cc1-28a45bc9d8b3&Prime; background_enable_color=\u00a0\u00bbon\u00a0\u00bb border_radii=\u00a0\u00bbon|10px|10px|10px|10px\u00a0\u00bb border_color_all=\u00a0\u00bbgcid-2b01b125-6b38-4b9f-9cc1-28a45bc9d8b3&Prime; global_colors_info=\u00a0\u00bb{%22gcid-77784515-52da-45c3-b038-e5c2d51b4bf9%22:%91%22toggle_text_color%22%93,%22gcid-2b01b125-6b38-4b9f-9cc1-28a45bc9d8b3%22:%91%22border_color_all%22,%22background_color%22%93}\u00a0\u00bb toggle_text_color=\u00a0\u00bbgcid-77784515-52da-45c3-b038-e5c2d51b4bf9&Prime; toggle_level=\u00a0\u00bbh2&Prime; toggle_font_size=\u00a0\u00bb1.8vw\u00a0\u00bb open=\u00a0\u00bboff\u00a0\u00bb]<\/p>\n<p>En mai 2021, le groupe de recherche Eunomia et l\u2019Association des\u00a0 fabricants grecs d&#8217;emballages et de mat\u00e9riaux ont appel\u00e9 le gouvernement grec <a href=\"https:\/\/resource.co\/article\/drs-fundamental-greece-reaching-recycling-targets\" target=\"_blank\" rel=\"noopener\">\u00e0 introduire un syst\u00e8me de consigne dans le pays<\/a>. La Gr\u00e8ce s\u2019est engag\u00e9e \u00e0 introduire un <a href=\"https:\/\/www.oecd.org\/environment\/ministerial\/outcomes\/Environment-Ministers-commitments-on-plastics.pdf\" target=\"_blank\" rel=\"noopener\">syst\u00e8me de consigne national<\/a> \u00e0 partir\u00a0 de juillet 2023, dans le cadre de la nouvelle l\u00e9gislation nationale en mati\u00e8re de d\u00e9chets, recyclage et \u00e9conomie circulaire.<\/p>\n<p>[\/et_pb_accordion_item][et_pb_accordion_item title=\u00a0\u00bbLuxembourg\u00a0\u00bb _builder_version=\u00a0\u00bb4.27.4&Prime; _module_preset=\u00a0\u00bbdefault\u00a0\u00bb body_font=\u00a0\u00bb||||||||\u00a0\u00bb background_color=\u00a0\u00bbgcid-2b01b125-6b38-4b9f-9cc1-28a45bc9d8b3&Prime; background_enable_color=\u00a0\u00bbon\u00a0\u00bb border_radii=\u00a0\u00bbon|10px|10px|10px|10px\u00a0\u00bb border_color_all=\u00a0\u00bbgcid-2b01b125-6b38-4b9f-9cc1-28a45bc9d8b3&Prime; global_colors_info=\u00a0\u00bb{%22gcid-77784515-52da-45c3-b038-e5c2d51b4bf9%22:%91%22toggle_text_color%22%93,%22gcid-2b01b125-6b38-4b9f-9cc1-28a45bc9d8b3%22:%91%22border_color_all%22,%22background_color%22%93}\u00a0\u00bb toggle_text_color=\u00a0\u00bbgcid-77784515-52da-45c3-b038-e5c2d51b4bf9&Prime; toggle_level=\u00a0\u00bbh2&Prime; toggle_font_size=\u00a0\u00bb1.8vw\u00a0\u00bb open=\u00a0\u00bboff\u00a0\u00bb]<\/p>\n<p>Le Parlement luxembourgeois a<a href=\"https:\/\/www.wort.lu\/fr\/luxembourg\/ce-que-va-changer-la-loi-dechets-dans-notre-quotidien-62696717de135b9236eca271\" target=\"_blank\" rel=\"noopener\"> approuv\u00e9<\/a> la<a href=\"https:\/\/www.chd.lu\/wps\/PA_RoleDesAffaires\/FTSByteServingServletImpl?path=4BC1219423A6BBBA54E98E6227B6577FCB04D95FF4C2D8A7AFEB57C6E164512A9FCEB334B5C639F691AB93D45E899E30$8B8415DFF7EFFF5CC41D451FF2EC8431\" target=\"_blank\" rel=\"noopener\"> loi sur la consigne<\/a> le 5 mai 2022. Une consigne nationale unique sera d\u2019application sur tous les \u201c<i>emballages de boissons destin\u00e9es \u00e0 la consommation humaine qui sont mis sur le march\u00e9 luxembourgeois<\/i>\u201d. Le montant de la consigne variera entre 10 centimes et 1 euro, selon le type d&#8217;emballage. La loi pr\u00e9voit d\u00e9j\u00e0 une obligation de reprise des d\u00e9chets pour les responsables des emballages ou des d\u00e9chets d&#8217;emballages des consommateurs ou de tout autre utilisateur final. Certains \u00e9l\u00e9ments seront pr\u00e9cis\u00e9s dans un r\u00e8glement grand-ducal. Il s&rsquo;agit principalement du montant de la consigne par type d&#8217;emballage de boisson, du calendrier d\u00e9taill\u00e9 du d\u00e9ploiement ainsi que des exigences relatives \u00e0 l&rsquo;organisation de la fili\u00e8re (par exemple, pr\u00e9sence d&rsquo;une administration centrale, organisation des producteurs).<\/p>\n<p>[\/et_pb_accordion_item][et_pb_accordion_item title=\u00a0\u00bbR\u00e9publique Tch\u00e8que\u00a0\u00bb _builder_version=\u00a0\u00bb4.27.4&Prime; _module_preset=\u00a0\u00bbdefault\u00a0\u00bb body_font=\u00a0\u00bb||||||||\u00a0\u00bb background_color=\u00a0\u00bbgcid-2b01b125-6b38-4b9f-9cc1-28a45bc9d8b3&Prime; background_enable_color=\u00a0\u00bbon\u00a0\u00bb border_radii=\u00a0\u00bbon|10px|10px|10px|10px\u00a0\u00bb border_color_all=\u00a0\u00bbgcid-2b01b125-6b38-4b9f-9cc1-28a45bc9d8b3&Prime; global_colors_info=\u00a0\u00bb{%22gcid-77784515-52da-45c3-b038-e5c2d51b4bf9%22:%91%22toggle_text_color%22%93,%22gcid-2b01b125-6b38-4b9f-9cc1-28a45bc9d8b3%22:%91%22border_color_all%22,%22background_color%22%93}\u00a0\u00bb toggle_text_color=\u00a0\u00bbgcid-77784515-52da-45c3-b038-e5c2d51b4bf9&Prime; toggle_level=\u00a0\u00bbh2&Prime; toggle_font_size=\u00a0\u00bb1.8vw\u00a0\u00bb open=\u00a0\u00bboff\u00a0\u00bb]<\/p>\n<p>La R\u00e9publique tch\u00e8que <a href=\"https:\/\/www.czechtradeoffices.com\/ng\/news\/czechia-introduces-deposit-refund-system-on-pet-bottles-and-cans#:~:text=Within%20its%20sustainable%20economy%20goals,amendment%20to%20the%20Packaging%20Act.\" target=\"_blank\" rel=\"noopener\">pr\u00e9voit<\/a> d&rsquo;introduire des consignes sur les bouteilles en plastique et les canettes. Le syst\u00e8me couvrira environ 1,8 milliard de bouteilles en PET et 0,8 milliard de canettes par an, dont 3 sur 4 ne sont actuellement pas tri\u00e9es. Le syst\u00e8me devrait \u00eatre op\u00e9rationnel \u00e0 la mi-2025. Toutefois, l&rsquo;op\u00e9rateur du syst\u00e8me n&rsquo;a pas encore \u00e9t\u00e9 d\u00e9sign\u00e9.<\/p>\n<p>[\/et_pb_accordion_item][et_pb_accordion_item title=\u00a0\u00bbRoyaume-Uni\u00a0\u00bb _builder_version=\u00a0\u00bb4.27.4&Prime; _module_preset=\u00a0\u00bbdefault\u00a0\u00bb body_font=\u00a0\u00bb||||||||\u00a0\u00bb background_color=\u00a0\u00bbgcid-2b01b125-6b38-4b9f-9cc1-28a45bc9d8b3&Prime; background_enable_color=\u00a0\u00bbon\u00a0\u00bb border_radii=\u00a0\u00bbon|10px|10px|10px|10px\u00a0\u00bb border_color_all=\u00a0\u00bbgcid-2b01b125-6b38-4b9f-9cc1-28a45bc9d8b3&Prime; global_colors_info=\u00a0\u00bb{%22gcid-77784515-52da-45c3-b038-e5c2d51b4bf9%22:%91%22toggle_text_color%22%93,%22gcid-2b01b125-6b38-4b9f-9cc1-28a45bc9d8b3%22:%91%22border_color_all%22,%22background_color%22%93}\u00a0\u00bb toggle_text_color=\u00a0\u00bbgcid-77784515-52da-45c3-b038-e5c2d51b4bf9&Prime; toggle_level=\u00a0\u00bbh2&Prime; toggle_font_size=\u00a0\u00bb1.8vw\u00a0\u00bb open=\u00a0\u00bboff\u00a0\u00bb]<\/p>\n<p>En mars <b>2018<\/b>, le<a href=\"https:\/\/www.bbc.com\/news\/science-environment-43563164\" target=\"_blank\" rel=\"noopener\"> gouvernement<\/a> britannique de Theresa May (Conservateurs) a annonc\u00e9 un syst\u00e8me de consigne sur les emballages de boissons. La s\u00e9rie<a href=\"https:\/\/www.bbcearth.com\/shows\/blue-planet-ii\" target=\"_blank\" rel=\"noopener\"> Blue Planet II<\/a> avait d\u00e9nonc\u00e9 la menace de la pollution plastique des oc\u00e9ans. En juillet 2019, le gouvernement britannique a<a href=\"https:\/\/www.gov.uk\/government\/consultations\/introducing-a-deposit-return-scheme-drs-for-drinks-containers-bottles-and-cans\/outcome\/introducing-a-deposit-return-scheme-drs-in-england-wales-and-northern-ireland-executive-summary-and-next-steps\" target=\"_blank\" rel=\"noopener\"> d\u00e9clar\u00e9<\/a> qu&rsquo;il visait 2023 pour disposer d&rsquo;un syst\u00e8me de consigne enti\u00e8rement op\u00e9rationnel. 84% des Britanniques sont en faveur de la consigne sur l\u2019ensemble des emballages de boissons, d\u00e9montre un<a href=\"https:\/\/www.conveniencestore.co.uk\/legislation\/new-poll-says-uk-consumers-favour-all-in-deposit-return-scheme\/645474.article\" target=\"_blank\" rel=\"noopener\"> sondage d&rsquo;opinion<\/a> r\u00e9alis\u00e9 par Populus en juin 2020.<\/p>\n<p>En <strong>Janvier 2023<\/strong>, les d\u00e9tails de l&rsquo;introduction de la consigne au Royaume-Uni, au Pays de Galle et en Irlande du Nord ont \u00e9t\u00e9 <a href=\"https:\/\/assets.publishing.service.gov.uk\/government\/uploads\/system\/uploads\/attachment_data\/file\/1130296\/DRS_Government_response_Jan_2023.pdf\" target=\"_blank\" rel=\"noopener\">d\u00e9voil\u00e9s<\/a>. Les syst\u00e8mes dans chaque r\u00e9gion devraient voir le jour au 1er Octobre 2025. L&rsquo;int\u00e9gralit\u00e9 des bouteilles PET ainsi que les canettes en aluminium et acier seront incluses dans le syst\u00e8me (entre 50mL et 3L). Les points de vente seront tenus de reprendre les emballages mis sur le march\u00e9 (obligation de reprise). L&rsquo;op\u00e9rateur syst\u00e8me a \u00e9t\u00e9 d\u00e9sign\u00e9 en <a href=\"https:\/\/www.packagingnews.co.uk\/news\/waste-management\/deposit-return-scheme\/govt-appoints-uk-dmo-drs-06-05-2025\" target=\"_blank\" rel=\"noopener\">mai 2025<\/a>.<\/p>\n<p>En novembre 2024, le <strong>Pays de Galle<\/strong> s&rsquo;est retir\u00e9 des discussions pour l&rsquo;introduction d&rsquo;un syst\u00e8me commun sur l&rsquo;ensemble du Royaume-Uni, suite, notamment, \u00e0 des divergences concernant l&rsquo;inclusion des emballages en verre. Le gouvernement travaille d\u00e9sormais avec son propre \u00e9ch\u00e9ancier, avec des consultations pr\u00e9vues courant 2025.<\/p>\n<p>En mai <b>2019<\/b>, le gouvernement \u00e9cossais, dirig\u00e9 par Nicola Sturgeon du<a href=\"https:\/\/fr.wikipedia.org\/wiki\/Parti_national_%C3%A9cossais\" target=\"_blank\" rel=\"noopener\"> Parti National \u00c9cossais<\/a>, a annonc\u00e9 le projet<a href=\"https:\/\/www.theguardian.com\/environment\/2019\/may\/08\/scotland-launches-20p-deposit-return-scheme-for-drinks-cans-and-bottles\" target=\"_blank\" rel=\"noopener\"> d&rsquo;instaurer<\/a> la consigne sur les bouteilles en plastique, les bouteilles en verre et les canettes. Le<a href=\"https:\/\/www.circularonline.co.uk\/news\/scotland-votes-in-favour-of-deposit-return-scheme\/\" target=\"_blank\" rel=\"noopener\"> Parlement \u00e9cossais<\/a> a vot\u00e9 le syst\u00e8me de consigne en mai 2020. Le syst\u00e8me couvre toutes les boissons vendues en plastique PET, en m\u00e9tal et en verre. Il y aura une consigne unique de<a href=\"https:\/\/www.bbc.com\/news\/uk-scotland-scotland-politics-48198098\" target=\"_blank\" rel=\"noopener\"> 20 pence<\/a> (0,23 euro) pour tous les formats. L&rsquo;introduction du syst\u00e8me devrait \u00eatre align\u00e9e sur le reste du Royaume-Uni, \u00e0 la suite des discussions des parties prenantes pr\u00e9vues au printemps 2025.<\/p>\n<p>[\/et_pb_accordion_item][et_pb_accordion_item title=\u00a0\u00bbSlov\u00e9nie\u00a0\u00bb _builder_version=\u00a0\u00bb4.27.4&Prime; _module_preset=\u00a0\u00bbdefault\u00a0\u00bb body_font=\u00a0\u00bb||||||||\u00a0\u00bb background_color=\u00a0\u00bbgcid-2b01b125-6b38-4b9f-9cc1-28a45bc9d8b3&Prime; background_enable_color=\u00a0\u00bbon\u00a0\u00bb border_radii=\u00a0\u00bbon|10px|10px|10px|10px\u00a0\u00bb border_color_all=\u00a0\u00bbgcid-2b01b125-6b38-4b9f-9cc1-28a45bc9d8b3&Prime; global_colors_info=\u00a0\u00bb{%22gcid-77784515-52da-45c3-b038-e5c2d51b4bf9%22:%91%22toggle_text_color%22%93,%22gcid-2b01b125-6b38-4b9f-9cc1-28a45bc9d8b3%22:%91%22border_color_all%22,%22background_color%22%93}\u00a0\u00bb toggle_text_color=\u00a0\u00bbgcid-77784515-52da-45c3-b038-e5c2d51b4bf9&Prime; toggle_level=\u00a0\u00bbh2&Prime; toggle_font_size=\u00a0\u00bb1.8vw\u00a0\u00bb open=\u00a0\u00bboff\u00a0\u00bb]<\/p>\n<p>Le ministre slov\u00e8ne de l&rsquo;environnement Andrej Vizjak est favorable \u00e0 la proposition de mettre en place le syst\u00e8me de retour des bouteilles en Slov\u00e9nie, propos\u00e9e par l&rsquo;ONG environnementale Eko Krog <a href=\"https:\/\/sloveniatimes.com\/industry-representatives-join-call-for-bottle-return-system\/\" target=\"_blank\" rel=\"noopener\">fin 2021<\/a>. L&rsquo;association des entreprises de boissons soutient cette proposition car le syst\u00e8me garantira une meilleure collecte s\u00e9par\u00e9e des bouteilles de boissons, tant celles qui peuvent \u00eatre r\u00e9utilis\u00e9es que celles destin\u00e9es au recyclage.<\/p>\n<p>[\/et_pb_accordion_item][\/et_pb_accordion][et_pb_heading title=\u00a0\u00bbConsigne discut\u00e9e dans 4 pays\u00a0\u00bb _builder_version=\u00a0\u00bb4.27.4&Prime; _module_preset=\u00a0\u00bbdefault\u00a0\u00bb title_level=\u00a0\u00bbh2&Prime; title_text_color=\u00a0\u00bbgcid-ef4e245a-162a-48e8-976d-1f0669a09958&Prime; title_font_size=\u00a0\u00bb1.8vw\u00a0\u00bb global_colors_info=\u00a0\u00bb{%22gcid-ef4e245a-162a-48e8-976d-1f0669a09958%22:%91%22title_text_color%22%93}\u00a0\u00bb][\/et_pb_heading][\/et_pb_column][\/et_pb_row][et_pb_row column_structure=\u00a0\u00bb1_2,1_2&Prime; custom_padding_last_edited=\u00a0\u00bbon|phone\u00a0\u00bb _builder_version=\u00a0\u00bb4.27.4&Prime; _module_preset=\u00a0\u00bbdefault\u00a0\u00bb background_color=\u00a0\u00bb#FFFFFF\u00a0\u00bb z_index=\u00a0\u00bb99&Prime; width_tablet=\u00a0\u00bb90%\u00a0\u00bb width_phone=\u00a0\u00bb90%\u00a0\u00bb width_last_edited=\u00a0\u00bbon|phone\u00a0\u00bb max_width=\u00a0\u00bb80%\u00a0\u00bb max_width_tablet=\u00a0\u00bb90%\u00a0\u00bb max_width_phone=\u00a0\u00bb90%\u00a0\u00bb max_width_last_edited=\u00a0\u00bbon|tablet\u00a0\u00bb overflow-x=\u00a0\u00bbvisible\u00a0\u00bb overflow-y=\u00a0\u00bbvisible\u00a0\u00bb custom_margin=\u00a0\u00bb0px||||false|false\u00a0\u00bb custom_margin_tablet=\u00a0\u00bb-150px||||false|false\u00a0\u00bb custom_margin_phone=\u00a0\u00bb-100px||||false|false\u00a0\u00bb custom_margin_last_edited=\u00a0\u00bbon|tablet\u00a0\u00bb custom_padding=\u00a0\u00bb4%|5%|0%|5%|false|true\u00a0\u00bb custom_padding_tablet=\u00a0\u00bb7%||||false|true\u00a0\u00bb custom_padding_phone=\u00a0\u00bb10%||||false|true\u00a0\u00bb border_radii=\u00a0\u00bboff||||\u00a0\u00bb locked=\u00a0\u00bboff\u00a0\u00bb global_colors_info=\u00a0\u00bb{}\u00a0\u00bb][et_pb_column type=\u00a0\u00bb1_2&Prime; _builder_version=\u00a0\u00bb4.27.3&Prime; _module_preset=\u00a0\u00bbdefault\u00a0\u00bb global_colors_info=\u00a0\u00bb{}\u00a0\u00bb][et_pb_text _builder_version=\u00a0\u00bb4.27.4&Prime; _module_preset=\u00a0\u00bbdefault\u00a0\u00bb global_colors_info=\u00a0\u00bb{}\u00a0\u00bb]<\/p>\n<p>Le nombre de pays qui discutent la consigne sans avoir act\u00e9 son introduction se r\u00e9duit \u00e0 mesure que le temps passe. Ces pays sont de plus isol\u00e9s des pays qui ont introduit cette mesure pour collecter les emballages \u00e0 usage unique. C&rsquo;est le cas de la France, de l&rsquo;Italie, de la Belgique et de la Serbie.\u00a0<\/p>\n<p>[\/et_pb_text][\/et_pb_column][et_pb_column type=\u00a0\u00bb1_2&Prime; _builder_version=\u00a0\u00bb4.27.3&Prime; _module_preset=\u00a0\u00bbdefault\u00a0\u00bb global_colors_info=\u00a0\u00bb{}\u00a0\u00bb][et_pb_image src=\u00a0\u00bbhttps:\/\/fairresourcefoundation.org\/wp-content\/uploads\/2022\/09\/StatiegeldEuropeMap_2025_FR_V2_discussed.png\u00a0\u00bb title_text=\u00a0\u00bbStatiegeldEuropeMap_2025_FR_discussed\u00a0\u00bb _builder_version=\u00a0\u00bb4.27.4&Prime; _module_preset=\u00a0\u00bbdefault\u00a0\u00bb border_radii=\u00a0\u00bbon|20px|20px|20px|20px\u00a0\u00bb global_colors_info=\u00a0\u00bb{}\u00a0\u00bb][\/et_pb_image][\/et_pb_column][\/et_pb_row][et_pb_row custom_padding_last_edited=\u00a0\u00bbon|phone\u00a0\u00bb _builder_version=\u00a0\u00bb4.27.4&Prime; _module_preset=\u00a0\u00bbdefault\u00a0\u00bb background_color=\u00a0\u00bb#FFFFFF\u00a0\u00bb z_index=\u00a0\u00bb99&Prime; width_tablet=\u00a0\u00bb90%\u00a0\u00bb width_phone=\u00a0\u00bb90%\u00a0\u00bb width_last_edited=\u00a0\u00bbon|phone\u00a0\u00bb max_width=\u00a0\u00bb80%\u00a0\u00bb max_width_tablet=\u00a0\u00bb90%\u00a0\u00bb max_width_phone=\u00a0\u00bb90%\u00a0\u00bb max_width_last_edited=\u00a0\u00bbon|tablet\u00a0\u00bb overflow-x=\u00a0\u00bbvisible\u00a0\u00bb overflow-y=\u00a0\u00bbvisible\u00a0\u00bb custom_margin=\u00a0\u00bb0px||||false|false\u00a0\u00bb custom_margin_tablet=\u00a0\u00bb-150px||||false|false\u00a0\u00bb custom_margin_phone=\u00a0\u00bb-100px||||false|false\u00a0\u00bb custom_margin_last_edited=\u00a0\u00bbon|tablet\u00a0\u00bb custom_padding=\u00a0\u00bb4%|5%|0%|5%|false|true\u00a0\u00bb custom_padding_tablet=\u00a0\u00bb7%||||false|true\u00a0\u00bb custom_padding_phone=\u00a0\u00bb10%||||false|true\u00a0\u00bb border_radii=\u00a0\u00bboff||||\u00a0\u00bb global_colors_info=\u00a0\u00bb{}\u00a0\u00bb][et_pb_column type=\u00a0\u00bb4_4&Prime; _builder_version=\u00a0\u00bb4.27.4&Prime; _module_preset=\u00a0\u00bbdefault\u00a0\u00bb global_colors_info=\u00a0\u00bb{}\u00a0\u00bb][et_pb_accordion icon_color=\u00a0\u00bbgcid-ef4e245a-162a-48e8-976d-1f0669a09958&Prime; _builder_version=\u00a0\u00bb4.27.4&Prime; _module_preset=\u00a0\u00bbdefault\u00a0\u00bb max_width=\u00a0\u00bb90%\u00a0\u00bb module_alignment=\u00a0\u00bbcenter\u00a0\u00bb custom_margin=\u00a0\u00bb||40px|||\u00a0\u00bb locked=\u00a0\u00bboff\u00a0\u00bb global_colors_info=\u00a0\u00bb{%22gcid-ef4e245a-162a-48e8-976d-1f0669a09958%22:%91%22icon_color%22%93}\u00a0\u00bb][et_pb_accordion_item title=\u00a0\u00bb%91DO NOT DELETE%93&Prime; open=\u00a0\u00bbon\u00a0\u00bb _builder_version=\u00a0\u00bb4.27.4&Prime; _module_preset=\u00a0\u00bbdefault\u00a0\u00bb body_font=\u00a0\u00bb||||||||\u00a0\u00bb background_color=\u00a0\u00bbgcid-2b01b125-6b38-4b9f-9cc1-28a45bc9d8b3&Prime; background_enable_color=\u00a0\u00bbon\u00a0\u00bb custom_css_free_form=\u00a0\u00bbselector {||  display: none;||}\u00a0\u00bb border_radii=\u00a0\u00bbon|10px|10px|10px|10px\u00a0\u00bb border_color_all=\u00a0\u00bbgcid-2b01b125-6b38-4b9f-9cc1-28a45bc9d8b3&Prime; global_colors_info=\u00a0\u00bb{%22gcid-77784515-52da-45c3-b038-e5c2d51b4bf9%22:%91%22toggle_text_color%22%93,%22gcid-2b01b125-6b38-4b9f-9cc1-28a45bc9d8b3%22:%91%22border_color_all%22,%22background_color%22%93}\u00a0\u00bb toggle_text_color=\u00a0\u00bbgcid-77784515-52da-45c3-b038-e5c2d51b4bf9&Prime; toggle_level=\u00a0\u00bbh2&Prime; toggle_font_size=\u00a0\u00bb1.8vw\u00a0\u00bb]<\/p>\n<p>En Belgique, il existe une consigne sur certaines bouteilles en verre r\u00e9utilisables, notamment pour la bi\u00e8re. Le <a href=\"https:\/\/fairresourcefoundation.org\/historiek-van-het-vlaams-zwerfvuilbeleid-in-handen-van-coca-cola-ab-inbev-en-colruyt\/\">d\u00e9bat sur l&rsquo;introduction de la consigne<\/a> sur les canettes et les bouteilles en plastique dure depuis plus d&rsquo;une d\u00e9cennie. L\u2019introduction de la consigne en Belgique rel\u00e8ve de la comp\u00e9tence des r\u00e9gions de Flandre, de Bruxelles et de Wallonie. En 2018, l&rsquo;industrie a eu une <a href=\"https:\/\/fairresourcefoundation.org\/historiek-van-het-vlaams-zwerfvuilbeleid-in-handen-van-coca-cola-ab-inbev-en-colruyt\/\">derni\u00e8re chance<\/a> de s&rsquo;attaquer aux d\u00e9chets sauvages de plus en plus nombreux par des actions de sensibilisation et la mise en place de sanctions. Cependant, la quantit\u00e9 de d\u00e9chets sauvages en Flandre <a href=\"https:\/\/fairresourcefoundation.org\/fr\/la-politique-du-gouvernement-flamand-ne-fonctionne-pas-les-dechets-sauvages-sont-en-forte-augmentation\/\">continue d&rsquo;augmenter<\/a>.<\/p>\n<p>Depuis 2017, des centaines de municipalit\u00e9s, d&rsquo;entreprises et d&rsquo;organisations ont rejoint l&rsquo;<a href=\"https:\/\/statiegeldalliantie.org\/fr\/\" target=\"_blank\" rel=\"noopener\">Alliance pour la Consigne<\/a>, qui demande aux gouvernements r\u00e9gionaux d&rsquo;introduire rapidement la consigne sur toutes les canettes et bouteilles en plastique. En 2019, les nouveaux gouvernements de <a href=\"https:\/\/publicaties.vlaanderen.be\/view-file\/31741\" target=\"_blank\" rel=\"noopener\">Flandre<\/a>, de <a href=\"https:\/\/www.standaard.be\/cnt\/dmf20190718_04516122\" target=\"_blank\" rel=\"noopener\">Bruxelles<\/a> et de <a href=\"https:\/\/fairresourcefoundation.org\/fr\/la-consigne-se-rapproche-meme-en-wallonie\/\">Wallonie<\/a> ont inscrit la possible introduction d\u2019une consigne dans leurs accords de coalition. Depuis 2021, plus de 100 <a href=\"https:\/\/statiegeldalliantie.org\/nl\/wie\/\" target=\"_blank\" rel=\"noopener\">communes wallonnes<\/a> ont rejoint les 200 <a href=\"https:\/\/statiegeldalliantie.org\/nl\/wie\/\" target=\"_blank\" rel=\"noopener\">communes flamandes<\/a> dans l&rsquo;Alliance pour la consigne. Les partis d&rsquo;opposition en Flandre (Vooruit) et en Wallonie (Les Engag\u00e9s) ont mis des propositions sur la table de leurs parlements respectifs.<\/p>\n<p>La ministre wallonne de l&rsquo;Environnement C\u00e9line Tellier (Ecolo) a lanc\u00e9 en 2022 une \u00e9tude sur la mise en place d\u2019une consigne. \u00c0 l\u2019\u00e9t\u00e9 2022, la municipalit\u00e9 de Bredene a men\u00e9 avec succ\u00e8s un <a href=\"https:\/\/www.hln.be\/binnenland\/proefproject-met-statiegeld-is-succes-hopelijk-volgt-vlaamse-regering-ons-voorbeeld~af4a07c3\/\" target=\"_blank\" rel=\"noopener\">projet pilote<\/a> de consigne. Le 6 septembre 2022, la ministre flamande de l&rsquo;environnement Zuhal Demir (N-VA) a d\u00e9clar\u00e9 que la consigne est <a href=\"https:\/\/www.vrt.be\/vrtnws\/nl\/2022\/09\/06\/statiegeld-demir\/\" target=\"_blank\" rel=\"noopener\">in\u00e9vitable<\/a> et que le gouvernement flamand prendra une d\u00e9cision en 2022 sur la base des derniers chiffres concernant les d\u00e9chets sauvages.<\/p>\n<p>Le <a href=\"https:\/\/www.ivcie.be\/wp-content\/uploads\/2018\/10\/AGREMENT-FOST-PLUS-2024-CIE.pdf\" target=\"_blank\" rel=\"noopener\">nouvel agr\u00e9ment 2024-2028<\/a> de l&rsquo;\u00c9co-organisme responsable de la gestion des d\u00e9chets m\u00e9nagers (Fost Plus) pr\u00e9voit l&rsquo;introduction d&rsquo;un syst\u00e8me de consigne pour l&rsquo;ensemble des canettes et bouteilles, sous couvert d&rsquo;un accord entre les trois r\u00e9gions (article 2).<\/p>\n<p>[\/et_pb_accordion_item][et_pb_accordion_item title=\u00a0\u00bbBelgique\u00a0\u00bb _builder_version=\u00a0\u00bb4.27.4&Prime; _module_preset=\u00a0\u00bbdefault\u00a0\u00bb body_font=\u00a0\u00bb||||||||\u00a0\u00bb background_color=\u00a0\u00bbgcid-2b01b125-6b38-4b9f-9cc1-28a45bc9d8b3&Prime; background_enable_color=\u00a0\u00bbon\u00a0\u00bb border_radii=\u00a0\u00bbon|10px|10px|10px|10px\u00a0\u00bb border_color_all=\u00a0\u00bbgcid-2b01b125-6b38-4b9f-9cc1-28a45bc9d8b3&Prime; global_colors_info=\u00a0\u00bb{%22gcid-77784515-52da-45c3-b038-e5c2d51b4bf9%22:%91%22toggle_text_color%22%93,%22gcid-2b01b125-6b38-4b9f-9cc1-28a45bc9d8b3%22:%91%22border_color_all%22,%22background_color%22%93}\u00a0\u00bb toggle_text_color=\u00a0\u00bbgcid-77784515-52da-45c3-b038-e5c2d51b4bf9&Prime; toggle_level=\u00a0\u00bbh2&Prime; toggle_font_size=\u00a0\u00bb1.8vw\u00a0\u00bb open=\u00a0\u00bboff\u00a0\u00bb]<\/p>\n<p>En Belgique, il existe une consigne sur certaines bouteilles en verre r\u00e9utilisables, notamment pour la bi\u00e8re. Le <a href=\"https:\/\/fairresourcefoundation.org\/historiek-van-het-vlaams-zwerfvuilbeleid-in-handen-van-coca-cola-ab-inbev-en-colruyt\/\">d\u00e9bat sur l&rsquo;introduction de la consigne<\/a> sur les canettes et les bouteilles en plastique dure depuis plus d&rsquo;une d\u00e9cennie. L\u2019introduction de la consigne en Belgique rel\u00e8ve de la comp\u00e9tence des r\u00e9gions de Flandre, de Bruxelles et de Wallonie. En 2018, l&rsquo;industrie a eu une <a href=\"https:\/\/fairresourcefoundation.org\/historiek-van-het-vlaams-zwerfvuilbeleid-in-handen-van-coca-cola-ab-inbev-en-colruyt\/\">derni\u00e8re chance<\/a> de s&rsquo;attaquer aux d\u00e9chets sauvages de plus en plus nombreux par des actions de sensibilisation et la mise en place de sanctions. Cependant, la quantit\u00e9 de d\u00e9chets sauvages en Flandre <a href=\"https:\/\/fairresourcefoundation.org\/fr\/la-politique-du-gouvernement-flamand-ne-fonctionne-pas-les-dechets-sauvages-sont-en-forte-augmentation\/\">continue d&rsquo;augmenter<\/a>.<\/p>\n<p>Depuis 2017, des centaines de municipalit\u00e9s, d&rsquo;entreprises et d&rsquo;organisations ont rejoint l&rsquo;<a href=\"https:\/\/statiegeldalliantie.org\/fr\/\" target=\"_blank\" rel=\"noopener\">Alliance pour la Consigne<\/a>, qui demande aux gouvernements r\u00e9gionaux d&rsquo;introduire rapidement la consigne sur toutes les canettes et bouteilles en plastique. En 2019, les nouveaux gouvernements de <a href=\"https:\/\/publicaties.vlaanderen.be\/view-file\/31741\" target=\"_blank\" rel=\"noopener\">Flandre<\/a>, de <a href=\"https:\/\/www.standaard.be\/cnt\/dmf20190718_04516122\" target=\"_blank\" rel=\"noopener\">Bruxelles<\/a> et de <a href=\"https:\/\/fairresourcefoundation.org\/fr\/la-consigne-se-rapproche-meme-en-wallonie\/\">Wallonie<\/a> ont inscrit la possible introduction d\u2019une consigne dans leurs accords de coalition. Depuis 2021, plus de 100 <a href=\"https:\/\/statiegeldalliantie.org\/nl\/wie\/\" target=\"_blank\" rel=\"noopener\">communes wallonnes<\/a> ont rejoint les 200 <a href=\"https:\/\/statiegeldalliantie.org\/nl\/wie\/\" target=\"_blank\" rel=\"noopener\">communes flamandes<\/a> dans l&rsquo;Alliance pour la consigne. La ministre wallonne de l&rsquo;Environnement C\u00e9line Tellier (Ecolo) a lanc\u00e9 en 2022 une \u00e9tude sur la mise en place d\u2019une consigne. \u00c0 l\u2019\u00e9t\u00e9 2022, la municipalit\u00e9 de Bredene a men\u00e9 avec succ\u00e8s un <a href=\"https:\/\/www.hln.be\/binnenland\/proefproject-met-statiegeld-is-succes-hopelijk-volgt-vlaamse-regering-ons-voorbeeld~af4a07c3\/\" target=\"_blank\" rel=\"noopener\">projet pilote<\/a> de consigne. Le 6 septembre 2022, la ministre flamande de l&rsquo;environnement Zuhal Demir (N-VA) a d\u00e9clar\u00e9 que la consigne est <a href=\"https:\/\/www.vrt.be\/vrtnws\/nl\/2022\/09\/06\/statiegeld-demir\/\" target=\"_blank\" rel=\"noopener\">in\u00e9vitable<\/a> et que le gouvernement flamand prendra une d\u00e9cision en 2022 sur la base des derniers chiffres concernant les d\u00e9chets sauvages.<\/p>\n<p>Les accords de coalition 2024 de la <a href=\"https:\/\/www.wallonie.be\/sites\/default\/files\/2024-07\/DPR2024-2029.pdf\" target=\"_blank\" rel=\"noopener\">Wallonie<\/a> et de la <a href=\"https:\/\/www.vlaanderen.be\/publicaties\/vlaams-regeerakkoord-2024-2029-samen-werken-aan-een-warm-en-welvarend-vlaanderen\" target=\"_blank\" rel=\"noopener\">Flandre<\/a> ne mentionnent pas l&rsquo;introduction de la consigne en Belgique, malgr\u00e9 le positionnement fort des partenaires de coalition wallons Les Engag\u00e9s et flamands CD&amp;V et Vooruit. Les travaux pr\u00e9paratoires \u00e0 l&rsquo;introduction de la consigne se poursuivent n\u00e9anmoins au sein de la <a href=\"https:\/\/www.lesoir.be\/670729\/article\/2025-04-23\/dechets-la-belgique-nevitera-pas-la-consigne-sur-les-emballages-de-boissons\" target=\"_blank\" rel=\"noopener\">Commission interr\u00e9gionale de l&#8217;emballage<\/a>, qui est responsable de la coordination de la gestion des emballages et des d\u00e9chets pour l&rsquo;ensemble de la Belgique. Le <a href=\"https:\/\/www.ivcie.be\/wp-content\/uploads\/2018\/10\/AGREMENT-FOST-PLUS-2024-CIE.pdf\" target=\"_blank\" rel=\"noopener\">nouvel agr\u00e9ment 2024-2028<\/a> de l&rsquo;\u00c9co-organisme responsable de la gestion des d\u00e9chets m\u00e9nagers (Fost Plus) pr\u00e9voit d&rsquo;ailleurs l&rsquo;introduction d&rsquo;un syst\u00e8me de consigne pour l&rsquo;ensemble des canettes et bouteilles, sous couvert d&rsquo;un accord entre les trois r\u00e9gions (article 2).<\/p>\n<p>[\/et_pb_accordion_item][et_pb_accordion_item title=\u00a0\u00bbFrance\u00a0\u00bb _builder_version=\u00a0\u00bb4.27.4&Prime; _module_preset=\u00a0\u00bbdefault\u00a0\u00bb body_font=\u00a0\u00bb||||||||\u00a0\u00bb background_color=\u00a0\u00bbgcid-2b01b125-6b38-4b9f-9cc1-28a45bc9d8b3&Prime; background_enable_color=\u00a0\u00bbon\u00a0\u00bb border_radii=\u00a0\u00bbon|10px|10px|10px|10px\u00a0\u00bb border_color_all=\u00a0\u00bbgcid-2b01b125-6b38-4b9f-9cc1-28a45bc9d8b3&Prime; global_colors_info=\u00a0\u00bb{%22gcid-77784515-52da-45c3-b038-e5c2d51b4bf9%22:%91%22toggle_text_color%22%93,%22gcid-2b01b125-6b38-4b9f-9cc1-28a45bc9d8b3%22:%91%22border_color_all%22,%22background_color%22%93}\u00a0\u00bb toggle_text_color=\u00a0\u00bbgcid-77784515-52da-45c3-b038-e5c2d51b4bf9&Prime; toggle_level=\u00a0\u00bbh2&Prime; toggle_font_size=\u00a0\u00bb1.8vw\u00a0\u00bb open=\u00a0\u00bboff\u00a0\u00bb]<\/p>\n<p>En France, la ministre Brune Poirson (du parti lib\u00e9ral<a href=\"https:\/\/fr.wikipedia.org\/wiki\/La_R%C3%A9publique_en_marche\"> En Marche<\/a>) a d\u00e9clar\u00e9 le 10 juillet <b>2019<\/b> que le gouvernement fran\u00e7ais souhaite introduire la consigne sur les bouteilles en plastique et les canettes. Elle a re\u00e7u le<a href=\"https:\/\/www.lejdd.fr\/Societe\/tribune-recyclage-les-industriels-de-la-boisson-sengagent-pour-la-consigne-3908363\"> soutien de supermarch\u00e9s et de producteurs de boissons fran\u00e7ais<\/a>, parmi lesquels des multinationales \u00e9galement actives en Belgique et aux Pays-Bas. La pression des maires conservateurs au S\u00e9nat fran\u00e7ais a report\u00e9 le projet \u00e0 2023. La mise en place d&rsquo;une consigne pour les emballages de boisson r\u00e9utilisables a \u00e9t\u00e9 annonc\u00e9e en juillet 2023, un <a href=\"https:\/\/www.assemblee-nationale.fr\/dyn\/16\/dossiers\/objectifs_emballages\">projet de d\u00e9cret<\/a>\u00a0est actuellement discut\u00e9 au Parlement.\u00a0Parall\u00e8lement, la consigne pour le recyclage a \u00e9t\u00e9 repouss\u00e9e par le pr\u00e9c\u00e9dent ministre de l&rsquo;Environnement Christophe B\u00e9chu en <a href=\"https:\/\/www.lemonde.fr\/planete\/article\/2023\/09\/28\/la-france-renonce-a-la-consigne-pour-recycler-les-bouteilles-en-plastique_6191372_3244.html\">septembre 2023<\/a>.<\/p>\n<p>Un grand projet pilote pour le retour de la consigne sur le r\u00e9emploi est en cours, organis\u00e9 par l&rsquo;\u00e9co-organisme <a href=\"https:\/\/www.citeo.com\/accelerer-le-reemploi-des-emballages-alimentaires\" target=\"_blank\" rel=\"noopener\">CITEO<\/a>.<\/p>\n<p>[\/et_pb_accordion_item][et_pb_accordion_item title=\u00a0\u00bbItalie\u00a0\u00bb _builder_version=\u00a0\u00bb4.27.4&Prime; _module_preset=\u00a0\u00bbdefault\u00a0\u00bb body_font=\u00a0\u00bb||||||||\u00a0\u00bb background_color=\u00a0\u00bbgcid-2b01b125-6b38-4b9f-9cc1-28a45bc9d8b3&Prime; background_enable_color=\u00a0\u00bbon\u00a0\u00bb border_radii=\u00a0\u00bbon|10px|10px|10px|10px\u00a0\u00bb border_color_all=\u00a0\u00bbgcid-2b01b125-6b38-4b9f-9cc1-28a45bc9d8b3&Prime; global_colors_info=\u00a0\u00bb{%22gcid-77784515-52da-45c3-b038-e5c2d51b4bf9%22:%91%22toggle_text_color%22%93,%22gcid-2b01b125-6b38-4b9f-9cc1-28a45bc9d8b3%22:%91%22border_color_all%22,%22background_color%22%93}\u00a0\u00bb toggle_text_color=\u00a0\u00bbgcid-77784515-52da-45c3-b038-e5c2d51b4bf9&Prime; toggle_level=\u00a0\u00bbh2&Prime; toggle_font_size=\u00a0\u00bb1.8vw\u00a0\u00bb open=\u00a0\u00bboff\u00a0\u00bb]<\/p>\n<p>Le groupe d&rsquo;organisations non gouvernementales comprenant\u00a0 l&rsquo;Association nationale des Comuni Virtuosi, Greenpeace Italia, Oxfam, WWF Italia et Zero Waste Italy ont <a href=\"https:\/\/packagingeurope.com\/news\/new-campaign-calls-for-mandatory-national-deposit-return-scheme-in-italy\/8013.article\" target=\"_blank\" rel=\"noopener\">uni leurs forces<\/a> pour soutenir l&rsquo;introduction d&rsquo;un syst\u00e8me national obligatoire de consigne pour les emballages de boissons en Italie. La campagne, intitul\u00e9e \u00ab\u00a0<a href=\"https:\/\/www.buonrendere.it\/\" target=\"_blank\" rel=\"noopener\">Buon Rendere &#8211; molto pi\u00f9 di un vuoto<\/a>\u00ab\u00a0, est la premi\u00e8re initiative nationale en faveur d&rsquo;un syst\u00e8me de consigne en Italie. Ils ont lanc\u00e9 un appel commun en novembre 2021 au gouvernement Draghi et \u00e0 Roberto Cingolani, ministre italien de la transition \u00e9cologique, pour acc\u00e9l\u00e9rer l&rsquo;introduction d&rsquo;un syst\u00e8me de consigne efficace dans le pays.<\/p>\n<p>[\/et_pb_accordion_item][et_pb_accordion_item title=\u00a0\u00bbSerbie\u00a0\u00bb _builder_version=\u00a0\u00bb4.27.4&Prime; _module_preset=\u00a0\u00bbdefault\u00a0\u00bb body_font=\u00a0\u00bb||||||||\u00a0\u00bb background_color=\u00a0\u00bbgcid-2b01b125-6b38-4b9f-9cc1-28a45bc9d8b3&Prime; background_enable_color=\u00a0\u00bbon\u00a0\u00bb border_radii=\u00a0\u00bbon|10px|10px|10px|10px\u00a0\u00bb border_color_all=\u00a0\u00bbgcid-2b01b125-6b38-4b9f-9cc1-28a45bc9d8b3&Prime; global_colors_info=\u00a0\u00bb{%22gcid-77784515-52da-45c3-b038-e5c2d51b4bf9%22:%91%22toggle_text_color%22%93,%22gcid-2b01b125-6b38-4b9f-9cc1-28a45bc9d8b3%22:%91%22border_color_all%22,%22background_color%22%93}\u00a0\u00bb toggle_text_color=\u00a0\u00bbgcid-77784515-52da-45c3-b038-e5c2d51b4bf9&Prime; toggle_level=\u00a0\u00bbh2&Prime; toggle_font_size=\u00a0\u00bb1.8vw\u00a0\u00bb open=\u00a0\u00bboff\u00a0\u00bb]<\/p>\n<p>En 2019, le directeur de l&rsquo;Agence serbe de protection de l&rsquo;environnement (SEPA), Filip Radovi\u0107, a <a href=\"https:\/\/balkangreenenergynews.com\/introduction-of-deposit-system-could-be-discussed-in-2019-sepa-director\/\" target=\"_blank\" rel=\"noopener\">annonc\u00e9<\/a> que l&rsquo;introduction d&rsquo;un syst\u00e8me de consigne en Serbie pour r\u00e9glementer le retour et l&rsquo;\u00e9limination des d\u00e9chets d&#8217;emballages pourrait \u00eatre discut\u00e9e en 2019. Bien que le sujet de la consigne soit sur la table <a href=\"https:\/\/www.ekapija.com\/en\/news\/3714999\/what-kind-of-deposit-system-for-packaging-does-serbia-need-and-will\" target=\"_blank\" rel=\"noopener\">depuis de nombreuses ann\u00e9es<\/a>, aucune d\u00e9cision n\u2019a \u00e9t\u00e9 prise \u00e0 ce jour.<\/p>\n<p>[\/et_pb_accordion_item][\/et_pb_accordion][et_pb_heading title=\u00a0\u00bbLa course \u00e0 la consigne\u00a0\u00bb _builder_version=\u00a0\u00bb4.27.4&Prime; _module_preset=\u00a0\u00bbdefault\u00a0\u00bb title_level=\u00a0\u00bbh2&Prime; title_text_color=\u00a0\u00bbgcid-ef4e245a-162a-48e8-976d-1f0669a09958&Prime; title_font_size=\u00a0\u00bb1.8vw\u00a0\u00bb custom_margin=\u00a0\u00bb||3px|||\u00a0\u00bb global_colors_info=\u00a0\u00bb{%22gcid-ef4e245a-162a-48e8-976d-1f0669a09958%22:%91%22title_text_color%22%93}\u00a0\u00bb][\/et_pb_heading][et_pb_text _builder_version=\u00a0\u00bb4.27.4&Prime; _module_preset=\u00a0\u00bbdefault\u00a0\u00bb global_colors_info=\u00a0\u00bb{}\u00a0\u00bb]<\/p>\n<p>En r\u00e9sum\u00e9, on peut parler d&rsquo;une v\u00e9ritable course vers la consigne en Europe. Le d\u00e9bat sur la pollution plastique a lieu partout. Dans les \u00c9tats membres de l&rsquo;Union europ\u00e9enne, on travaille d&rsquo;arrache-pied \u00e0 l&rsquo;\u00e9laboration d&rsquo;une l\u00e9gislation visant \u00e0 rem\u00e9dier la pollution plastique et les d\u00e9chets sauvages. Le rythme diff\u00e8re d&rsquo;un pays \u00e0 l&rsquo;autre, mais la direction est la m\u00eame.<\/p>\n<p>La popularit\u00e9 de la consigne est \u00e9galement en hausse aux fronti\u00e8res de l&rsquo;Union europ\u00e9enne. En janvier 2019, la <b>Turquie<\/b> a \u00e9galement <a href=\"https:\/\/www.hurriyetdailynews.com\/bottles-deposit-return-scheme-gets-green-light-in-turkey-140671\">d\u00e9cid\u00e9<\/a> qu&rsquo;il y aurait une consigne sur tous les emballages de boissons sous quatre ans. Avec 80 millions d&rsquo;habitants, la Turquie sera le deuxi\u00e8me plus grand pays \u00e0 disposer de la consigne au monde apr\u00e8s l&rsquo;Allemagne.<\/p>\n<p>Dans le cadre de la <a href=\"https:\/\/environment.ec.europa.eu\/publications\/proposal-packaging-and-packaging-waste_en\">r\u00e9vision du R\u00e9glement Europ\u00e9en sur les Emballages et D\u00e9chets d&#8217;emballages<\/a> (PPWR) l&rsquo;introduction obligatoire d&rsquo;une consigne \u00e0 l&rsquo;horizon 2029 est discut\u00e9e, assortie de caract\u00e9ristiques essentielles. Cette obligation serait applicable \u00e0 tous pays n&rsquo;atteignant pas un certain taux de retour. La version finale de la d\u00e9cision est toujours attendue (info mars 2024).<\/p>\n<p>[\/et_pb_text][\/et_pb_column][\/et_pb_row][et_pb_row _builder_version=\u00a0\u00bb4.24.0&Prime; _module_preset=\u00a0\u00bbdefault\u00a0\u00bb background_color=\u00a0\u00bb#FFFFFF\u00a0\u00bb z_index=\u00a0\u00bb99&Prime; width_tablet=\u00a0\u00bb90%\u00a0\u00bb width_phone=\u00a0\u00bb90%\u00a0\u00bb width_last_edited=\u00a0\u00bbon|desktop\u00a0\u00bb max_width=\u00a0\u00bb80%\u00a0\u00bb max_width_tablet=\u00a0\u00bb90%\u00a0\u00bb max_width_phone=\u00a0\u00bb90%\u00a0\u00bb max_width_last_edited=\u00a0\u00bbon|tablet\u00a0\u00bb custom_margin=\u00a0\u00bb||||false|false\u00a0\u00bb custom_padding=\u00a0\u00bb0%|5%|2%|5%|false|false\u00a0\u00bb border_radii=\u00a0\u00bboff|||30px|30px\u00a0\u00bb global_colors_info=\u00a0\u00bb{}\u00a0\u00bb][et_pb_column type=\u00a0\u00bb4_4&Prime; _builder_version=\u00a0\u00bb4.21.2&Prime; _module_preset=\u00a0\u00bbdefault\u00a0\u00bb z_index=\u00a0\u00bb99&Prime; global_colors_info=\u00a0\u00bb{}\u00a0\u00bb][et_pb_text _builder_version=\u00a0\u00bb4.27.4&Prime; _module_preset=\u00a0\u00bbdefault\u00a0\u00bb text_font=\u00a0\u00bbSoulcraft Wide||||||||\u00a0\u00bb header_3_font=\u00a0\u00bb||||on|||gcid-77784515-52da-45c3-b038-e5c2d51b4bf9|\u00a0\u00bb header_3_text_color=\u00a0\u00bb#1C2953&Prime; header_3_font_size=\u00a0\u00bb20px\u00a0\u00bb text_orientation=\u00a0\u00bbcenter\u00a0\u00bb custom_margin=\u00a0\u00bb||5px||false|false\u00a0\u00bb locked=\u00a0\u00bboff\u00a0\u00bb global_colors_info=\u00a0\u00bb{}\u00a0\u00bb]<\/p>\n<h3>Tags associ\u00e9s<\/h3>\n<p>[\/et_pb_text][et_pb_text module_class=\u00a0\u00bbtag_post\u00a0\u00bb _builder_version=\u00a0\u00bb4.25.1&Prime; _dynamic_attributes=\u00a0\u00bbcontent\u00a0\u00bb _module_preset=\u00a0\u00bbdefault\u00a0\u00bb link_text_color=\u00a0\u00bb#FFFFFF\u00a0\u00bb text_orientation=\u00a0\u00bbcenter\u00a0\u00bb custom_margin=\u00a0\u00bb15px||||false|false\u00a0\u00bb link_line_height_tablet=\u00a0\u00bb3.5em\u00a0\u00bb link_line_height_phone=\u00a0\u00bb3.5em\u00a0\u00bb link_line_height_last_edited=\u00a0\u00bbon|tablet\u00a0\u00bb custom_css_free_form=\u00a0\u00bb.tag_post a {||    color: white;||    background-color: #1c2953;||  border-radius: 10px;||  Padding: 10px||}\u00a0\u00bb locked=\u00a0\u00bboff\u00a0\u00bb global_colors_info=\u00a0\u00bb{}\u00a0\u00bb]@ET-DC@eyJkeW5hbWljIjp0cnVlLCJjb250ZW50IjoicG9zdF90YWdzIiwic2V0dGluZ3MiOnsiYmVmb3JlIjoiIiwiYWZ0ZXIiOiIiLCJsaW5rX3RvX3Rlcm1fcGFnZSI6Im9uIiwic2VwYXJhdG9yIjoiIHwgIiwiY2F0ZWdvcnlfdHlwZSI6InBvc3RfdGFnIiwiZW5hYmxlX2h0bWwiOiJvZmYifX0=@[\/et_pb_text][\/et_pb_column][\/et_pb_row][\/et_pb_section][et_pb_section fb_built=\u00a0\u00bb1&Prime; _builder_version=\u00a0\u00bb4.24.3&Prime; _module_preset=\u00a0\u00bbdefault\u00a0\u00bb background_color=\u00a0\u00bbgcid-77784515-52da-45c3-b038-e5c2d51b4bf9&Prime; width=\u00a0\u00bb100%\u00a0\u00bb max_width=\u00a0\u00bb100%\u00a0\u00bb custom_margin=\u00a0\u00bb0%||||false|false\u00a0\u00bb custom_margin_tablet=\u00a0\u00bb0%||||false|false\u00a0\u00bb custom_margin_phone=\u00a0\u00bb||||false|false\u00a0\u00bb custom_margin_last_edited=\u00a0\u00bbon|phone\u00a0\u00bb custom_padding=\u00a0\u00bb||||false|false\u00a0\u00bb locked=\u00a0\u00bboff\u00a0\u00bb global_colors_info=\u00a0\u00bb{%22gcid-77784515-52da-45c3-b038-e5c2d51b4bf9%22:%91%22background_color%22%93}\u00a0\u00bb][et_pb_row _builder_version=\u00a0\u00bb4.22.0&Prime; _module_preset=\u00a0\u00bbdefault\u00a0\u00bb max_width=\u00a0\u00bb80%\u00a0\u00bb custom_padding=\u00a0\u00bb0px||0px||false|false\u00a0\u00bb locked=\u00a0\u00bboff\u00a0\u00bb global_colors_info=\u00a0\u00bb{}\u00a0\u00bb][et_pb_column type=\u00a0\u00bb4_4&Prime; _builder_version=\u00a0\u00bb4.21.2&Prime; _module_preset=\u00a0\u00bbdefault\u00a0\u00bb z_index=\u00a0\u00bb99&Prime; global_colors_info=\u00a0\u00bb{}\u00a0\u00bb][et_pb_text _builder_version=\u00a0\u00bb4.25.1&Prime; _module_preset=\u00a0\u00bbdefault\u00a0\u00bb text_font=\u00a0\u00bbSoulcraft Wide||||||||\u00a0\u00bb text_text_color=\u00a0\u00bb#FFFFFF\u00a0\u00bb text_font_size=\u00a0\u00bb3vw\u00a0\u00bb header_font=\u00a0\u00bbSoulcraft Wide||||||||\u00a0\u00bb header_2_font=\u00a0\u00bbSoulcraft Wide|700||on|||||\u00a0\u00bb header_2_text_align=\u00a0\u00bbleft\u00a0\u00bb header_2_text_color=\u00a0\u00bb#FFFFFF\u00a0\u00bb header_2_font_size=\u00a0\u00bb3vw\u00a0\u00bb header_2_line_height=\u00a0\u00bb1.3em\u00a0\u00bb header_3_text_align=\u00a0\u00bbleft\u00a0\u00bb custom_margin=\u00a0\u00bb||0px||false|false\u00a0\u00bb text_font_size_tablet=\u00a0\u00bb5vw\u00a0\u00bb text_font_size_phone=\u00a0\u00bb6vw\u00a0\u00bb text_font_size_last_edited=\u00a0\u00bbon|phone\u00a0\u00bb header_2_font_size_tablet=\u00a0\u00bb5vw\u00a0\u00bb header_2_font_size_phone=\u00a0\u00bb6vw\u00a0\u00bb global_colors_info=\u00a0\u00bb{%22gcid-77784515-52da-45c3-b038-e5c2d51b4bf9%22:%91%22text_text_color%22,%22header_text_color%22%93}\u00a0\u00bb]<\/p>\n<h2>Plus d\u2018articles sur ce sujet<\/h2>\n<p>[\/et_pb_text][\/et_pb_column][\/et_pb_row][\/et_pb_section][et_pb_section fb_built=\u00a0\u00bb1&Prime; _builder_version=\u00a0\u00bb4.24.3&Prime; _module_preset=\u00a0\u00bbdefault\u00a0\u00bb background_color=\u00a0\u00bbgcid-2b01b125-6b38-4b9f-9cc1-28a45bc9d8b3&Prime; custom_margin=\u00a0\u00bb||0px||false|false\u00a0\u00bb custom_padding=\u00a0\u00bb||0px||false|false\u00a0\u00bb global_colors_info=\u00a0\u00bb{%22gcid-2b01b125-6b38-4b9f-9cc1-28a45bc9d8b3%22:%91%22background_color%22%93}\u00a0\u00bb][et_pb_row _builder_version=\u00a0\u00bb4.24.2&Prime; _module_preset=\u00a0\u00bbdefault\u00a0\u00bb z_index=\u00a0\u00bb99&Prime; width_tablet=\u00a0\u00bb95%\u00a0\u00bb width_phone=\u00a0\u00bb95%\u00a0\u00bb width_last_edited=\u00a0\u00bbon|tablet\u00a0\u00bb max_width=\u00a0\u00bb80%\u00a0\u00bb max_width_tablet=\u00a0\u00bb95%\u00a0\u00bb max_width_phone=\u00a0\u00bb95%\u00a0\u00bb max_width_last_edited=\u00a0\u00bbon|tablet\u00a0\u00bb custom_margin=\u00a0\u00bb||||false|false\u00a0\u00bb custom_padding=\u00a0\u00bb3%|0px|7%|0px|false|true\u00a0\u00bb global_colors_info=\u00a0\u00bb{}\u00a0\u00bb][et_pb_column type=\u00a0\u00bb4_4&Prime; _builder_version=\u00a0\u00bb4.21.2&Prime; _module_preset=\u00a0\u00bbdefault\u00a0\u00bb z_index=\u00a0\u00bb99&Prime; global_colors_info=\u00a0\u00bb{}\u00a0\u00bb][et_pb_blog posts_number=\u00a0\u00bb3&Prime; include_categories=\u00a0\u00bbcurrent\u00a0\u00bb meta_date=\u00a0\u00bbd M, Y\u00a0\u00bb show_more=\u00a0\u00bbon\u00a0\u00bb show_author=\u00a0\u00bboff\u00a0\u00bb show_categories=\u00a0\u00bboff\u00a0\u00bb show_pagination=\u00a0\u00bboff\u00a0\u00bb module_class=\u00a0\u00bbpa-blog-list\u00a0\u00bb _builder_version=\u00a0\u00bb4.25.1&Prime; _module_preset=\u00a0\u00bbdefault\u00a0\u00bb header_font=\u00a0\u00bbSoulcraft Wide||||||||\u00a0\u00bb header_text_color=\u00a0\u00bb#1C2953&Prime; header_font_size=\u00a0\u00bb20px\u00a0\u00bb header_line_height=\u00a0\u00bb1.4em\u00a0\u00bb body_font=\u00a0\u00bb||||||||\u00a0\u00bb body_text_align=\u00a0\u00bbleft\u00a0\u00bb body_text_color=\u00a0\u00bbgcid-77784515-52da-45c3-b038-e5c2d51b4bf9&Prime; body_line_height=\u00a0\u00bb1.4em\u00a0\u00bb meta_font=\u00a0\u00bb|700|||||||\u00a0\u00bb meta_text_align=\u00a0\u00bbleft\u00a0\u00bb meta_text_color=\u00a0\u00bbgcid-ef4e245a-162a-48e8-976d-1f0669a09958&Prime; meta_font_size=\u00a0\u00bb15px\u00a0\u00bb meta_line_height=\u00a0\u00bb1.4em\u00a0\u00bb read_more_font=\u00a0\u00bbSoulcraft Wide|700|||||||\u00a0\u00bb read_more_text_color=\u00a0\u00bbgcid-77784515-52da-45c3-b038-e5c2d51b4bf9&Prime; read_more_font_size=\u00a0\u00bb16px\u00a0\u00bb read_more_line_height=\u00a0\u00bb1.5em\u00a0\u00bb background_enable_color=\u00a0\u00bboff\u00a0\u00bb custom_margin=\u00a0\u00bb0px||||false|false\u00a0\u00bb custom_padding=\u00a0\u00bb0px||||false|false\u00a0\u00bb header_font_size_tablet=\u00a0\u00bb22px\u00a0\u00bb header_font_size_phone=\u00a0\u00bb20px\u00a0\u00bb header_font_size_last_edited=\u00a0\u00bbon|phone\u00a0\u00bb header_line_height_tablet=\u00a0\u00bb1.3em\u00a0\u00bb header_line_height_phone=\u00a0\u00bb1.3em\u00a0\u00bb header_line_height_last_edited=\u00a0\u00bbon|tablet\u00a0\u00bb body_font_size_tablet=\u00a0\u00bb16px\u00a0\u00bb body_font_size_phone=\u00a0\u00bb16px\u00a0\u00bb body_font_size_last_edited=\u00a0\u00bbon|tablet\u00a0\u00bb read_more_font_size_tablet=\u00a0\u00bb15px\u00a0\u00bb read_more_font_size_phone=\u00a0\u00bb15px\u00a0\u00bb read_more_font_size_last_edited=\u00a0\u00bbon|desktop\u00a0\u00bb custom_css_free_form=\u00a0\u00bb.et_pb_blog_0:not(.et_pb_blog_grid_wrapper) .et_pb_post {||    border-radius: 20px 20px 20px 20px;||    overflow: hidden;||    padding-top: 4%;||    padding-bottom: 4%;||    padding-left: 4%;||    padding-right: 4%;||}||.et_pb_blog_0 .et_pb_post, .et_pb_blog_0 .et_pb_post .post-content * {||    color: #000000!important;||    background: white;||}\u00a0\u00bb custom_css_title=\u00a0\u00bbpadding-left: 2%;||padding-right: 2%;||Padding-top: 0%||\u00a0\u00bb custom_css_content=\u00a0\u00bbpadding-left: 2%;||padding-right: 2%;\u00a0\u00bb custom_css_read_more=\u00a0\u00bbbackground-color: #e76025!important;||border: 2px solid #1c2953!important;||\u00a0\u00bb border_color_all_fullwidth=\u00a0\u00bbgcid-77784515-52da-45c3-b038-e5c2d51b4bf9&Prime; border_radii_image=\u00a0\u00bbon|10px|10px|10px|10px\u00a0\u00bb global_colors_info=\u00a0\u00bb{%22gcid-ef4e245a-162a-48e8-976d-1f0669a09958%22:%91%22meta_text_color%22,%22read_more_text_color__hover%22,%22meta_text_color%22,%22read_more_text_color__hover%22,%22meta_text_color%22,%22read_more_text_color__hover%22,%22meta_text_color%22,%22read_more_text_color__hover%22,%22meta_text_color%22,%22read_more_text_color__hover%22,%22meta_text_color%22,%22read_more_text_color__hover%22,%22meta_text_color%22,%22read_more_text_color%22,%22read_more_text_color__hover%22,%22meta_text_color%22,%22read_more_text_color%22,%22read_more_text_color__hover%22,%22read_more_text_color%22,%22read_more_text_color__hover%22,%22meta_text_color%22%93,%22gcid-77784515-52da-45c3-b038-e5c2d51b4bf9%22:%91%22body_text_color%22,%22border_color_all_fullwidth%22,%22read_more_text_color%22,%22body_text_color%22,%22border_color_all_fullwidth%22,%22read_more_text_color%22,%22body_text_color%22,%22border_color_all_fullwidth%22,%22body_text_color%22,%22border_color_all_fullwidth%22%93}\u00a0\u00bb custom_css_title_last_edited=\u00a0\u00bbon|phone\u00a0\u00bb custom_css_title_phone=\u00a0\u00bbpadding-top: 10%;||padding-left: 2%;||\u00a0\u00bb custom_css_title_tablet=\u00a0\u00bbpadding-left: 2%;||padding-right: 2%;||\u00a0\u00bb read_more_text_color__hover_enabled=\u00a0\u00bbon|hover\u00a0\u00bb read_more_text_color__hover=\u00a0\u00bb#f06449&Prime; custom_css_read_more__hover_enabled=\u00a0\u00bbon|hover\u00a0\u00bb custom_css_read_more__hover=\u00a0\u00bbbackground-color: #1c2953!important;||border: 2px solid #1c2953!important;||\u00a0\u00bb custom_css_post_meta_tablet=\u00a0\u00bbpadding-left: 2%;||\u00a0\u00bb custom_css_post_meta_phone=\u00a0\u00bbpadding-left: 2%!important;||padding-top: 10px!important;\u00a0\u00bb custom_css_post_meta_last_edited=\u00a0\u00bbon|phone\u00a0\u00bb][\/et_pb_blog][\/et_pb_column][\/et_pb_row][\/et_pb_section]<\/p>\n","protected":false},"excerpt":{"rendered":"<p>De plus en plus de gouvernements europ\u00e9ens d\u00e9cident d&rsquo;introduire la consigne sur les canettes et les bouteilles ou d\u2019\u00e9largir leur syst\u00e8me de consigne existant. Le rythme s&rsquo;acc\u00e9l\u00e8re depuis l&rsquo;adoption en 2019 de la directive europ\u00e9enne sur les plastiques \u00e0 usage unique.<\/p>\n","protected":false},"author":16,"featured_media":23957773,"comment_status":"closed","ping_status":"closed","sticky":false,"template":"","format":"standard","meta":{"_acf_changed":false,"_et_pb_use_builder":"on","_et_pb_old_content":"<em>Derni\u00e8re mise \u00e0 jour : f\u00e9vrier 2024.<\/em>\r\n\r\nDe plus en plus de gouvernements europ\u00e9ens d\u00e9cident d'introduire la consigne sur les canettes et les bouteilles en plastique. D\u2019autres pays \u00e9largissent leur syst\u00e8me de consigne existant. Le rythme s'acc\u00e9l\u00e8re depuis l'adoption en 2019 de la directive europ\u00e9enne sur les plastiques \u00e0 usage unique. Cette directive <a href=\"https:\/\/eur-lex.europa.eu\/legal-content\/NL\/TXT\/PDF\/?uri=CELEX%3A32019L0904&from=EN\">Single Use Plastic<\/a> stipule que toutes les bouteilles en plastique devront contenir au moins 25 % <i>de contenu recycl\u00e9<\/i> d'ici 2025, et que les \u00c9tats membres doivent collecter s\u00e9par\u00e9ment 90 % des bouteilles en plastique d'ici 2029. Avec la consigne, les \u00e9tats s'attaquent aux d\u00e9chets sauvages et \u00e0 la pollution plastique. Dans cet article, nous examinons les diff\u00e9rentes d\u00e9cisions des gouvernements et parlements concernant la consigne au sein de l'Union Europ\u00e9enne.\r\n\r\n<img class=\"aligncenter wp-image-23948395 size-large\" src=\"https:\/\/fairresourcefoundation.org\/wp-content\/uploads\/2024\/03\/StatiegeldEuropeMap_2024FR-1002x1024.png\" alt=\"\" width=\"1002\" height=\"1024\" \/>\r\n<h2><b>D\u00e9cisions dans 11 pays europ\u00e9ens depuis 2016<\/b><\/h2>\r\n<h3><b>Autriche<\/b><\/h3>\r\nLa ministre de l'environnement Leonore Gewessler a lanc\u00e9 le <a href=\"https:\/\/www.euwid-recycling.com\/news\/policy\/single\/Artikel\/austria-plans-deposit-for-single-use-beverage-containers-brquota-for-refillable-bottles.html\">7 septembre 2020<\/a> le <a href=\"https:\/\/www.diepresse.com\/5863472\/gewessler-setzt-im-kampf-gegen-plastikmull-auf-pfand-und-abgabe\">plan en 3 parties du gouvernement autrichien<\/a> pour mettre fin aux d\u00e9chets plastiques. En Octobre 2021, la <a href=\"https:\/\/www.bottlebill.org\/index.php\/current-and-proposed-laws\/worldwide\/austria\">loi sur les emballages \u00e0 usage unique a \u00e9t\u00e9 adopt\u00e9e<\/a>. Elle pr\u00e9voit un syst\u00e8me de consigne sur les emballages de boissons \u00e0 usage unique, les bouteilles en PET et canettes.\r\n\r\nLe 8 septembre 2022, L\u00e9onore Gewessler a annonc\u00e9 que le syst\u00e8me sera op\u00e9rationnel en 2025. Le montant de la consigne sera de 0,25\u20ac sur tous les emballages entre 0,1 et 3 litres. Il n\u2019y a qu\u2019une exception, pour le lait, en raison de sa nature p\u00e9rissable.\r\n\r\nLes emballages de boissons pourront \u00eatre remis dans tous les points de vente ainsi que dans les gares et les centres de collecte de mat\u00e9riaux usag\u00e9s. \u201cL\u2019objectif est de cr\u00e9er le meilleur et le plus efficace syst\u00e8me de consigne en Europe\u201d, a <a href=\"https:\/\/www.diepresse.com\/6187028\/25-cent-pfand-pro-flasche-und-dose-ab-2025-in-oesterreich\">d\u00e9clar\u00e9<\/a> la ministre du climat. En outre, le gouvernement autrichien des conservateurs et des verts souhaite exiger que 25% des boissons soient vendues dans des bouteilles r\u00e9utilisables \u00e0 partir de 2023, puis 40% en 2025 et 55% en 2030. Un <a href=\"https:\/\/www.researchaffairs.at\/\">sondage d'opinion<\/a> r\u00e9alis\u00e9 par Research Affairs en ao\u00fbt 2020 montre que 81 % des Autrichiens sont favorables \u00e0 une consigne sur les bouteilles en PET et 76 % \u00e0 l'introduction d'une consigne sur les canettes.\r\n<h3>Hongrie<\/h3>\r\nDepuis le 1er Janvier 2024, la Hongrie a \u00e9galement introduit la consigne. Le syst\u00e8me, op\u00e9r\u00e9 par l'op\u00e9rateur syst\u00e8me <a href=\"https:\/\/mohu.hu\/\">MOHU<\/a> (MOL Hullad\u00e9kgazd\u00e1lkod\u00e1si Zrt.). Le syst\u00e8me couvre les boissons dans des emballages \u00e0 usage unique en m\u00e9tal, bouteilles en verre et plastique, d'une contenance comprise entre 0,1 litre et 3 litres. (produits laitiers exclus). Les consommateurs paient une consigne de 50 forints hongrois (environ 0,13 \u20ac) lors de l'achat d'une boisson \u00e9ligible, Tous points de vente de plus de 400 m2 doit accepter les emballages. De nombreux autres points participent \u00e9galement \u00e0 a reprise de mani\u00e8re manuelle.\r\n<h3><b>Irlande<\/b><\/h3>\r\nEn Irlande, le gouvernement compos\u00e9 des conservateurs, des chr\u00e9tiens-d\u00e9mocrates, des lib\u00e9raux et des verts a annonc\u00e9 en septembre 2020 qu'une consigne sera introduite au troisi\u00e8me trimestre de 2022. Malgr\u00e9 un retard de plus d'un an dans l'introduction du syst\u00e8me, les canettes et bouteilles en plastique sont d\u00e9sormais \u00e9galement consign\u00e9es et peuvent \u00eatre rapport\u00e9es en magasin depuis le <strong>1er F\u00e9vrier 2024<\/strong>. Le syst\u00e8me est g\u00e9r\u00e9 par l'op\u00e9rateur syst\u00e8me <a href=\"https:\/\/re-turn.ie\/\">re-turn<\/a>.\r\n<h3><b>Lettonie<\/b><\/h3>\r\nEn Lettonie, le parlement a vot\u00e9 en octobre <b>2019<\/b> la loi sur les emballages qui introduit le syst\u00e8me de consigne. Il a<a href=\"https:\/\/www.baltictimes.com\/beverage_packaging_deposit_system_has_officially_launched\/\"> d\u00e9but\u00e9 le 1er f\u00e9vrier 2022<\/a>. Le syst\u00e8me de consigne<a href=\"https:\/\/bnn-news.com\/packaging-deposit-system-in-latvia-the-cans-and-cannots-231493\"> comprend<\/a> les emballages en verre, en plastique PET et en m\u00e9tal (canettes) remplis de boissons non alcoolis\u00e9es, tous types de bi\u00e8re et d'autres boissons alcoolis\u00e9es jusqu'\u00e0 6 %.\r\n<h3><b>Lituanie<\/b><\/h3>\r\nLa Lituanie a promulgu\u00e9 en f\u00e9vrier <b>2016<\/b> la loi mettant en place la consigne pour les canettes et les bouteilles \u00e0 usage unique. La consigne est la m\u00eame pour tous les emballages et s'\u00e9l\u00e8ve \u00e0 0,10 \u20ac par bouteille ou canette. Le syst\u00e8me de consigne est g\u00e9r\u00e9 par<a href=\"https:\/\/grazintiverta.lt\/apie\/26\"> U\u017estato Sistemos Administratorius<\/a>. Le taux de retour des bouteilles en plastique a depuis augment\u00e9 de<a href=\"https:\/\/www.openaccessgovernment.org\/recycling-lithuania-deposit-system-exceeds-all-expectations\/45003\/\"> fa\u00e7on spectaculaire<\/a> : il \u00e9tait de 34% avant le syst\u00e8me de consigne, de 74% fin 2016, de 92% fin 2017 et de<a href=\"https:\/\/www.openaccessgovernment.org\/recycling-lithuania-deposit-system-exceeds-all-expectations\/45003\/\"> 93% en 2018<\/a>. La consigne a \u00e9t\u00e9 introduite sous le<a href=\"https:\/\/fr.wikipedia.org\/wiki\/Gouvernement_Butkevi%C4%8Dius\"> gouvernement Butkevi\u010dius<\/a>, compos\u00e9 de socialistes, de lib\u00e9raux, de conservateurs et de d\u00e9mocrates chr\u00e9tiens.\r\n<h3><b>Luxembourg<\/b><\/h3>\r\nLe Parlement luxembourgeois a<a href=\"https:\/\/www.wort.lu\/fr\/luxembourg\/ce-que-va-changer-la-loi-dechets-dans-notre-quotidien-62696717de135b9236eca271\"> approuv\u00e9<\/a> la<a href=\"https:\/\/www.chd.lu\/wps\/PA_RoleDesAffaires\/FTSByteServingServletImpl?path=4BC1219423A6BBBA54E98E6227B6577FCB04D95FF4C2D8A7AFEB57C6E164512A9FCEB334B5C639F691AB93D45E899E30$8B8415DFF7EFFF5CC41D451FF2EC8431\"> loi sur la consigne<\/a> le 5 mai <b>2022<\/b>. Une consigne nationale unique sera d\u2019application sur tous les \u201c<i>emballages de boissons destin\u00e9es \u00e0 la consommation humaine qui sont mis sur le march\u00e9 luxembourgeois<\/i>\u201d. Le montant de la consigne variera entre 10 centimes et 1 euro, selon le type d'emballage. La loi pr\u00e9voit d\u00e9j\u00e0 une obligation de reprise des d\u00e9chets pour les responsables des emballages ou des d\u00e9chets d'emballages des consommateurs ou de tout autre utilisateur final. Certains \u00e9l\u00e9ments seront pr\u00e9cis\u00e9s dans un r\u00e8glement grand-ducal. Il s'agit principalement du montant de la consigne par type d'emballage de boisson, du calendrier d\u00e9taill\u00e9 du d\u00e9ploiement ainsi que des exigences relatives \u00e0 l'organisation de la fili\u00e8re (par exemple, pr\u00e9sence d'une administration centrale, organisation des producteurs).\r\n<h3><b>Malte<\/b><\/h3>\r\n\u00c0 Malte, la r\u00e9glementation sur la consigne des emballages de boissons est entr\u00e9e en vigueur le 31 juillet <strong>2020<\/strong>. Le syst\u00e8me a vu le jour le <a href=\"https:\/\/packagingeurope.com\/news\/malta-becomes-latest-country-to-launch-deposit-return-scheme\/9086.article\">14 novembre 2022<\/a>. Le montant de la consigne est de 0,10\u20ac\u00a0 pour toutes les canettes en aluminium et en acier ainsi que les bouteilles en verre et en PET d'une capacit\u00e9 comprise entre 0,1 et 3 litres. Les produits laitiers, les jus de fruits, le vin et les alcools sup\u00e9rieurs \u00e0 5,0 % d'alcool par volume sont pour le moment exempts de ce syst\u00e8me.\r\n<h3><b>Les Pays-Bas<\/b><\/h3>\r\nAux Pays-Bas<b>, <\/b>le gouvernement <a href=\"https:\/\/nl.wikipedia.org\/wiki\/Kabinet-Rutte_III\">Rutte III<\/a> (lib\u00e9raux des partis VVD et D66, chr\u00e9tiens-d\u00e9mocrates du CDA et CU) a d\u00e9cid\u00e9 en avril <strong>2020<\/strong> le lancement de la consigne sur les petites bouteilles en plastique d\u00e8s le 1er juillet 2021. Le gouvernement n\u00e9erlandais \u00e9tend ainsi le syst\u00e8me de consigne pr\u00e9sent sur les grandes bouteilles en plastique \u00e0 l\u2019ensemble des bouteilles en plastique. Les producteurs de boissons <a href=\"https:\/\/www.cocacolanederland.nl\/leer-ons-kennen\/nieuws-en-pers\/onze-reactie-op-uitbreiding-statiegeld-op-kleine-pet-flessen-\">Coca-Cola Pays-Bas<\/a> et <a href=\"https:\/\/www.distrifood.nl\/fabrikanten\/nieuws\/2019\/09\/waterfabrikant-spadel-wil-ook-statiegeld-op-flesjes-101127243\">Spadel Pays-Bas<\/a> ont montr\u00e9 leur soutien \u00e0 l\u2019expansion du syst\u00e8me. Puisque la consigne garantit la qualit\u00e9 du plastique et un recyclage suffisant du PET, <a href=\"https:\/\/www.sciencetimes.com\/articles\/27274\/20200912\/coca-cola-uses-100-recycled-plastic-bottles-netherlands-norway.htm\">Coca-Cola a choisi les Pays-Bas<\/a> comme second pays o\u00f9 elle mettra en vente des bouteilles en plastique 100% recycl\u00e9.\r\n\r\nLa consigne a rapidement donn\u00e9 des r\u00e9sultats en termes de propret\u00e9. Seulement six mois apr\u00e8s l\u2019introduction de la consigne sur les petites bouteilles, le minist\u00e8re du Rijkswaterstaat comptait d\u00e9j\u00e0 une diminution de <a href=\"https:\/\/www.tweedekamer.nl\/kamerstukken\/brieven_regering\/detail?id=2022Z06559&did=2022D13380\">41%<\/a>\u00a0des petites bouteilles dans la nature entre d\u00e9cembre 2021 et 2022.\r\n\r\nEn f\u00e9vrier 2021, le gouvernement hollandais a d\u00e9cid\u00e9 d\u2019introduire la consigne sur les canettes. Le syst\u00e8me devait d\u00e9marrer le 31 d\u00e9cembre 2022. Finalement, suite \u00e0 une <a href=\"https:\/\/recyclingnetwerk.org\/fr\/2022\/12\/02\/lindustrie-a-elle-meme-sabote-lintroduction-de-la-consigne-sur-les-canettes-mais-le-conseil-detat-accorde-encore-un-report-de-cette-mesure\/\">annonce unilat\u00e9rale<\/a> de l'industrie, l'expansion a eu lieu le 1er Avril 2023. L'impact sur les d\u00e9chets sauvages est d\u00e9j\u00e0 prouv\u00e9, malgr\u00e9 les difficult\u00e9s rencontr\u00e9es.\r\n<h3><b>Pologne<\/b><\/h3>\r\nLe gouvernement polonais a<a href=\"https:\/\/wiadomosci-radiozet-pl.translate.goog\/Biznes\/System-kaucyjny-w-calym-kraju.-Zwrocimy-takze-puszki-i-butelki?_x_tr_sl=auto&_x_tr_tl=en&_x_tr_hl=en-US&_x_tr_pto=wapp\"> d\u00e9cid\u00e9<\/a> le 2 juin <b>2022<\/b> qu'il y aurait une consigne sur les canettes et les bouteilles d\u00e8s 2023. Absolument n\u00e9cessaire dans la lutte contre les d\u00e9chets sauvages, selon le ministre du climat et de l'environnement. Le syst\u00e8me de consigne devra couvrir les bouteilles en verre jetables et r\u00e9utilisables jusqu'\u00e0 1,5 litre, les bouteilles en PET jusqu'\u00e0 3 litres et les canettes en aluminium jusqu'\u00e0 1 litre. Une obligation de reprise sera pr\u00e9sente pour les magasins d'une superficie sup\u00e9rieure \u00e0 100 m\u00b2. Les points de vente plus petits pourront adh\u00e9rer volontairement au syst\u00e8me.\r\n<h3><b>Roumanie<\/b><\/h3>\r\nEn octobre 2021, le gouvernement roumain a <a href=\"https:\/\/www.romania-insider.com\/packaging-return-system-ro-uncertain-jul-2022\">d\u00e9cid\u00e9<\/a> d\u2019introduire un syst\u00e8me de consigne. Les consommateurs paieront une consigne de 0,50 RON (0,10 euro) \u00e0 l\u2019achat de boissons aupr\u00e8s des d\u00e9taillants. Depuis le 30 novembre 2023, le syst\u00e8me de consigne roumain couvre tous les emballages de boissons \u00e0 usage unique en verre, plastique et m\u00e9tal, d'un volume compris entre 0,1 et 3 litres. Les emballages peuvent \u00eatre rapport\u00e9s dans tous point vendant des boissons.\r\n<h3><b>Slovaquie<\/b><\/h3>\r\nEn Slovaquie, le<a href=\"https:\/\/spectator.sme.sk\/c\/22210435\/slovakia-will-introduce-deposits-on-pet-bottles-and-cans-in-2022.html\"> parlement a vot\u00e9<\/a> en septembre <b>2019<\/b> la loi instaurant un syst\u00e8me de consigne sur les bouteilles PET et canettes d\u00e8s 2022. Tous les magasins d'une superficie sup\u00e9rieure \u00e0 300 m\u00e8tres carr\u00e9s doivent reprendre les emballages vides. La consigne est d\u2019un montant unique de 0,15 euros. Le syst\u00e8me, administr\u00e9 par l\u2019op\u00e9rateur<a href=\"https:\/\/www.slovenskozalohuje.sk\/\"> Slovensko z\u00e1lohuje<\/a>, est en place d\u00e9sormais et a d\u00e9montr\u00e9 tout de suite des r\u00e9sultats impressionnants. <a href=\"https:\/\/www.tomra.com\/en\/reverse-vending\/media-center\/feature-articles\/slovakia-deposit-return-scheme\">En seulement un an<\/a>, le taux de retour des emballages consign\u00e9s est pass\u00e9 de 60 \u00e0 70%.\r\n\r\n\u00a0\r\n<h2><b>Annonces gouvernementales et d\u00e9bats dans 9 pays europ\u00e9ens<\/b><\/h2>\r\n<h3><b>Belgique<\/b><\/h3>\r\nEn Belgique, il existe une consigne sur certaines bouteilles en verre r\u00e9utilisables, notamment pour la bi\u00e8re. Le <a href=\"https:\/\/recyclingnetwerk.org\/2020\/09\/11\/historiek-van-het-vlaams-zwerfvuilbeleid-in-handen-van-coca-cola-ab-inbev-en-colruyt\/\">d\u00e9bat sur l'introduction de la consigne<\/a> sur les canettes et les bouteilles en plastique dure depuis plus d'une d\u00e9cennie. L\u2019introduction de la consigne en Belgique rel\u00e8ve de la comp\u00e9tence des r\u00e9gions de Flandre, de Bruxelles et de Wallonie. En 2018, l'industrie a eu une <a href=\"https:\/\/recyclingnetwerk.org\/2020\/09\/11\/historiek-van-het-vlaams-zwerfvuilbeleid-in-handen-van-coca-cola-ab-inbev-en-colruyt\/\">derni\u00e8re chance<\/a> de s'attaquer aux d\u00e9chets sauvages de plus en plus nombreux par des actions de sensibilisation et la mise en place de sanctions. Cependant, la quantit\u00e9 de d\u00e9chets sauvages en Flandre <a href=\"https:\/\/recyclingnetwerk.org\/2020\/12\/10\/beleid-van-vlaamse-regering-werkt-niet-zwerfvuil-neemt-sterk-toe\/\">continue d'augmenter<\/a>.\r\n\r\nDepuis 2017, des centaines de municipalit\u00e9s, d'entreprises et d'organisations ont rejoint l'<a href=\"https:\/\/statiegeldalliantie.org\/nl\/\">Alliance pour la Consigne<\/a>, qui demande aux gouvernements r\u00e9gionaux d'introduire rapidement la consigne sur toutes les canettes et bouteilles en plastique. En 2019, les nouveaux gouvernements de <a href=\"https:\/\/publicaties.vlaanderen.be\/view-file\/31741\">Flandre<\/a>, de <a href=\"https:\/\/www.standaard.be\/cnt\/dmf20190718_04516122\">Bruxelles<\/a> et de <a href=\"https:\/\/recyclingnetwerk.org\/2019\/09\/09\/statiegeld-komt-dichterbij-ook-in-wallonie\/\">Wallonie<\/a> ont inscrit la possible introduction d\u2019une consigne dans leurs accords de coalition. Depuis 2021, plus de 100 <a href=\"https:\/\/statiegeldalliantie.org\/nl\/de-partners-van-de-statiegeldalliantie\/\">communes wallonnes<\/a> ont rejoint les 200 <a href=\"https:\/\/statiegeldalliantie.org\/nl\/2018\/05\/meer-dan-helft-vlaamse-gemeenten-wil-statiegeld\/\">communes flamandes<\/a> dans l'Alliance pour la consigne. Les partis d'opposition en Flandre (Vooruit) et en Wallonie (Les Engag\u00e9s) ont mis des propositions sur la table de leurs parlements respectifs.\r\n\r\nLa ministre wallonne de l'Environnement C\u00e9line Tellier (Ecolo) a lanc\u00e9 en 2022 une \u00e9tude sur la mise en place d\u2019une consigne. \u00c0 l\u2019\u00e9t\u00e9 2022, la municipalit\u00e9 de Bredene a men\u00e9 avec succ\u00e8s un <a href=\"https:\/\/www.hln.be\/binnenland\/proefproject-met-statiegeld-is-succes-hopelijk-volgt-vlaamse-regering-ons-voorbeeld~af4a07c3\/\">projet pilote<\/a> de consigne. Le 6 septembre 2022, la ministre flamande de l'environnement Zuhal Demir (N-VA) a d\u00e9clar\u00e9 que la consigne est <a href=\"https:\/\/www.vrt.be\/vrtnws\/nl\/2022\/09\/06\/statiegeld-demir\/\">in\u00e9vitable<\/a> et que le gouvernement flamand prendra une d\u00e9cision en 2022 sur la base des derniers chiffres concernant les d\u00e9chets sauvages.\r\n\r\nLe <a href=\"https:\/\/www.ivcie.be\/wp-content\/uploads\/2018\/10\/AGREMENT-FOST-PLUS-2024-CIE.pdf\">nouvel agr\u00e9ment 2024-2028<\/a> de l'\u00c9co-organisme responsable de la gestion des d\u00e9chets m\u00e9nagers (Fost Plus) pr\u00e9voit l'introduction d'un syst\u00e8me de consigne pour l'ensemble des canettes et bouteilles, sous couvert d'un accord entre les trois r\u00e9gions (article 2).\r\n<h3><b>Espagne<\/b><\/h3>\r\nEn Espagne, une <a href=\"https:\/\/elpais.com\/clima-y-medio-ambiente\/2021-12-23\/guerra-al-plastico-dos-impuestos-y-agua-gratis-en-los-bares-por-que-espana-necesita-una-nueva-ley-de-residuos.html\">large majorit\u00e9<\/a> a vot\u00e9 en faveur de la loi introduisant la consigne sur les emballages. La loi est maintenant sur la table du S\u00e9nat.\r\n<h3><b>France<\/b><\/h3>\r\nEn France, la ministre Brune Poirson (du parti lib\u00e9ral<a href=\"https:\/\/fr.wikipedia.org\/wiki\/La_R%C3%A9publique_en_marche\"> En Marche<\/a>) a d\u00e9clar\u00e9 le 10 juillet <b>2019<\/b> que le gouvernement fran\u00e7ais souhaite introduire la consigne sur les bouteilles en plastique et les canettes. Elle a re\u00e7u le<a href=\"https:\/\/www.lejdd.fr\/Societe\/tribune-recyclage-les-industriels-de-la-boisson-sengagent-pour-la-consigne-3908363\"> soutien de supermarch\u00e9s et de producteurs de boissons fran\u00e7ais<\/a>, parmi lesquels des multinationales \u00e9galement actives en Belgique et aux Pays-Bas. La pression des maires conservateurs au S\u00e9nat fran\u00e7ais a report\u00e9 le projet \u00e0 2023. La mise en place d'une consigne pour les emballages de boisson r\u00e9utilisables a \u00e9t\u00e9 annonc\u00e9e en juillet 2023, un <a href=\"https:\/\/www.assemblee-nationale.fr\/dyn\/16\/dossiers\/objectifs_emballages\">projet de d\u00e9cret<\/a>\u00a0est actuellement discut\u00e9 au Parlement.\u00a0Parall\u00e8lement, la consigne pour le recyclage a \u00e9t\u00e9 repouss\u00e9e par le pr\u00e9c\u00e9dent ministre de l'Environnement Christophe B\u00e9chu en <a href=\"https:\/\/www.lemonde.fr\/planete\/article\/2023\/09\/28\/la-france-renonce-a-la-consigne-pour-recycler-les-bouteilles-en-plastique_6191372_3244.html\">septembre 2023<\/a>.\r\n<h3><b>Gr\u00e8ce<\/b><\/h3>\r\nEn mai 2021, le groupe de recherche Eunomia et l\u2019Association des\u00a0 fabricants grecs d'emballages et de mat\u00e9riaux ont appel\u00e9 le gouvernement grec <a href=\"https:\/\/resource.co\/article\/drs-fundamental-greece-reaching-recycling-targets\">\u00e0 introduire un syst\u00e8me de consigne dans le pays<\/a>. La Gr\u00e8ce s\u2019est engag\u00e9e \u00e0 introduire un <a href=\"https:\/\/www.oecd.org\/environment\/ministerial\/outcomes\/Environment-Ministers-commitments-on-plastics.pdf\">syst\u00e8me de consigne national<\/a> \u00e0 partir\u00a0 de juillet 2023, dans le cadre de la nouvelle l\u00e9gislation nationale en mati\u00e8re de d\u00e9chets, recyclage et \u00e9conomie circulaire.\r\n<h3><b>Italie<\/b><\/h3>\r\nLe groupe d'organisations non gouvernementales comprenant\u00a0 l'Association nationale des Comuni Virtuosi, Greenpeace Italia, Oxfam, WWF Italia et Zero Waste Italy a <a href=\"https:\/\/packagingeurope.com\/news\/new-campaign-calls-for-mandatory-national-deposit-return-scheme-in-italy\/8013.article\">uni ses forces<\/a> pour soutenir l'introduction d'un syst\u00e8me national obligatoire de consigne pour les emballages de boissons en Italie. La campagne, intitul\u00e9e \"<a href=\"https:\/\/www.buonrendere.it\/\">Buon Rendere - molto pi\u00f9 di un vuoto<\/a>\", est la premi\u00e8re initiative nationale en faveur d'un syst\u00e8me de consigne en Italie. Ils ont lanc\u00e9 un appel commun en novembre 2021 au gouvernement Draghi et \u00e0 Roberto Cingolani, ministre italien de la transition \u00e9cologique, pour acc\u00e9l\u00e9rer l'introduction d'un syst\u00e8me de consigne efficace dans le pays.\r\n<h3><b>Portugal\u00a0<\/b><\/h3>\r\nEn mars 2020, un projet pilote pour un syst\u00e8me de consigne \u00e0 l'\u00e9chelle nationale a \u00e9t\u00e9 lanc\u00e9 au Portugal avec le soutien et l'appui de l'industrie alimentaire et des producteurs de boissons portugais. Le gouvernement a mis en place le <a href=\"https:\/\/www.mondaq.com\/waste-management\/838506\/implementation-of-the-deposit-return-scheme-pilot-project\">d\u00e9cret-loi pr\u00e9voyant l\u2019introduction d\u2019un syst\u00e8me de consigne<\/a> pour 2022. Cependant aucune d\u00e9cision n\u2019a pour le moment \u00e9t\u00e9 prise quant aux modalit\u00e9s pratiques de cette mise en place. Une <a href=\"https:\/\/www.aimmportugal.org\/petition-for-a-deposit-return-system-for-beverage-containers-in-portugal\/\">p\u00e9tition<\/a> a \u00e9t\u00e9 lanc\u00e9e par la Marine Environment Research Association pour demander au gouvernement d\u2019introduire rapidement et de mani\u00e8re efficace ce syst\u00e8me de consigne.\r\n<h3><b>Royaume-Uni<\/b><\/h3>\r\nEn mars <b>2018<\/b>, le<a href=\"https:\/\/www.bbc.com\/news\/science-environment-43563164\"> gouvernement<\/a> britannique de Theresa May (Conservateurs) a annonc\u00e9 un syst\u00e8me de consigne sur les emballages de boissons. La s\u00e9rie<a href=\"https:\/\/www.bbcearth.com\/shows\/blue-planet-ii\"> Blue Planet II<\/a> avait d\u00e9nonc\u00e9 la menace de la pollution plastique des oc\u00e9ans. En juillet 2019, le gouvernement britannique a<a href=\"https:\/\/www.gov.uk\/government\/consultations\/introducing-a-deposit-return-scheme-drs-for-drinks-containers-bottles-and-cans\/outcome\/introducing-a-deposit-return-scheme-drs-in-england-wales-and-northern-ireland-executive-summary-and-next-steps\"> d\u00e9clar\u00e9<\/a> qu'il visait 2023 pour disposer d'un syst\u00e8me de consigne enti\u00e8rement op\u00e9rationnel. 84% des Britanniques sont en faveur de la consigne sur l\u2019ensemble des emballages de boissons, d\u00e9montre un<a href=\"https:\/\/www.conveniencestore.co.uk\/legislation\/new-poll-says-uk-consumers-favour-all-in-deposit-return-scheme\/645474.article\"> sondage d'opinion<\/a> r\u00e9alis\u00e9 par Populus en juin 2020.\r\n\r\nEn mai <b>2019<\/b>, le gouvernement \u00e9cossais, dirig\u00e9 par Nicola Sturgeon du<a href=\"https:\/\/fr.wikipedia.org\/wiki\/Parti_national_%C3%A9cossais\"> Parti National \u00c9cossais<\/a>, a annonc\u00e9 le projet<a href=\"https:\/\/www.theguardian.com\/environment\/2019\/may\/08\/scotland-launches-20p-deposit-return-scheme-for-drinks-cans-and-bottles\"> d'instaurer<\/a> la consigne sur les bouteilles en plastique, les bouteilles en verre et les canettes. Le<a href=\"https:\/\/www.circularonline.co.uk\/news\/scotland-votes-in-favour-of-deposit-return-scheme\/\"> Parlement \u00e9cossais<\/a> a vot\u00e9 le syst\u00e8me de consigne en mai 2020. L'\u00c9cosse sera ainsi la premi\u00e8re r\u00e9gion du Royaume-Uni \u00e0 disposer de la consigne d\u00e8s le 16 ao\u00fbt 2023. Le syst\u00e8me couvre toutes les boissons vendues en plastique PET, en m\u00e9tal et en verre. Il y aura une consigne unique de<a href=\"https:\/\/www.bbc.com\/news\/uk-scotland-scotland-politics-48198098\"> 20 pence<\/a> (0,23 euro) pour tous les formats.\r\n\r\nEn <strong>Janvier 2023<\/strong>, les d\u00e9tails de l'introduction de la consigne au Royaume-Uni, au Pays de Galle et en Irlande du Nord ont \u00e9t\u00e9 <a href=\"https:\/\/assets.publishing.service.gov.uk\/government\/uploads\/system\/uploads\/attachment_data\/file\/1130296\/DRS_Government_response_Jan_2023.pdf\">d\u00e9voil\u00e9s<\/a>. Les syst\u00e8mes dans chaque r\u00e9gion devraient voir le jour au 1er Octobre 2025. L'int\u00e9gralit\u00e9 des bouteilles PET ainsi que les canettes en aluminium et acier seront incluses dans le syst\u00e8me (entre 50mL et 3L). Les bouteilles en verre ne seront incluses que dans le syst\u00e8me gallois. Les points de vente seront tenus de reprendre les emballages mis sur le march\u00e9 (obligation de reprise).\r\n<h3><b>Serbie<\/b><\/h3>\r\nEn 2019, le directeur de l'Agence serbe de protection de l'environnement (SEPA), Filip Radovi\u0107, a <a href=\"https:\/\/balkangreenenergynews.com\/introduction-of-deposit-system-could-be-discussed-in-2019-sepa-director\/\">annonc\u00e9<\/a> que l'introduction d'un syst\u00e8me de consigne en Serbie pour r\u00e9glementer le retour et l'\u00e9limination des d\u00e9chets d'emballages pourrait \u00eatre discut\u00e9e en 2019. Bien que le sujet de la consigne soit sur la table <a href=\"https:\/\/www.ekapija.com\/en\/news\/3714999\/what-kind-of-deposit-system-for-packaging-does-serbia-need-and-will\">depuis de nombreuses ann\u00e9es<\/a>, aucune d\u00e9cision n\u2019a \u00e9t\u00e9 prise \u00e0 ce jour.\r\n<h3><b>Slov\u00e9nie<\/b><\/h3>\r\nLe ministre slov\u00e8ne de l'environnement Andrej Vizjak est favorable \u00e0 la proposition de mettre en place le syst\u00e8me de retour des bouteilles en Slov\u00e9nie, propos\u00e9e par l'ONG environnementale Eko Krog <a href=\"https:\/\/sloveniatimes.com\/industry-representatives-join-call-for-bottle-return-system\/\">fin 2021<\/a>. L'association des entreprises de boissons soutient cette proposition car le syst\u00e8me garantira une meilleure collecte s\u00e9par\u00e9e des bouteilles de boissons, tant celles qui peuvent \u00eatre r\u00e9utilis\u00e9es que celles destin\u00e9es au recyclage.\r\n\r\n\u00a0\r\n<h2><b>Huit pays europ\u00e9ens utilisent la consigne depuis longtemps<\/b><\/h2>\r\n<h3><b>Allemagne<\/b><\/h3>\r\nEn Allemagne, le syst\u00e8me de consigne est en place depuis <b>2003<\/b>, soit<a href=\"https:\/\/en.wikipedia.org\/wiki\/Container-deposit_legislation\"> depuis 18 ans<\/a>. Il existe une consigne sur les emballages de boissons en plastique, en aluminium et en verre. Le montant de la consigne est de<a href=\"https:\/\/en.wikipedia.org\/wiki\/Container-deposit_legislation#Germany\"> 0,25\u20ac<\/a> pour tous les emballages depuis 2016. La consigne est plus \u00e9lev\u00e9e pour les emballages jetables que pour les emballages r\u00e9utilisables, tels que les bouteilles en verre. 97 \u00e0 99% des bouteilles jetables sont collect\u00e9es. Le taux de retour des canettes est<a href=\"https:\/\/en.wikipedia.org\/wiki\/Container-deposit_legislation\"> d'environ 99%<\/a>. En janvier 2021, le gouvernement allemand d'Angela Merkel (CDU - SPD - CSU) a<a href=\"https:\/\/recyclingnetwerk.org\/2021\/01\/20\/duitse-regering-breidt-statiegeld-uit-naar-alle-flessen-en-blikjes\/\"> approuv\u00e9<\/a> une nouvelle<a href=\"https:\/\/www.bundesregierung.de\/breg-de\/suche\/mehrweg-fuers-essen-to-go-1840830\"> loi sur les emballages<\/a> (<i>Verpackungsgesetz<\/i>). <strong>La consigne sur les emballages de jus et boissons alcoolis\u00e9es est en place depuis Janvier 2022, et a \u00e9t\u00e9 \u00e9tendue aux produits laitiers en 2024<\/strong>. L'Allemagne a mis en place une consigne (<i>Pfand<\/i>) sur les bouteilles en plastique et les canettes depuis longtemps, en 2003. Mais les jus, le vin et le lait en \u00e9taient exempt\u00e9s. La nouvelle loi sur les emballages ne s'int\u00e9resse donc qu'\u00e0 l\u2019ajout de ces emballages dans le syst\u00e8me et non \u00e0 la boisson qu'ils contiennent.\r\n<h3><b>Croatie<\/b><\/h3>\r\nEn Croatie, une consigne d\u2019un montant de 0,5 kuna croate est pr\u00e9lev\u00e9e sur les emballages non r\u00e9utilisables d'un volume minimum de 200 ml<a href=\"https:\/\/www.cmconsultinginc.com\/wp-content\/uploads\/2017\/05\/BOOK-Deposit-Global-24May2017-for-Website.pdf\"> depuis 2006<\/a>. Les d\u00e9taillants de plus de 200 m\u00b2 sont oblig\u00e9s de reprendre les emballages consign\u00e9s. Le syst\u00e8me est g\u00e9r\u00e9 par le gouvernement et l'objectif de collecte est de 95%. Depuis 2015, la consigne a assur\u00e9 la r\u00e9duction de 90% des emballages non r\u00e9utilisables sur le march\u00e9 croate.\r\n<h3><b>Danemark\u00a0<\/b><\/h3>\r\nLe premier syst\u00e8me de consigne mondial a \u00e9t\u00e9 introduit Danemark en 1922. En <b>1991<\/b> et 1993, la consigne a \u00e9t\u00e9 \u00e9tendue aux bouteilles en plastique. L'op\u00e9rateur du syst\u00e8me de consigne est<a href=\"https:\/\/danskretursystem.dk\/\"> Dansk Retursystem<\/a>, une organisation priv\u00e9e \u00e0 but non lucratif. En 2019, le syst\u00e8me a atteint un<a href=\"https:\/\/danskretursystem.dk\/presse\/#\/pressreleases\/danskerne-panter-som-aldrig-foer-2982130\"> taux de retour global de 92 %<\/a>.\r\n<h3><b>Estonie<\/b><\/h3>\r\nEn Estonie, un syst\u00e8me national de consigne et de recyclage des emballages \u00e0 usage unique et des emballages r\u00e9utilisables est en place depuis 2005. Le montant de la consigne est de 0,10 \u20ac sur la plupart des emballages de boissons en m\u00e9tal, en plastique et en verre. Le syst\u00e8me est g\u00e9r\u00e9 par<a href=\"https:\/\/eestipandipakend.ee\/\"> Eesti Pandipakend<\/a>, une organisation de producteurs repr\u00e9sentant l'Association des brasseurs estoniens, l'Association des producteurs de boissons rafra\u00eechissantes, l'Association des importateurs de boissons rafra\u00eechissantes et de bi\u00e8re et l'Association des d\u00e9taillants estoniens.\r\n<h3><b>Finlande<\/b><\/h3>\r\nEn Finlande, le syst\u00e8me de consigne a \u00e9t\u00e9 introduit pour la premi\u00e8re fois en <b>1952<\/b> - au m\u00eame moment que les Jeux olympiques d'\u00e9t\u00e9 ont amen\u00e9 Coca-Cola dans le pays - sur les bouteilles en verre. Dans les ann\u00e9es 1980, certaines bouteilles en plastique r\u00e9utilisables et durables ont \u00e9t\u00e9 incluses dans le syst\u00e8me de consigne. La consigne a \u00e9t\u00e9 introduite sur les canettes en aluminium en 1996, sur les bouteilles en PET en 2008 et sur les bouteilles en verre recycl\u00e9 en 2012. Le syst\u00e8me est g\u00e9r\u00e9 par<a href=\"https:\/\/www.palpa.fi\/\"> Suomen palautuspakkaus Oy<\/a> (abr\u00e9g\u00e9 en Palpa), un consortium priv\u00e9 d'importateurs et de fabricants de boissons.\r\n<h3><b>Islande<\/b><\/h3>\r\nL'Islande dispose depuis <b>1989<\/b> <a href=\"https:\/\/translate.google.com\/translate?hl=en&prev=_t&sl=auto&tl=nl&u=https:\/\/en.wikipedia.org\/wiki\/Container-deposit_legislation%23cite_note-53#cite_note-53\">d'un syst\u00e8me de consigne<\/a> national pour les emballages en plastique, en aluminium et en verre.\r\n<h3><b>Norv\u00e8ge<\/b><\/h3>\r\nEn Norv\u00e8ge, une loi introduisant la consigne a \u00e9t\u00e9 adopt\u00e9e en <b>1999<\/b>. En 2018, le montant de la consigne a augment\u00e9, passant \u00e0 2 NOK (petites bouteilles et canettes) et 3 NOK (grandes bouteilles).<a href=\"https:\/\/translate.google.com\/translate?hl=en&prev=_t&sl=auto&tl=nl&u=https:\/\/infinitum.no\/\"> Infinitum AS<\/a> (anciennement Norsk Resirk) est responsable de la mise en \u0153uvre du programme national de recyclage des bouteilles en plastique \u00e0 usage unique et des canettes. Cette organisation \u00e0 but non lucratif a \u00e9t\u00e9 fond\u00e9e en 1999 et est d\u00e9tenue par des entreprises et des producteurs de boissons et du commerce alimentaire.\r\n\r\nLe syst\u00e8me norv\u00e9gien fonctionne de telle mani\u00e8re que la \u201ctaxe environnementale\u201d diminue \u00e0 mesure que le taux de retour augmente. Cela signifie que, par exemple, avec un taux de retour de 90% pour les canettes, la taxe environnementale est r\u00e9duite de 90%. Elle est nulle pour un taux de retour de 95%.\r\n<h3><b>Su\u00e8de<\/b><\/h3>\r\nEn Su\u00e8de, les canettes en aluminium sont consign\u00e9es depuis <b>1984<\/b> et les bouteilles en PET depuis 1994. <a href=\"https:\/\/pantamera.nu\/\">Pantamera<\/a> est responsable du syst\u00e8me de consigne sur les canettes en aluminium et les bouteilles en PET.\r\n\r\n\u00a0\r\n<h2><b>La course \u00e0 la consigne<\/b><\/h2>\r\nEn r\u00e9sum\u00e9, on peut parler d'une v\u00e9ritable course vers la consigne en Europe. Le d\u00e9bat sur la pollution plastique a lieu partout. Dans les \u00c9tats membres de l'Union europ\u00e9enne, on travaille d'arrache-pied \u00e0 l'\u00e9laboration d'une l\u00e9gislation visant \u00e0 rem\u00e9dier la pollution plastique et les d\u00e9chets sauvages. Le rythme diff\u00e8re d'un pays \u00e0 l'autre, mais la direction est la m\u00eame.\r\n\r\nLa popularit\u00e9 de la consigne est \u00e9galement en hausse aux fronti\u00e8res de l'Union europ\u00e9enne. En janvier 2019, la <b>Turquie<\/b> a \u00e9galement <a href=\"https:\/\/www.hurriyetdailynews.com\/bottles-deposit-return-scheme-gets-green-light-in-turkey-140671\">d\u00e9cid\u00e9<\/a> qu'il y aurait une consigne sur tous les emballages de boissons sous quatre ans. Avec 80 millions d'habitants, la Turquie sera le deuxi\u00e8me plus grand pays \u00e0 disposer de la consigne au monde apr\u00e8s l'Allemagne.\r\n\r\nDans le cadre de la <a href=\"https:\/\/environment.ec.europa.eu\/publications\/proposal-packaging-and-packaging-waste_en\">r\u00e9vision du R\u00e9glement Europ\u00e9en sur les Emballages et D\u00e9chets d'emballages<\/a> (PPWR) l'introduction obligatoire d'une consigne \u00e0 l'horizon 2029 est discut\u00e9e, assortie de caract\u00e9ristiques essentielles. Cette obligation serait applicable \u00e0 tous pays n'atteignant pas un certain taux de retour. La version finale de la d\u00e9cision est toujours attendue (info mars 2024).\r\n\r\n\u00a0","_et_gb_content_width":"","inline_featured_image":false,"_monsterinsights_skip_tracking":false,"_monsterinsights_sitenote_active":false,"_monsterinsights_sitenote_note":"","_monsterinsights_sitenote_category":0,"footnotes":"","_links_to":"","_links_to_target":""},"categories":[3256,3215],"tags":[3544,3540,3388,3312,3533],"dipi_cpt_category":[],"published_year":[3271,3435,3436],"class_list":["post-22477","post","type-post","status-publish","format-standard","has-post-thumbnail","hentry","category-consigne-fr","category-dechets-et-pollution","tag-belgie-fr","tag-consigne-fr-2","tag-dechets-et-pollution","tag-politique-neerlandaise","tag-politiques-europeennes","published_year-3271","published_year-2022-en","published_year-2022-fr"],"acf":[],"yoast_head":"<!-- This site is optimized with the Yoast SEO plugin v27.5 - https:\/\/yoast.com\/product\/yoast-seo-wordpress\/ -->\n<title>La course vers la consigne en Europe | Fair Resource Foundation<\/title>\n<meta name=\"description\" content=\"De plus en plus de gouvernements europ\u00e9ens d\u00e9cident d&#039;introduire la consigne sur les canettes et les bouteilles en plastique ou d\u2019\u00e9largir leur syst\u00e8me de consigne existant.\" \/>\n<meta name=\"robots\" content=\"index, follow, max-snippet:-1, max-image-preview:large, max-video-preview:-1\" \/>\n<link rel=\"canonical\" href=\"https:\/\/fairresourcefoundation.org\/fr\/course-vers-la-consigne-en-europe\/\" \/>\n<meta property=\"og:locale\" content=\"fr_FR\" \/>\n<meta property=\"og:type\" content=\"article\" \/>\n<meta property=\"og:title\" content=\"La course vers la consigne en Europe | Fair Resource Foundation\" \/>\n<meta property=\"og:description\" content=\"De plus en plus de gouvernements europ\u00e9ens d\u00e9cident d&#039;introduire la consigne sur les canettes et les bouteilles en plastique ou d\u2019\u00e9largir leur syst\u00e8me de consigne existant.\" \/>\n<meta property=\"og:url\" content=\"https:\/\/fairresourcefoundation.org\/fr\/course-vers-la-consigne-en-europe\/\" \/>\n<meta property=\"og:site_name\" content=\"Fair Resource Foundation\" \/>\n<meta property=\"article:published_time\" content=\"2022-09-14T14:35:25+00:00\" \/>\n<meta property=\"article:modified_time\" content=\"2026-04-10T07:44:59+00:00\" \/>\n<meta property=\"og:image\" content=\"https:\/\/fairresourcefoundation.org\/wp-content\/uploads\/2022\/09\/Map_2026_FRF_no_text.png\" \/>\n\t<meta property=\"og:image:width\" content=\"1186\" \/>\n\t<meta property=\"og:image:height\" content=\"1212\" \/>\n\t<meta property=\"og:image:type\" content=\"image\/png\" \/>\n<meta name=\"author\" content=\"Chloe Schwizgebel\" \/>\n<meta name=\"twitter:card\" content=\"summary_large_image\" \/>\n<meta name=\"twitter:label1\" content=\"\u00c9crit par\" \/>\n\t<meta name=\"twitter:data1\" content=\"Chloe Schwizgebel\" \/>\n\t<meta name=\"twitter:label2\" content=\"Dur\u00e9e de lecture estim\u00e9e\" \/>\n\t<meta name=\"twitter:data2\" content=\"25 minutes\" \/>\n<script type=\"application\/ld+json\" class=\"yoast-schema-graph\">{\"@context\":\"https:\\\/\\\/schema.org\",\"@graph\":[{\"@type\":\"Article\",\"@id\":\"https:\\\/\\\/fairresourcefoundation.org\\\/fr\\\/course-vers-la-consigne-en-europe\\\/#article\",\"isPartOf\":{\"@id\":\"https:\\\/\\\/fairresourcefoundation.org\\\/fr\\\/course-vers-la-consigne-en-europe\\\/\"},\"author\":{\"name\":\"Chloe Schwizgebel\",\"@id\":\"https:\\\/\\\/fairresourcefoundation.org\\\/fr\\\/#\\\/schema\\\/person\\\/4459066094b93f6fd3fe4840724a3d7b\"},\"headline\":\"La course vers la consigne en Europe\",\"datePublished\":\"2022-09-14T14:35:25+00:00\",\"dateModified\":\"2026-04-10T07:44:59+00:00\",\"mainEntityOfPage\":{\"@id\":\"https:\\\/\\\/fairresourcefoundation.org\\\/fr\\\/course-vers-la-consigne-en-europe\\\/\"},\"wordCount\":12042,\"publisher\":{\"@id\":\"https:\\\/\\\/fairresourcefoundation.org\\\/fr\\\/#organization\"},\"image\":{\"@id\":\"https:\\\/\\\/fairresourcefoundation.org\\\/fr\\\/course-vers-la-consigne-en-europe\\\/#primaryimage\"},\"thumbnailUrl\":\"https:\\\/\\\/fairresourcefoundation.org\\\/wp-content\\\/uploads\\\/2022\\\/09\\\/Map_2026_FRF_no_text.png\",\"keywords\":[\"Belgique\",\"Consigne\",\"D\u00e9chets et pollution\",\"Politique n\u00e9erlandaise\",\"Politiques europ\u00e9ennes\"],\"articleSection\":[\"Consigne\",\"D\u00e9chets et pollution\"],\"inLanguage\":\"fr-FR\"},{\"@type\":\"WebPage\",\"@id\":\"https:\\\/\\\/fairresourcefoundation.org\\\/fr\\\/course-vers-la-consigne-en-europe\\\/\",\"url\":\"https:\\\/\\\/fairresourcefoundation.org\\\/fr\\\/course-vers-la-consigne-en-europe\\\/\",\"name\":\"La course vers la consigne en Europe | Fair Resource Foundation\",\"isPartOf\":{\"@id\":\"https:\\\/\\\/fairresourcefoundation.org\\\/fr\\\/#website\"},\"primaryImageOfPage\":{\"@id\":\"https:\\\/\\\/fairresourcefoundation.org\\\/fr\\\/course-vers-la-consigne-en-europe\\\/#primaryimage\"},\"image\":{\"@id\":\"https:\\\/\\\/fairresourcefoundation.org\\\/fr\\\/course-vers-la-consigne-en-europe\\\/#primaryimage\"},\"thumbnailUrl\":\"https:\\\/\\\/fairresourcefoundation.org\\\/wp-content\\\/uploads\\\/2022\\\/09\\\/Map_2026_FRF_no_text.png\",\"datePublished\":\"2022-09-14T14:35:25+00:00\",\"dateModified\":\"2026-04-10T07:44:59+00:00\",\"description\":\"De plus en plus de gouvernements europ\u00e9ens d\u00e9cident d'introduire la consigne sur les canettes et les bouteilles en plastique ou d\u2019\u00e9largir leur syst\u00e8me de consigne existant.\",\"breadcrumb\":{\"@id\":\"https:\\\/\\\/fairresourcefoundation.org\\\/fr\\\/course-vers-la-consigne-en-europe\\\/#breadcrumb\"},\"inLanguage\":\"fr-FR\",\"potentialAction\":[{\"@type\":\"ReadAction\",\"target\":[\"https:\\\/\\\/fairresourcefoundation.org\\\/fr\\\/course-vers-la-consigne-en-europe\\\/\"]}]},{\"@type\":\"ImageObject\",\"inLanguage\":\"fr-FR\",\"@id\":\"https:\\\/\\\/fairresourcefoundation.org\\\/fr\\\/course-vers-la-consigne-en-europe\\\/#primaryimage\",\"url\":\"https:\\\/\\\/fairresourcefoundation.org\\\/wp-content\\\/uploads\\\/2022\\\/09\\\/Map_2026_FRF_no_text.png\",\"contentUrl\":\"https:\\\/\\\/fairresourcefoundation.org\\\/wp-content\\\/uploads\\\/2022\\\/09\\\/Map_2026_FRF_no_text.png\",\"width\":1186,\"height\":1212},{\"@type\":\"BreadcrumbList\",\"@id\":\"https:\\\/\\\/fairresourcefoundation.org\\\/fr\\\/course-vers-la-consigne-en-europe\\\/#breadcrumb\",\"itemListElement\":[{\"@type\":\"ListItem\",\"position\":1,\"name\":\"Home\",\"item\":\"https:\\\/\\\/fairresourcefoundation.org\\\/fr\\\/\"},{\"@type\":\"ListItem\",\"position\":2,\"name\":\"La course vers la consigne en Europe\"}]},{\"@type\":\"WebSite\",\"@id\":\"https:\\\/\\\/fairresourcefoundation.org\\\/fr\\\/#website\",\"url\":\"https:\\\/\\\/fairresourcefoundation.org\\\/fr\\\/\",\"name\":\"Fair Resource Foundation\",\"description\":\"Systems change for people and planet\",\"publisher\":{\"@id\":\"https:\\\/\\\/fairresourcefoundation.org\\\/fr\\\/#organization\"},\"potentialAction\":[{\"@type\":\"SearchAction\",\"target\":{\"@type\":\"EntryPoint\",\"urlTemplate\":\"https:\\\/\\\/fairresourcefoundation.org\\\/fr\\\/?s={search_term_string}\"},\"query-input\":{\"@type\":\"PropertyValueSpecification\",\"valueRequired\":true,\"valueName\":\"search_term_string\"}}],\"inLanguage\":\"fr-FR\"},{\"@type\":\"Organization\",\"@id\":\"https:\\\/\\\/fairresourcefoundation.org\\\/fr\\\/#organization\",\"name\":\"Fair Resource Foundation\",\"url\":\"https:\\\/\\\/fairresourcefoundation.org\\\/fr\\\/\",\"logo\":{\"@type\":\"ImageObject\",\"inLanguage\":\"fr-FR\",\"@id\":\"https:\\\/\\\/fairresourcefoundation.org\\\/fr\\\/#\\\/schema\\\/logo\\\/image\\\/\",\"url\":\"https:\\\/\\\/fairresourcefoundation.org\\\/wp-content\\\/uploads\\\/2023\\\/10\\\/Primair-Logo-Ruimte.svg\",\"contentUrl\":\"https:\\\/\\\/fairresourcefoundation.org\\\/wp-content\\\/uploads\\\/2023\\\/10\\\/Primair-Logo-Ruimte.svg\",\"width\":1280,\"height\":566,\"caption\":\"Fair Resource Foundation\"},\"image\":{\"@id\":\"https:\\\/\\\/fairresourcefoundation.org\\\/fr\\\/#\\\/schema\\\/logo\\\/image\\\/\"}},{\"@type\":\"Person\",\"@id\":\"https:\\\/\\\/fairresourcefoundation.org\\\/fr\\\/#\\\/schema\\\/person\\\/4459066094b93f6fd3fe4840724a3d7b\",\"name\":\"Chloe Schwizgebel\",\"image\":{\"@type\":\"ImageObject\",\"inLanguage\":\"fr-FR\",\"@id\":\"https:\\\/\\\/secure.gravatar.com\\\/avatar\\\/07c124e19ca84195c2c024141b1b977bdfa625229afd8bca6525b7e29c57ba82?s=96&d=mm&r=g\",\"url\":\"https:\\\/\\\/secure.gravatar.com\\\/avatar\\\/07c124e19ca84195c2c024141b1b977bdfa625229afd8bca6525b7e29c57ba82?s=96&d=mm&r=g\",\"contentUrl\":\"https:\\\/\\\/secure.gravatar.com\\\/avatar\\\/07c124e19ca84195c2c024141b1b977bdfa625229afd8bca6525b7e29c57ba82?s=96&d=mm&r=g\",\"caption\":\"Chloe Schwizgebel\"},\"url\":\"#molongui-disabled-link\"}]}<\/script>\n<!-- \/ Yoast SEO plugin. -->","yoast_head_json":{"title":"La course vers la consigne en Europe | Fair Resource Foundation","description":"De plus en plus de gouvernements europ\u00e9ens d\u00e9cident d'introduire la consigne sur les canettes et les bouteilles en plastique ou d\u2019\u00e9largir leur syst\u00e8me de consigne existant.","robots":{"index":"index","follow":"follow","max-snippet":"max-snippet:-1","max-image-preview":"max-image-preview:large","max-video-preview":"max-video-preview:-1"},"canonical":"https:\/\/fairresourcefoundation.org\/fr\/course-vers-la-consigne-en-europe\/","og_locale":"fr_FR","og_type":"article","og_title":"La course vers la consigne en Europe | Fair Resource Foundation","og_description":"De plus en plus de gouvernements europ\u00e9ens d\u00e9cident d'introduire la consigne sur les canettes et les bouteilles en plastique ou d\u2019\u00e9largir leur syst\u00e8me de consigne existant.","og_url":"https:\/\/fairresourcefoundation.org\/fr\/course-vers-la-consigne-en-europe\/","og_site_name":"Fair Resource Foundation","article_published_time":"2022-09-14T14:35:25+00:00","article_modified_time":"2026-04-10T07:44:59+00:00","og_image":[{"width":1186,"height":1212,"url":"https:\/\/fairresourcefoundation.org\/wp-content\/uploads\/2022\/09\/Map_2026_FRF_no_text.png","type":"image\/png"}],"author":"Chloe Schwizgebel","twitter_card":"summary_large_image","twitter_misc":{"\u00c9crit par":"Chloe Schwizgebel","Dur\u00e9e de lecture estim\u00e9e":"25 minutes"},"schema":{"@context":"https:\/\/schema.org","@graph":[{"@type":"Article","@id":"https:\/\/fairresourcefoundation.org\/fr\/course-vers-la-consigne-en-europe\/#article","isPartOf":{"@id":"https:\/\/fairresourcefoundation.org\/fr\/course-vers-la-consigne-en-europe\/"},"author":{"name":"Chloe Schwizgebel","@id":"https:\/\/fairresourcefoundation.org\/fr\/#\/schema\/person\/4459066094b93f6fd3fe4840724a3d7b"},"headline":"La course vers la consigne en Europe","datePublished":"2022-09-14T14:35:25+00:00","dateModified":"2026-04-10T07:44:59+00:00","mainEntityOfPage":{"@id":"https:\/\/fairresourcefoundation.org\/fr\/course-vers-la-consigne-en-europe\/"},"wordCount":12042,"publisher":{"@id":"https:\/\/fairresourcefoundation.org\/fr\/#organization"},"image":{"@id":"https:\/\/fairresourcefoundation.org\/fr\/course-vers-la-consigne-en-europe\/#primaryimage"},"thumbnailUrl":"https:\/\/fairresourcefoundation.org\/wp-content\/uploads\/2022\/09\/Map_2026_FRF_no_text.png","keywords":["Belgique","Consigne","D\u00e9chets et pollution","Politique n\u00e9erlandaise","Politiques europ\u00e9ennes"],"articleSection":["Consigne","D\u00e9chets et pollution"],"inLanguage":"fr-FR"},{"@type":"WebPage","@id":"https:\/\/fairresourcefoundation.org\/fr\/course-vers-la-consigne-en-europe\/","url":"https:\/\/fairresourcefoundation.org\/fr\/course-vers-la-consigne-en-europe\/","name":"La course vers la consigne en Europe | Fair Resource Foundation","isPartOf":{"@id":"https:\/\/fairresourcefoundation.org\/fr\/#website"},"primaryImageOfPage":{"@id":"https:\/\/fairresourcefoundation.org\/fr\/course-vers-la-consigne-en-europe\/#primaryimage"},"image":{"@id":"https:\/\/fairresourcefoundation.org\/fr\/course-vers-la-consigne-en-europe\/#primaryimage"},"thumbnailUrl":"https:\/\/fairresourcefoundation.org\/wp-content\/uploads\/2022\/09\/Map_2026_FRF_no_text.png","datePublished":"2022-09-14T14:35:25+00:00","dateModified":"2026-04-10T07:44:59+00:00","description":"De plus en plus de gouvernements europ\u00e9ens d\u00e9cident d'introduire la consigne sur les canettes et les bouteilles en plastique ou d\u2019\u00e9largir leur syst\u00e8me de consigne existant.","breadcrumb":{"@id":"https:\/\/fairresourcefoundation.org\/fr\/course-vers-la-consigne-en-europe\/#breadcrumb"},"inLanguage":"fr-FR","potentialAction":[{"@type":"ReadAction","target":["https:\/\/fairresourcefoundation.org\/fr\/course-vers-la-consigne-en-europe\/"]}]},{"@type":"ImageObject","inLanguage":"fr-FR","@id":"https:\/\/fairresourcefoundation.org\/fr\/course-vers-la-consigne-en-europe\/#primaryimage","url":"https:\/\/fairresourcefoundation.org\/wp-content\/uploads\/2022\/09\/Map_2026_FRF_no_text.png","contentUrl":"https:\/\/fairresourcefoundation.org\/wp-content\/uploads\/2022\/09\/Map_2026_FRF_no_text.png","width":1186,"height":1212},{"@type":"BreadcrumbList","@id":"https:\/\/fairresourcefoundation.org\/fr\/course-vers-la-consigne-en-europe\/#breadcrumb","itemListElement":[{"@type":"ListItem","position":1,"name":"Home","item":"https:\/\/fairresourcefoundation.org\/fr\/"},{"@type":"ListItem","position":2,"name":"La course vers la consigne en Europe"}]},{"@type":"WebSite","@id":"https:\/\/fairresourcefoundation.org\/fr\/#website","url":"https:\/\/fairresourcefoundation.org\/fr\/","name":"Fair Resource Foundation","description":"Systems change for people and planet","publisher":{"@id":"https:\/\/fairresourcefoundation.org\/fr\/#organization"},"potentialAction":[{"@type":"SearchAction","target":{"@type":"EntryPoint","urlTemplate":"https:\/\/fairresourcefoundation.org\/fr\/?s={search_term_string}"},"query-input":{"@type":"PropertyValueSpecification","valueRequired":true,"valueName":"search_term_string"}}],"inLanguage":"fr-FR"},{"@type":"Organization","@id":"https:\/\/fairresourcefoundation.org\/fr\/#organization","name":"Fair Resource Foundation","url":"https:\/\/fairresourcefoundation.org\/fr\/","logo":{"@type":"ImageObject","inLanguage":"fr-FR","@id":"https:\/\/fairresourcefoundation.org\/fr\/#\/schema\/logo\/image\/","url":"https:\/\/fairresourcefoundation.org\/wp-content\/uploads\/2023\/10\/Primair-Logo-Ruimte.svg","contentUrl":"https:\/\/fairresourcefoundation.org\/wp-content\/uploads\/2023\/10\/Primair-Logo-Ruimte.svg","width":1280,"height":566,"caption":"Fair Resource Foundation"},"image":{"@id":"https:\/\/fairresourcefoundation.org\/fr\/#\/schema\/logo\/image\/"}},{"@type":"Person","@id":"https:\/\/fairresourcefoundation.org\/fr\/#\/schema\/person\/4459066094b93f6fd3fe4840724a3d7b","name":"Chloe Schwizgebel","image":{"@type":"ImageObject","inLanguage":"fr-FR","@id":"https:\/\/secure.gravatar.com\/avatar\/07c124e19ca84195c2c024141b1b977bdfa625229afd8bca6525b7e29c57ba82?s=96&d=mm&r=g","url":"https:\/\/secure.gravatar.com\/avatar\/07c124e19ca84195c2c024141b1b977bdfa625229afd8bca6525b7e29c57ba82?s=96&d=mm&r=g","contentUrl":"https:\/\/secure.gravatar.com\/avatar\/07c124e19ca84195c2c024141b1b977bdfa625229afd8bca6525b7e29c57ba82?s=96&d=mm&r=g","caption":"Chloe Schwizgebel"},"url":"#molongui-disabled-link"}]}},"_links":{"self":[{"href":"https:\/\/fairresourcefoundation.org\/fr\/wp-json\/wp\/v2\/posts\/22477","targetHints":{"allow":["GET"]}}],"collection":[{"href":"https:\/\/fairresourcefoundation.org\/fr\/wp-json\/wp\/v2\/posts"}],"about":[{"href":"https:\/\/fairresourcefoundation.org\/fr\/wp-json\/wp\/v2\/types\/post"}],"author":[{"embeddable":true,"href":"https:\/\/fairresourcefoundation.org\/fr\/wp-json\/wp\/v2\/users\/16"}],"replies":[{"embeddable":true,"href":"https:\/\/fairresourcefoundation.org\/fr\/wp-json\/wp\/v2\/comments?post=22477"}],"version-history":[{"count":9,"href":"https:\/\/fairresourcefoundation.org\/fr\/wp-json\/wp\/v2\/posts\/22477\/revisions"}],"predecessor-version":[{"id":23957782,"href":"https:\/\/fairresourcefoundation.org\/fr\/wp-json\/wp\/v2\/posts\/22477\/revisions\/23957782"}],"wp:featuredmedia":[{"embeddable":true,"href":"https:\/\/fairresourcefoundation.org\/fr\/wp-json\/wp\/v2\/media\/23957773"}],"wp:attachment":[{"href":"https:\/\/fairresourcefoundation.org\/fr\/wp-json\/wp\/v2\/media?parent=22477"}],"wp:term":[{"taxonomy":"category","embeddable":true,"href":"https:\/\/fairresourcefoundation.org\/fr\/wp-json\/wp\/v2\/categories?post=22477"},{"taxonomy":"post_tag","embeddable":true,"href":"https:\/\/fairresourcefoundation.org\/fr\/wp-json\/wp\/v2\/tags?post=22477"},{"taxonomy":"dipi_cpt_category","embeddable":true,"href":"https:\/\/fairresourcefoundation.org\/fr\/wp-json\/wp\/v2\/dipi_cpt_category?post=22477"},{"taxonomy":"published_year","embeddable":true,"href":"https:\/\/fairresourcefoundation.org\/fr\/wp-json\/wp\/v2\/published_year?post=22477"}],"curies":[{"name":"wp","href":"https:\/\/api.w.org\/{rel}","templated":true}]}}