{"id":22622,"date":"2022-12-02T18:25:57","date_gmt":"2022-12-02T18:25:57","guid":{"rendered":"https:\/\/recyclingnetwerk.org\/?p=22622"},"modified":"2025-01-08T08:25:39","modified_gmt":"2025-01-08T08:25:39","slug":"linterdiction-dexports-de-dechets-plastique-depuis-leurope-se-rapproche","status":"publish","type":"post","link":"https:\/\/fairresourcefoundation.org\/fr\/linterdiction-dexports-de-dechets-plastique-depuis-leurope-se-rapproche\/","title":{"rendered":"L&rsquo;interdiction d&rsquo;exports de d\u00e9chets plastique depuis l&rsquo;Europe se rapproche\u00a0"},"content":{"rendered":"<p>La commission de l&rsquo;environnement a adopt\u00e9 aujourd&rsquo;hui la proposition r\u00e9vis\u00e9e du Waste Shipment Regulation par <a href=\"https:\/\/www.europarl.europa.eu\/news\/en\/press-room\/20221128IPR58112\/waste-shipments-stricter-rules-to-protect-the-environment-and-human-health\">76 voix pour, 0 contre et 5 abstentions<\/a>. Le mouvement environnemental europ\u00e9en, dont Rethink Plastic et BFFP, a travaill\u00e9 sans rel\u00e2che ces derni\u00e8res ann\u00e9es pour convaincre la commission de l&rsquo;environnement de la n\u00e9cessit\u00e9 de cette interdiction.<\/p>\n<p>Pendant des d\u00e9cennies, les \u00c9tats membres de l&rsquo;Union europ\u00e9enne ont export\u00e9 la plupart de leurs d\u00e9chets vers la Chine. Cette situation a pris fin en 2018 lorsque la <a href=\"https:\/\/recyclingnetwerk.org\/2018\/11\/01\/de-chinese-afvalcrisis\/\">Chine a impos\u00e9 une interdiction d&rsquo;importation<\/a>. En cons\u00e9quence, les exportations europ\u00e9ennes de d\u00e9chets se sont d\u00e9plac\u00e9es vers les pays d&rsquo;Asie du Sud-Est et plus r\u00e9cemment vers la Turquie. L&rsquo;Europe exporte encore une grande quantit\u00e9 de d\u00e9chets vers d&rsquo;autres continents : <a href=\"https:\/\/www.europarl.europa.eu\/news\/en\/press-room\/20221128IPR58112\/waste-shipments-stricter-rules-to-protect-the-environment-and-human-health\">32,7 millions<\/a> de tonnes en 2020. En ce qui concerne sp\u00e9cifiquement les d\u00e9chets plastiques, ils repr\u00e9sentaient <a href=\"https:\/\/www.europarl.europa.eu\/news\/en\/press-room\/20221128IPR58112\/waste-shipments-stricter-rules-to-protect-the-environment-and-human-health\">1 135 millions<\/a> de kilos en 2021, dont 43 % dans les pays non membres de l&rsquo;<a href=\"https:\/\/fr.wikipedia.org\/wiki\/Organisation_de_coop%C3%A9ration_et_de_d%C3%A9veloppement_%C3%A9conomiques\">OCDE<\/a> et 35 % en Turquie. Depuis, certains \u00c9tats membres europ\u00e9ens n&rsquo;ont fait <a href=\"https:\/\/www.ban.org\/plastic-waste-project-hub\/trade-data\/eu-export-data\">qu&rsquo;augmenter<\/a> leurs exportations de d\u00e9chets plastiques.<\/p>\n<p>Le texte adopt\u00e9 aujourd&rsquo;hui par la commission de l&rsquo;environnement stipule qu&rsquo;il n&rsquo;est plus possible d&rsquo;exporter des <strong>d\u00e9chets plastiques<\/strong> vers des pays non membres de l&rsquo;OCDE. Les exportations de d\u00e9chets plastiques vers les pays de l&rsquo;<a href=\"https:\/\/fr.wikipedia.org\/wiki\/Organisation_de_coop%C3%A9ration_et_de_d%C3%A9veloppement_%C3%A9conomiques\">OCDE<\/a> doivent \u00e9galement \u00eatre supprim\u00e9es dans un d\u00e9lai de quatre ans.<\/p>\n<p>Le rapport envisage \u00e9galement d&rsquo;interdire l&rsquo;exportation de <strong>d\u00e9chets dangereux<\/strong> vers des pays non membres de l&rsquo;OCDE. Cela implique davantage de flux de d\u00e9chets que les d\u00e9chets plastiques seuls. L&rsquo;exportation de <strong>d\u00e9chets non dangereux<\/strong> vers des pays non membres de l&rsquo;OCDE ne serait autoris\u00e9e que si ces pays donnent leur consentement et d\u00e9montrent qu&rsquo;ils peuvent les \u00e9liminer de mani\u00e8re durable.<\/p>\n<h2>Pourquoi cette interdiction est-elle si importante ?<\/h2>\n<p>L&rsquo;organisation environnementale Recycling Netwerk Benelux <a href=\"https:\/\/recyclingnetwerk.org\/2020\/06\/09\/vijf-oplossingen-voor-de-plastic-recyclingcrisis\/\">demande depuis des ann\u00e9es<\/a> l&rsquo;interdiction de ces exportations. C&rsquo;est une tr\u00e8s bonne chose que la commission de l&rsquo;environnement propose cette interdiction, cela pour deux raisons.<\/p>\n<h3>Besoin europ\u00e9en de mat\u00e9riaux recycl\u00e9s<\/h3>\n<p>Une interdiction d&rsquo;exportation garantit que le plastique (pr\u00e9cieux) reste en Europe. Cela donne un coup de pouce au secteur europ\u00e9en du recyclage. C&rsquo;est n\u00e9cessaire pour le succ\u00e8s de l&rsquo;\u00e9conomie circulaire europ\u00e9enne, car nous avons de plus en plus besoin de mat\u00e9riaux recycl\u00e9s. De cette fa\u00e7on, nous r\u00e9duisons \u00e9galement notre d\u00e9pendance \u00e0 l&rsquo;\u00e9gard des mati\u00e8res premi\u00e8res vierges. Le <a href=\"https:\/\/recyclingnetwerk.org\/fr\/2022\/11\/30\/la-proposition-de-nouvelle-regulation-europeenne-sur-les-emballages-ne-repond-pas-aux-attentes\/\">r\u00e9glement sur les emballages<\/a> pr\u00e9sent\u00e9 le 30 novembre (R\u00e8glement sur les Emballages et les D\u00e9chets d&rsquo;Emballages) contient des objectifs en mati\u00e8re de contenu recycl\u00e9. Cela signifie que dans les ann\u00e9es \u00e0 venir, les diff\u00e9rents types d&#8217;emballages en PET devront contenir entre 10% et 30% de mat\u00e9riaux recycl\u00e9s. Toutefois, ce mat\u00e9riel doit \u00eatre disponible en Europe. C&rsquo;est pourquoi il est important d&rsquo;augmenter la capacit\u00e9 de recyclage des diff\u00e9rents types de plastique en Europe. L&rsquo;interdiction des exportations encourage le march\u00e9 \u00e0 travailler \u00e0 l&rsquo;augmentation de cette capacit\u00e9.<\/p>\n<h3>L&rsquo;\u00e9limination des d\u00e9chets en dehors de l&rsquo;Europe est une question d&rsquo;\u00e9thique<\/h3>\n<p>L&rsquo;interdiction comporte \u00e9galement un aspect \u00e9thique. Le transport de d\u00e9chets plastiques des pays europ\u00e9ens riches vers les pays pauvres a de lourdes cons\u00e9quences pour la population locale. L&rsquo;impact environnemental ainsi que l&rsquo;impact n\u00e9gatif sur la sant\u00e9 sont \u00e9normes, comme l&rsquo;ont montr\u00e9 les <a href=\"https:\/\/eia-international.org\/wp-content\/uploads\/EIA-The-Truth-Behind-Trash-FINAL.pdf\">recherches<\/a> de l&rsquo;<a href=\"https:\/\/eia-international.org\">Agence d&rsquo;investigation environnementale<\/a>.<\/p>\n<p>La grande majorit\u00e9 des exportations s&rsquo;effectue sous la rubrique \u00ab\u00a0recyclage\u00a0\u00bb. Mais les <a href=\"https:\/\/www.icis.com\/explore\/services\/recycling-supply-tracker-mechanical\/\">donn\u00e9es<\/a> montrent qu&rsquo;il existe un \u00e9cart important entre la capacit\u00e9 de recyclage des pays b\u00e9n\u00e9ficiaires et la quantit\u00e9 de d\u00e9chets plastiques provenant de l&rsquo;\u00e9tranger. Prenons l&rsquo;exemple de la Malaisie : le pays produit lui-m\u00eame 2,4 millions de tonnes de plastique par an. Elle importe en moyenne 835 000 tonnes. Cependant, les installations de recyclage de Malaisie n&rsquo;ont une capacit\u00e9 que de 515 009 tonnes. Le r\u00e9sultat ? On ne sait pas ce qu&rsquo;il advient des 2,7 millions de tonnes restantes ; elles finissent dans des <em>d\u00e9charges<\/em> ill\u00e9gales, sont br\u00fbl\u00e9es ill\u00e9galement ou disparaissent dans une d\u00e9charge. Les cons\u00e9quences pour la population locale sont \u00e9normes : elle est expos\u00e9e \u00e0 des substances toxiques qui se r\u00e9pandent dans l&rsquo;eau, le sol et l&rsquo;air, et la quantit\u00e9 de microplastiques dans la cha\u00eene alimentaire augmente.<\/p>\n<p>Recycling Netwerk Benelux estime qu&rsquo;il n&rsquo;est ni durable ni \u00e9thique que l&rsquo;Europe exp\u00e9die ses d\u00e9chets vers des pays qui ne disposent pas des infrastructures n\u00e9cessaires \u00e0 leur traitement, afin qu&rsquo;au moins <em>nous<\/em>, en Europe, n&rsquo;ayons plus \u00e0 nous en occuper. Nous nous f\u00e9licitons donc de l&rsquo;interdiction d&rsquo;exportation.<\/p>\n<h2>Mesures de suivi<\/h2>\n<p>Le rapport de la commission de l&rsquo;environnement devrait \u00eatre soumis au vote de la pl\u00e9ni\u00e8re du Parlement europ\u00e9en en janvier 2023. L&rsquo;organisation environnementale Recycling Netwerk appelle d\u00e9j\u00e0 la Commission europ\u00e9enne et les repr\u00e9sentants des \u00c9tats membres \u00e0 soutenir pleinement ces r\u00e8gles plus strictes en mati\u00e8re d&rsquo;exportation de d\u00e9chets.<\/p>\n<p><em>*La Belgique et les Pays-Bas sont d&rsquo;ailleurs <a href=\"https:\/\/recyclingnetwerk.org\/2018\/11\/01\/de-chinese-afvalcrisis\/\">en t\u00eate du classement mondial<\/a> des exportations de d\u00e9chets plastiques. La Belgique repr\u00e9sente <a href=\"https:\/\/atlas.cid.harvard.edu\/explore\/?country=undefined&amp;partner=undefined&amp;product=1108&amp;productClass=HS&amp;startYear=undefined&amp;target=Product&amp;year=undefined\">4,2 %<\/a> et les Pays-Bas <a href=\"https:\/\/atlas.cid.harvard.edu\/explore\/?country=undefined&amp;partner=undefined&amp;product=1108&amp;productClass=HS&amp;startYear=undefined&amp;target=Product&amp;year=undefined\">5,6 % du commerce mondial de d\u00e9chets plastiques<\/a>. Ils exportent donc plus de d\u00e9chets que des pays comme la France, l&rsquo;Espagne, le Canada ou le Mexique (Universit\u00e9 de Harvard, <a href=\"http:\/\/atlas.cid.harvard.edu\/explore\/?country=undefined&amp;partner=undefined&amp;product=1108&amp;productClass=HS&amp;startYear=undefined&amp;target=Product&amp;year=undefined\">The Atlas of Economic Complexity<\/a>).<\/em><\/p>\n<p>Vous avez une question sur cet article ? Alors, contactez Janine \u00e0 j.roling@fairresourcefoundation.org<\/p>\n","protected":false},"excerpt":{"rendered":"<p>La commission de l&rsquo;environnement a adopt\u00e9 aujourd&rsquo;hui la proposition r\u00e9vis\u00e9e du Waste Shipment Regulation par 76 voix pour, 0 contre et 5 abstentions. Le mouvement environnemental europ\u00e9en, dont Rethink Plastic et BFFP, a travaill\u00e9 sans rel\u00e2che ces derni\u00e8res ann\u00e9es pour convaincre la commission de l&rsquo;environnement de la n\u00e9cessit\u00e9 de cette interdiction. Pendant des d\u00e9cennies, les [&hellip;]<\/p>\n","protected":false},"author":13,"featured_media":23947251,"comment_status":"closed","ping_status":"closed","sticky":false,"template":"","format":"standard","meta":{"_acf_changed":false,"_et_pb_use_builder":"","_et_pb_old_content":"","_et_gb_content_width":"","inline_featured_image":false,"_monsterinsights_skip_tracking":false,"_monsterinsights_sitenote_active":false,"_monsterinsights_sitenote_note":"","_monsterinsights_sitenote_category":0,"footnotes":"","_links_to":"","_links_to_target":""},"categories":[3261,3228,3219],"tags":[3146,3178],"dipi_cpt_category":[],"published_year":[3436],"class_list":["post-22622","post","type-post","status-publish","format-standard","has-post-thumbnail","hentry","category-old_website-fr-2","category-politique-environnementale-equitable","category-politique-europeenne","tag-plastique","tag-politique-europeenne","published_year-2022-fr"],"acf":[],"yoast_head":"<!-- This site is optimized with the Yoast SEO plugin v27.5 - https:\/\/yoast.com\/product\/yoast-seo-wordpress\/ -->\n<title>L&#039;interdiction d&#039;exports de d\u00e9chets plastique depuis l&#039;Europe se rapproche\u00a0 | Fair Resource Foundation<\/title>\n<meta name=\"robots\" content=\"index, follow, max-snippet:-1, max-image-preview:large, max-video-preview:-1\" \/>\n<link rel=\"canonical\" href=\"https:\/\/fairresourcefoundation.org\/fr\/linterdiction-dexports-de-dechets-plastique-depuis-leurope-se-rapproche\/\" \/>\n<meta property=\"og:locale\" content=\"fr_FR\" \/>\n<meta property=\"og:type\" content=\"article\" \/>\n<meta property=\"og:title\" content=\"L&#039;interdiction d&#039;exports de d\u00e9chets plastique depuis l&#039;Europe se rapproche\u00a0 | Fair Resource Foundation\" \/>\n<meta property=\"og:description\" content=\"La commission de l&rsquo;environnement a adopt\u00e9 aujourd&rsquo;hui la proposition r\u00e9vis\u00e9e du Waste Shipment Regulation par 76 voix pour, 0 contre et 5 abstentions. Le mouvement environnemental europ\u00e9en, dont Rethink Plastic et BFFP, a travaill\u00e9 sans rel\u00e2che ces derni\u00e8res ann\u00e9es pour convaincre la commission de l&rsquo;environnement de la n\u00e9cessit\u00e9 de cette interdiction. Pendant des d\u00e9cennies, les [&hellip;]\" \/>\n<meta property=\"og:url\" content=\"https:\/\/fairresourcefoundation.org\/fr\/linterdiction-dexports-de-dechets-plastique-depuis-leurope-se-rapproche\/\" \/>\n<meta property=\"og:site_name\" content=\"Fair Resource Foundation\" \/>\n<meta property=\"article:published_time\" content=\"2022-12-02T18:25:57+00:00\" \/>\n<meta property=\"article:modified_time\" content=\"2025-01-08T08:25:39+00:00\" \/>\n<meta property=\"og:image\" content=\"https:\/\/fairresourcefoundation.org\/wp-content\/uploads\/2024\/03\/dylan-mcleod-728144-unsplash-min-scaled.jpg\" \/>\n\t<meta property=\"og:image:width\" content=\"2560\" \/>\n\t<meta property=\"og:image:height\" content=\"1705\" \/>\n\t<meta property=\"og:image:type\" content=\"image\/jpeg\" \/>\n<meta name=\"author\" content=\"Janine Roling\" \/>\n<meta name=\"twitter:card\" content=\"summary_large_image\" \/>\n<meta name=\"twitter:label1\" content=\"\u00c9crit par\" \/>\n\t<meta name=\"twitter:data1\" content=\"Janine Roling\" \/>\n\t<meta name=\"twitter:label2\" content=\"Dur\u00e9e de lecture estim\u00e9e\" \/>\n\t<meta name=\"twitter:data2\" content=\"4 minutes\" \/>\n<script type=\"application\/ld+json\" class=\"yoast-schema-graph\">{\"@context\":\"https:\\\/\\\/schema.org\",\"@graph\":[{\"@type\":\"Article\",\"@id\":\"https:\\\/\\\/fairresourcefoundation.org\\\/fr\\\/linterdiction-dexports-de-dechets-plastique-depuis-leurope-se-rapproche\\\/#article\",\"isPartOf\":{\"@id\":\"https:\\\/\\\/fairresourcefoundation.org\\\/fr\\\/linterdiction-dexports-de-dechets-plastique-depuis-leurope-se-rapproche\\\/\"},\"author\":{\"name\":\"Janine Roling\",\"@id\":\"https:\\\/\\\/fairresourcefoundation.org\\\/fr\\\/#\\\/schema\\\/person\\\/02288e48bebc6fa16393d3535a98bce0\"},\"headline\":\"L&rsquo;interdiction d&rsquo;exports de d\u00e9chets plastique depuis l&rsquo;Europe se rapproche\u00a0\",\"datePublished\":\"2022-12-02T18:25:57+00:00\",\"dateModified\":\"2025-01-08T08:25:39+00:00\",\"mainEntityOfPage\":{\"@id\":\"https:\\\/\\\/fairresourcefoundation.org\\\/fr\\\/linterdiction-dexports-de-dechets-plastique-depuis-leurope-se-rapproche\\\/\"},\"wordCount\":968,\"publisher\":{\"@id\":\"https:\\\/\\\/fairresourcefoundation.org\\\/fr\\\/#organization\"},\"image\":{\"@id\":\"https:\\\/\\\/fairresourcefoundation.org\\\/fr\\\/linterdiction-dexports-de-dechets-plastique-depuis-leurope-se-rapproche\\\/#primaryimage\"},\"thumbnailUrl\":\"https:\\\/\\\/fairresourcefoundation.org\\\/wp-content\\\/uploads\\\/2024\\\/03\\\/dylan-mcleod-728144-unsplash-min-scaled.jpg\",\"keywords\":[\"Plastique\",\"Politique Europ\u00e9enne\"],\"articleSection\":[\"old_website FR\",\"Politique environnementale \u00e9quitable\",\"Politique europ\u00e9enne\"],\"inLanguage\":\"fr-FR\"},{\"@type\":\"WebPage\",\"@id\":\"https:\\\/\\\/fairresourcefoundation.org\\\/fr\\\/linterdiction-dexports-de-dechets-plastique-depuis-leurope-se-rapproche\\\/\",\"url\":\"https:\\\/\\\/fairresourcefoundation.org\\\/fr\\\/linterdiction-dexports-de-dechets-plastique-depuis-leurope-se-rapproche\\\/\",\"name\":\"L'interdiction d'exports de d\u00e9chets plastique depuis l'Europe se rapproche\u00a0 | Fair Resource Foundation\",\"isPartOf\":{\"@id\":\"https:\\\/\\\/fairresourcefoundation.org\\\/fr\\\/#website\"},\"primaryImageOfPage\":{\"@id\":\"https:\\\/\\\/fairresourcefoundation.org\\\/fr\\\/linterdiction-dexports-de-dechets-plastique-depuis-leurope-se-rapproche\\\/#primaryimage\"},\"image\":{\"@id\":\"https:\\\/\\\/fairresourcefoundation.org\\\/fr\\\/linterdiction-dexports-de-dechets-plastique-depuis-leurope-se-rapproche\\\/#primaryimage\"},\"thumbnailUrl\":\"https:\\\/\\\/fairresourcefoundation.org\\\/wp-content\\\/uploads\\\/2024\\\/03\\\/dylan-mcleod-728144-unsplash-min-scaled.jpg\",\"datePublished\":\"2022-12-02T18:25:57+00:00\",\"dateModified\":\"2025-01-08T08:25:39+00:00\",\"breadcrumb\":{\"@id\":\"https:\\\/\\\/fairresourcefoundation.org\\\/fr\\\/linterdiction-dexports-de-dechets-plastique-depuis-leurope-se-rapproche\\\/#breadcrumb\"},\"inLanguage\":\"fr-FR\",\"potentialAction\":[{\"@type\":\"ReadAction\",\"target\":[\"https:\\\/\\\/fairresourcefoundation.org\\\/fr\\\/linterdiction-dexports-de-dechets-plastique-depuis-leurope-se-rapproche\\\/\"]}]},{\"@type\":\"ImageObject\",\"inLanguage\":\"fr-FR\",\"@id\":\"https:\\\/\\\/fairresourcefoundation.org\\\/fr\\\/linterdiction-dexports-de-dechets-plastique-depuis-leurope-se-rapproche\\\/#primaryimage\",\"url\":\"https:\\\/\\\/fairresourcefoundation.org\\\/wp-content\\\/uploads\\\/2024\\\/03\\\/dylan-mcleod-728144-unsplash-min-scaled.jpg\",\"contentUrl\":\"https:\\\/\\\/fairresourcefoundation.org\\\/wp-content\\\/uploads\\\/2024\\\/03\\\/dylan-mcleod-728144-unsplash-min-scaled.jpg\",\"width\":2560,\"height\":1705},{\"@type\":\"BreadcrumbList\",\"@id\":\"https:\\\/\\\/fairresourcefoundation.org\\\/fr\\\/linterdiction-dexports-de-dechets-plastique-depuis-leurope-se-rapproche\\\/#breadcrumb\",\"itemListElement\":[{\"@type\":\"ListItem\",\"position\":1,\"name\":\"Home\",\"item\":\"https:\\\/\\\/fairresourcefoundation.org\\\/fr\\\/\"},{\"@type\":\"ListItem\",\"position\":2,\"name\":\"L&rsquo;interdiction d&rsquo;exports de d\u00e9chets plastique depuis l&rsquo;Europe se rapproche\u00a0\"}]},{\"@type\":\"WebSite\",\"@id\":\"https:\\\/\\\/fairresourcefoundation.org\\\/fr\\\/#website\",\"url\":\"https:\\\/\\\/fairresourcefoundation.org\\\/fr\\\/\",\"name\":\"Fair Resource Foundation\",\"description\":\"Systems change for people and planet\",\"publisher\":{\"@id\":\"https:\\\/\\\/fairresourcefoundation.org\\\/fr\\\/#organization\"},\"potentialAction\":[{\"@type\":\"SearchAction\",\"target\":{\"@type\":\"EntryPoint\",\"urlTemplate\":\"https:\\\/\\\/fairresourcefoundation.org\\\/fr\\\/?s={search_term_string}\"},\"query-input\":{\"@type\":\"PropertyValueSpecification\",\"valueRequired\":true,\"valueName\":\"search_term_string\"}}],\"inLanguage\":\"fr-FR\"},{\"@type\":\"Organization\",\"@id\":\"https:\\\/\\\/fairresourcefoundation.org\\\/fr\\\/#organization\",\"name\":\"Fair Resource Foundation\",\"url\":\"https:\\\/\\\/fairresourcefoundation.org\\\/fr\\\/\",\"logo\":{\"@type\":\"ImageObject\",\"inLanguage\":\"fr-FR\",\"@id\":\"https:\\\/\\\/fairresourcefoundation.org\\\/fr\\\/#\\\/schema\\\/logo\\\/image\\\/\",\"url\":\"https:\\\/\\\/fairresourcefoundation.org\\\/wp-content\\\/uploads\\\/2023\\\/10\\\/Primair-Logo-Ruimte.svg\",\"contentUrl\":\"https:\\\/\\\/fairresourcefoundation.org\\\/wp-content\\\/uploads\\\/2023\\\/10\\\/Primair-Logo-Ruimte.svg\",\"width\":1280,\"height\":566,\"caption\":\"Fair Resource Foundation\"},\"image\":{\"@id\":\"https:\\\/\\\/fairresourcefoundation.org\\\/fr\\\/#\\\/schema\\\/logo\\\/image\\\/\"}},{\"@type\":\"Person\",\"@id\":\"https:\\\/\\\/fairresourcefoundation.org\\\/fr\\\/#\\\/schema\\\/person\\\/02288e48bebc6fa16393d3535a98bce0\",\"name\":\"Janine Roling\",\"image\":{\"@type\":\"ImageObject\",\"inLanguage\":\"fr-FR\",\"@id\":\"https:\\\/\\\/secure.gravatar.com\\\/avatar\\\/71460b343e386ffd0ecd926f7369d3420cb0cf900f061667608d47c57eb9df5b?s=96&d=mm&r=g\",\"url\":\"https:\\\/\\\/secure.gravatar.com\\\/avatar\\\/71460b343e386ffd0ecd926f7369d3420cb0cf900f061667608d47c57eb9df5b?s=96&d=mm&r=g\",\"contentUrl\":\"https:\\\/\\\/secure.gravatar.com\\\/avatar\\\/71460b343e386ffd0ecd926f7369d3420cb0cf900f061667608d47c57eb9df5b?s=96&d=mm&r=g\",\"caption\":\"Janine Roling\"},\"url\":\"#molongui-disabled-link\"}]}<\/script>\n<!-- \/ Yoast SEO plugin. -->","yoast_head_json":{"title":"L'interdiction d'exports de d\u00e9chets plastique depuis l'Europe se rapproche\u00a0 | Fair Resource Foundation","robots":{"index":"index","follow":"follow","max-snippet":"max-snippet:-1","max-image-preview":"max-image-preview:large","max-video-preview":"max-video-preview:-1"},"canonical":"https:\/\/fairresourcefoundation.org\/fr\/linterdiction-dexports-de-dechets-plastique-depuis-leurope-se-rapproche\/","og_locale":"fr_FR","og_type":"article","og_title":"L'interdiction d'exports de d\u00e9chets plastique depuis l'Europe se rapproche\u00a0 | Fair Resource Foundation","og_description":"La commission de l&rsquo;environnement a adopt\u00e9 aujourd&rsquo;hui la proposition r\u00e9vis\u00e9e du Waste Shipment Regulation par 76 voix pour, 0 contre et 5 abstentions. Le mouvement environnemental europ\u00e9en, dont Rethink Plastic et BFFP, a travaill\u00e9 sans rel\u00e2che ces derni\u00e8res ann\u00e9es pour convaincre la commission de l&rsquo;environnement de la n\u00e9cessit\u00e9 de cette interdiction. Pendant des d\u00e9cennies, les [&hellip;]","og_url":"https:\/\/fairresourcefoundation.org\/fr\/linterdiction-dexports-de-dechets-plastique-depuis-leurope-se-rapproche\/","og_site_name":"Fair Resource Foundation","article_published_time":"2022-12-02T18:25:57+00:00","article_modified_time":"2025-01-08T08:25:39+00:00","og_image":[{"width":2560,"height":1705,"url":"https:\/\/fairresourcefoundation.org\/wp-content\/uploads\/2024\/03\/dylan-mcleod-728144-unsplash-min-scaled.jpg","type":"image\/jpeg"}],"author":"Janine Roling","twitter_card":"summary_large_image","twitter_misc":{"\u00c9crit par":"Janine Roling","Dur\u00e9e de lecture estim\u00e9e":"4 minutes"},"schema":{"@context":"https:\/\/schema.org","@graph":[{"@type":"Article","@id":"https:\/\/fairresourcefoundation.org\/fr\/linterdiction-dexports-de-dechets-plastique-depuis-leurope-se-rapproche\/#article","isPartOf":{"@id":"https:\/\/fairresourcefoundation.org\/fr\/linterdiction-dexports-de-dechets-plastique-depuis-leurope-se-rapproche\/"},"author":{"name":"Janine Roling","@id":"https:\/\/fairresourcefoundation.org\/fr\/#\/schema\/person\/02288e48bebc6fa16393d3535a98bce0"},"headline":"L&rsquo;interdiction d&rsquo;exports de d\u00e9chets plastique depuis l&rsquo;Europe se rapproche\u00a0","datePublished":"2022-12-02T18:25:57+00:00","dateModified":"2025-01-08T08:25:39+00:00","mainEntityOfPage":{"@id":"https:\/\/fairresourcefoundation.org\/fr\/linterdiction-dexports-de-dechets-plastique-depuis-leurope-se-rapproche\/"},"wordCount":968,"publisher":{"@id":"https:\/\/fairresourcefoundation.org\/fr\/#organization"},"image":{"@id":"https:\/\/fairresourcefoundation.org\/fr\/linterdiction-dexports-de-dechets-plastique-depuis-leurope-se-rapproche\/#primaryimage"},"thumbnailUrl":"https:\/\/fairresourcefoundation.org\/wp-content\/uploads\/2024\/03\/dylan-mcleod-728144-unsplash-min-scaled.jpg","keywords":["Plastique","Politique Europ\u00e9enne"],"articleSection":["old_website FR","Politique environnementale \u00e9quitable","Politique europ\u00e9enne"],"inLanguage":"fr-FR"},{"@type":"WebPage","@id":"https:\/\/fairresourcefoundation.org\/fr\/linterdiction-dexports-de-dechets-plastique-depuis-leurope-se-rapproche\/","url":"https:\/\/fairresourcefoundation.org\/fr\/linterdiction-dexports-de-dechets-plastique-depuis-leurope-se-rapproche\/","name":"L'interdiction d'exports de d\u00e9chets plastique depuis l'Europe se rapproche\u00a0 | Fair Resource Foundation","isPartOf":{"@id":"https:\/\/fairresourcefoundation.org\/fr\/#website"},"primaryImageOfPage":{"@id":"https:\/\/fairresourcefoundation.org\/fr\/linterdiction-dexports-de-dechets-plastique-depuis-leurope-se-rapproche\/#primaryimage"},"image":{"@id":"https:\/\/fairresourcefoundation.org\/fr\/linterdiction-dexports-de-dechets-plastique-depuis-leurope-se-rapproche\/#primaryimage"},"thumbnailUrl":"https:\/\/fairresourcefoundation.org\/wp-content\/uploads\/2024\/03\/dylan-mcleod-728144-unsplash-min-scaled.jpg","datePublished":"2022-12-02T18:25:57+00:00","dateModified":"2025-01-08T08:25:39+00:00","breadcrumb":{"@id":"https:\/\/fairresourcefoundation.org\/fr\/linterdiction-dexports-de-dechets-plastique-depuis-leurope-se-rapproche\/#breadcrumb"},"inLanguage":"fr-FR","potentialAction":[{"@type":"ReadAction","target":["https:\/\/fairresourcefoundation.org\/fr\/linterdiction-dexports-de-dechets-plastique-depuis-leurope-se-rapproche\/"]}]},{"@type":"ImageObject","inLanguage":"fr-FR","@id":"https:\/\/fairresourcefoundation.org\/fr\/linterdiction-dexports-de-dechets-plastique-depuis-leurope-se-rapproche\/#primaryimage","url":"https:\/\/fairresourcefoundation.org\/wp-content\/uploads\/2024\/03\/dylan-mcleod-728144-unsplash-min-scaled.jpg","contentUrl":"https:\/\/fairresourcefoundation.org\/wp-content\/uploads\/2024\/03\/dylan-mcleod-728144-unsplash-min-scaled.jpg","width":2560,"height":1705},{"@type":"BreadcrumbList","@id":"https:\/\/fairresourcefoundation.org\/fr\/linterdiction-dexports-de-dechets-plastique-depuis-leurope-se-rapproche\/#breadcrumb","itemListElement":[{"@type":"ListItem","position":1,"name":"Home","item":"https:\/\/fairresourcefoundation.org\/fr\/"},{"@type":"ListItem","position":2,"name":"L&rsquo;interdiction d&rsquo;exports de d\u00e9chets plastique depuis l&rsquo;Europe se rapproche\u00a0"}]},{"@type":"WebSite","@id":"https:\/\/fairresourcefoundation.org\/fr\/#website","url":"https:\/\/fairresourcefoundation.org\/fr\/","name":"Fair Resource Foundation","description":"Systems change for people and planet","publisher":{"@id":"https:\/\/fairresourcefoundation.org\/fr\/#organization"},"potentialAction":[{"@type":"SearchAction","target":{"@type":"EntryPoint","urlTemplate":"https:\/\/fairresourcefoundation.org\/fr\/?s={search_term_string}"},"query-input":{"@type":"PropertyValueSpecification","valueRequired":true,"valueName":"search_term_string"}}],"inLanguage":"fr-FR"},{"@type":"Organization","@id":"https:\/\/fairresourcefoundation.org\/fr\/#organization","name":"Fair Resource Foundation","url":"https:\/\/fairresourcefoundation.org\/fr\/","logo":{"@type":"ImageObject","inLanguage":"fr-FR","@id":"https:\/\/fairresourcefoundation.org\/fr\/#\/schema\/logo\/image\/","url":"https:\/\/fairresourcefoundation.org\/wp-content\/uploads\/2023\/10\/Primair-Logo-Ruimte.svg","contentUrl":"https:\/\/fairresourcefoundation.org\/wp-content\/uploads\/2023\/10\/Primair-Logo-Ruimte.svg","width":1280,"height":566,"caption":"Fair Resource Foundation"},"image":{"@id":"https:\/\/fairresourcefoundation.org\/fr\/#\/schema\/logo\/image\/"}},{"@type":"Person","@id":"https:\/\/fairresourcefoundation.org\/fr\/#\/schema\/person\/02288e48bebc6fa16393d3535a98bce0","name":"Janine Roling","image":{"@type":"ImageObject","inLanguage":"fr-FR","@id":"https:\/\/secure.gravatar.com\/avatar\/71460b343e386ffd0ecd926f7369d3420cb0cf900f061667608d47c57eb9df5b?s=96&d=mm&r=g","url":"https:\/\/secure.gravatar.com\/avatar\/71460b343e386ffd0ecd926f7369d3420cb0cf900f061667608d47c57eb9df5b?s=96&d=mm&r=g","contentUrl":"https:\/\/secure.gravatar.com\/avatar\/71460b343e386ffd0ecd926f7369d3420cb0cf900f061667608d47c57eb9df5b?s=96&d=mm&r=g","caption":"Janine Roling"},"url":"#molongui-disabled-link"}]}},"_links":{"self":[{"href":"https:\/\/fairresourcefoundation.org\/fr\/wp-json\/wp\/v2\/posts\/22622","targetHints":{"allow":["GET"]}}],"collection":[{"href":"https:\/\/fairresourcefoundation.org\/fr\/wp-json\/wp\/v2\/posts"}],"about":[{"href":"https:\/\/fairresourcefoundation.org\/fr\/wp-json\/wp\/v2\/types\/post"}],"author":[{"embeddable":true,"href":"https:\/\/fairresourcefoundation.org\/fr\/wp-json\/wp\/v2\/users\/13"}],"replies":[{"embeddable":true,"href":"https:\/\/fairresourcefoundation.org\/fr\/wp-json\/wp\/v2\/comments?post=22622"}],"version-history":[{"count":0,"href":"https:\/\/fairresourcefoundation.org\/fr\/wp-json\/wp\/v2\/posts\/22622\/revisions"}],"wp:featuredmedia":[{"embeddable":true,"href":"https:\/\/fairresourcefoundation.org\/fr\/wp-json\/wp\/v2\/media\/23947251"}],"wp:attachment":[{"href":"https:\/\/fairresourcefoundation.org\/fr\/wp-json\/wp\/v2\/media?parent=22622"}],"wp:term":[{"taxonomy":"category","embeddable":true,"href":"https:\/\/fairresourcefoundation.org\/fr\/wp-json\/wp\/v2\/categories?post=22622"},{"taxonomy":"post_tag","embeddable":true,"href":"https:\/\/fairresourcefoundation.org\/fr\/wp-json\/wp\/v2\/tags?post=22622"},{"taxonomy":"dipi_cpt_category","embeddable":true,"href":"https:\/\/fairresourcefoundation.org\/fr\/wp-json\/wp\/v2\/dipi_cpt_category?post=22622"},{"taxonomy":"published_year","embeddable":true,"href":"https:\/\/fairresourcefoundation.org\/fr\/wp-json\/wp\/v2\/published_year?post=22622"}],"curies":[{"name":"wp","href":"https:\/\/api.w.org\/{rel}","templated":true}]}}