{"id":23076,"date":"2023-05-03T16:26:02","date_gmt":"2023-05-03T16:26:02","guid":{"rendered":"https:\/\/recyclingnetwerk.org\/?p=23076"},"modified":"2025-01-08T08:25:38","modified_gmt":"2025-01-08T08:25:38","slug":"un-avenir-circulaire-brillant-avec-moins-de-consommation-de-materiaux-et-une-consommation-differente","status":"publish","type":"post","link":"https:\/\/fairresourcefoundation.org\/fr\/un-avenir-circulaire-brillant-avec-moins-de-consommation-de-materiaux-et-une-consommation-differente\/","title":{"rendered":"Un avenir circulaire brillant avec moins de consommation (de mat\u00e9riaux) et une consommation diff\u00e9rente !"},"content":{"rendered":"<p>Pour r\u00e9duire l\u2019utilisation des mati\u00e8res premi\u00e8res, il faut consommer moins et autrement.\u00a0Beaucoup de personnes ont sans doute une image d\u2019aust\u00e9rit\u00e9 \u00e0 ce sujet. Cela pourrait expliquer pourquoi la politique d\u2019\u00e9conomie circulaire note r\u00e9guli\u00e8rement qu\u2019une plus grande attention devrait \u00eatre accord\u00e9e aux strat\u00e9gies de circularit\u00e9 plus \u00e9lev\u00e9e, c\u2019est-\u00e0-dire consommer moins et diff\u00e9remment, mais ne fournit par la suite que peu de d\u00e9tails \u00e0 ce sujet.<\/p>\n<p>Pourtant, il existe de nombreux exemples r\u00e9ussis montrant qu\u2019il est d\u00e9j\u00e0 possible de consommer moins et diff\u00e9remment.\u00a0Ce chiffre ne fera qu\u2019augmenter dans un avenir proche, compte tenu des succ\u00e8s d\u00e9j\u00e0 obtenus.\u00a0Cet article vise \u00e0 montrer, \u00e0 l\u2019aide d\u2019exemples de r\u00e9ussites existantes et d\u2019initiatives en cours, combien une telle soci\u00e9t\u00e9 peut encore \u00eatre b\u00e9n\u00e9fique.\u00a0RNB trouve cela important car consommer moins et diff\u00e9remment, (\u00ab\u00a0consuminderen\u00a0\u00bb et \u00ab\u00a0consumeranderen\u00a0\u00bb en n\u00e9erlandais), ne r\u00e9ussira que si les consommateurs et les producteurs sont pr\u00eats \u00e0 l\u2019accepter.<\/p>\n<p>Malheureusement, le changement climatique, la perte de biodiversit\u00e9 et d\u2019autres probl\u00e8mes environnementaux mettent le temps \u00e0 rude \u00e9preuve.\u00a0C\u2019est pourquoi nous appelons les politiciens et les d\u00e9put\u00e9s \u00e0 promouvoir activement une vision et \u00e0 montrer par des exemples \u00e0 quel point un tel avenir dans lequel nous consommons moins et diff\u00e9remment peut \u00eatre beau. Il est essentiel d\u2019inclure les Pays-Bas dans cette vision large de l\u2019avenir afin de susciter un soutien \u00e0 la politique actuelle et future (d\u2019\u00e9conomie circulaire).<\/p>\n<h2><b>Trois documents politiques pertinents pour l&rsquo;\u00e9conomie circulaire<\/b><\/h2>\n<p>Le gouvernement n\u00e9erlandais a soumis la\u00a0<a href=\"https:\/\/www.rijksoverheid.nl\/documenten\/kamerstukken\/2022\/12\/09\/bijlage-nationale-grondstoffenstrategie\">strat\u00e9gie nationale sur les mati\u00e8res premi\u00e8res<\/a>\u00a0\u00e0 la Chambre des repr\u00e9sentants en d\u00e9cembre 2022\u00a0et le\u00a0<a href=\"https:\/\/www.rijksoverheid.nl\/documenten\/beleidsnotas\/2023\/02\/03\/nationaal-programma-circulaire-economie-2023-2030\">programme national d&rsquo;\u00e9conomie circulaire (NPCE) en f\u00e9vrier 2023.\u00a0<\/a>Le troisi\u00e8me document politique, le\u00a0<a href=\"https:\/\/www.platformparticipatie.nl\/nationaalmilieuprogramma\/default.aspx\">Programme national de politique environnementale<\/a>\u00a0(NMP), devrait \u00eatre adopt\u00e9 fin 2023.\u00a0Les trois documents politiques sont pertinents pour l\u2019\u00e9conomie circulaire.<\/p>\n<p>Le <a href=\"https:\/\/www.platformparticipatie.nl\/nationaalmilieuprogramma\/default.aspx\">NMP<\/a> portera sur la mani\u00e8re dont le gouvernement veut garantir un environnement de vie sain, propre et s\u00fbr d&rsquo;ici 2050 et rendre les risques environnementaux n\u00e9gligeables. Le NMP le fera sur la base de trois t\u00e2ches principales, parmi lesquels une \u00e9conomie durable et circulaire (voir figure ci-dessous). Le <a href=\"https:\/\/www.rijksoverheid.nl\/documenten\/beleidsnotas\/2023\/02\/03\/nationaal-programma-circulaire-economie-2023-2030\">NPCE<\/a>\u00a0en est en fait une \u00e9laboration.<\/p>\n<p>Via l&rsquo;utilisation n\u00e9erlandaise de mati\u00e8res premi\u00e8res, le <a href=\"https:\/\/www.rijksoverheid.nl\/documenten\/beleidsnotas\/2023\/02\/03\/nationaal-programma-circulaire-economie-2023-2030\">NPCE<\/a> veut faire face au d\u00e9fi climatique, au d\u00e9fi de la biodiversit\u00e9, \u00e0 la cr\u00e9ation d&rsquo;un environnement propre et d&rsquo;un cadre de vie s\u00fbr et propre, et contribuer \u00e0 la s\u00e9curit\u00e9 d&rsquo;approvisionnement en mati\u00e8res premi\u00e8res. La s\u00e9curit\u00e9 d&rsquo;approvisionnement concerne la disponibilit\u00e9 des mati\u00e8res premi\u00e8res pour l&rsquo;\u00e9conomie n\u00e9erlandaise. La politique relative aux mati\u00e8res premi\u00e8res <b><i>critiques<\/i><\/b>\u00a0est d\u00e9finie dans la\u00a0<a href=\"https:\/\/www.rijksoverheid.nl\/documenten\/kamerstukken\/2022\/12\/09\/bijlage-nationale-grondstoffenstrategie\">Strat\u00e9gie nationale sur les mati\u00e8res premi\u00e8res<\/a>.<\/p>\n<p>La figure ci-dessous montre la relation entre les trois documents politiques.\u00a0Le\u00a0<a href=\"https:\/\/www.platformparticipatie.nl\/nationaalmilieuprogramma\/default.aspx\">NMP<\/a>\u00a0et\u00a0<a href=\"https:\/\/www.rijksoverheid.nl\/documenten\/beleidsnotas\/2023\/02\/03\/nationaal-programma-circulaire-economie-2023-2030\">le NPCE<\/a>\u00a0partagent comme t\u00e2ches principales un environnement de vie sain et plus propre ainsi que des \u00e9cosyst\u00e8mes et une biodiversit\u00e9 vitaux.\u00a0Le\u00a0<a href=\"https:\/\/www.platformparticipatie.nl\/nationaalmilieuprogramma\/default.aspx\">NMP<\/a>\u00a0examine toutes les causes et solutions pour ces t\u00e2ches principales.\u00a0Le\u00a0<a href=\"https:\/\/www.rijksoverheid.nl\/documenten\/beleidsnotas\/2023\/02\/03\/nationaal-programma-circulaire-economie-2023-2030\">NPCE<\/a>\u00a0se concentre sur l\u2019utilisation des ressources comme cause et solution.<\/p>\n<h2><b>Au c\u0153ur de la politique du gouvernement en faveur de l&rsquo;\u00e9conomie circulaire pour les ann\u00e9es \u00e0 venir<\/b><\/h2>\n<p>RNB a men\u00e9 une analyse plus approfondie du <a href=\"https:\/\/www.rijksoverheid.nl\/documenten\/beleidsnotas\/2023\/02\/03\/nationaal-programma-circulaire-economie-2023-2030\">NPCE<\/a>\u00a0(voir\u00a0<a href=\"https:\/\/recyclingnetwerk.org\/2023\/04\/13\/wil-het-nationale-programma-circulaire-economie-nu-meer-grondstoffen-gaan-gebruiken\/\">ici<\/a>) et de la\u00a0<a href=\"https:\/\/www.rijksoverheid.nl\/documenten\/kamerstukken\/2022\/12\/09\/bijlage-nationale-grondstoffenstrategie\">Strat\u00e9gie nationale sur les mati\u00e8res premi\u00e8res<\/a>\u00a0(voir\u00a0<a href=\"https:\/\/recyclingnetwerk.org\/2023\/04\/12\/nederlands-grondstoffenstrategie-belangrijk-voor-digitale-en-energietransitie-maar-gemiste-kans-voor-minder-productie-en-consumptie\/\">ici<\/a>).\u00a0Le\u00a0<a href=\"https:\/\/www.rijksoverheid.nl\/documenten\/beleidsnotas\/2023\/02\/03\/nationaal-programma-circulaire-economie-2023-2030\">NPCE<\/a>\u00a0fournit l\u2019aper\u00e7u le plus complet de la politique d\u2019\u00e9conomie circulaire du gouvernement pour les ann\u00e9es \u00e0 venir.<\/p>\n<p>Le\u00a0<a href=\"https:\/\/www.rijksoverheid.nl\/documenten\/beleidsnotas\/2023\/02\/03\/nationaal-programma-circulaire-economie-2023-2030\">NPCE<\/a>\u00a0s&rsquo;\u00e9carte sur un point important du programme politique gouvernemental\u00a0<a href=\"https:\/\/open.overheid.nl\/documenten\/ronl-a6ce8220-07e8-4b64-9f3d-e69bb4ed2f9c\/pdf\">Circulaire Pays-Bas en 2050<\/a>\u00a0de 2016.\u00a0<a href=\"https:\/\/open.overheid.nl\/documenten\/ronl-a6ce8220-07e8-4b64-9f3d-e69bb4ed2f9c\/pdf\">Circulaire Pays-Bas en 2050<\/a>\u00a0a toujours pour objectif principal de r\u00e9duire l&rsquo;utilisation de mati\u00e8res premi\u00e8res.\u00a0<a href=\"https:\/\/www.rijksoverheid.nl\/documenten\/beleidsnotas\/2023\/02\/03\/nationaal-programma-circulaire-economie-2023-2030\">Pour le NPCE,<\/a>\u00a0r\u00e9duire l\u2019utilisation des mati\u00e8res premi\u00e8res est\u00a0tout au plus un moyen de lutter contre le changement climatique et la perte de biodiversit\u00e9, de r\u00e9duire la pression environnementale et de garantir l\u2019approvisionnement en mati\u00e8res premi\u00e8res de l\u2019\u00e9conomie n\u00e9erlandaise.<\/p>\n<p>Le\u00a0<a href=\"https:\/\/www.rijksoverheid.nl\/documenten\/beleidsnotas\/2023\/02\/03\/nationaal-programma-circulaire-economie-2023-2030\">NPCE<\/a>\u00a0affirme m\u00eame dans son introduction que \u00ab notre \u00e9conomie du futur n\u00e9cessite des mati\u00e8res premi\u00e8res plus nombreuses et diff\u00e9rentes que notre \u00e9conomie jusqu\u2019\u00e0 pr\u00e9sent \u00bb.\u00a0<a href=\"https:\/\/www.rijksoverheid.nl\/documenten\/beleidsnotas\/2023\/02\/03\/nationaal-programma-circulaire-economie-2023-2030\">Dans le m\u00eame temps, le NPCE<\/a>\u00a0d\u00e9clare en outre\u00a0que l&rsquo;utilisation n\u00e9erlandaise de mati\u00e8res premi\u00e8res, tant au niveau national qu&rsquo;\u00e0 l&rsquo;\u00e9tranger (mais pour l&rsquo;\u00e9conomie n\u00e9erlandaise), doit \u00eatre r\u00e9duite.\u00a0Le\u00a0<a href=\"https:\/\/www.rijksoverheid.nl\/documenten\/beleidsnotas\/2023\/02\/03\/nationaal-programma-circulaire-economie-2023-2030\">NPCE<\/a>\u00a0souhaite aujourd\u2019hui r\u00e9duire cette empreinte mati\u00e8res premi\u00e8res de 50 % d\u2019ici 2030 et de 75 % d\u2019ici 2050.<\/p>\n<p>Le\u00a0<a href=\"https:\/\/www.rijksoverheid.nl\/documenten\/beleidsnotas\/2023\/02\/03\/nationaal-programma-circulaire-economie-2023-2030\">NPCE<\/a>\u00a0est donc un peu confus quant \u00e0 cette empreinte mati\u00e8re premi\u00e8re.\u00a0Dans les pages pr\u00e9c\u00e9dant la mention de ces objectifs de r\u00e9duction des mati\u00e8res premi\u00e8res de 50 % et 75 %, le\u00a0<a href=\"https:\/\/www.rijksoverheid.nl\/documenten\/beleidsnotas\/2023\/02\/03\/nationaal-programma-circulaire-economie-2023-2030\">NPCE<\/a>\u00a0d\u00e9clare \u00e9galement qu&rsquo;il souhaite r\u00e9duire l&#8217;empreinte n\u00e9erlandaise des mati\u00e8res premi\u00e8res (uniquement) de telle sorte que notre utilisation de mati\u00e8res premi\u00e8res reste dans les\u00a0<a href=\"https:\/\/www.klimaatplein.com\/wat-zijn-planetaire-grenzen-en-welke-zijn-reeds-overschreden\/\">limites plan\u00e9taires<\/a>\u00a0.\u00a0Dans le\u00a0<a href=\"https:\/\/www.rijksoverheid.nl\/documenten\/beleidsnotas\/2023\/02\/03\/nationaal-programma-circulaire-economie-2023-2030\">NPCE<\/a>, la r\u00e9duction des ressources n&rsquo;est donc pas un objectif en tant que tel, mais un moyen de\u00a0rentrer dans les\u00a0<a href=\"https:\/\/www.klimaatplein.com\/wat-zijn-planetaire-grenzen-en-welke-zijn-reeds-overschreden\/\">limites plan\u00e9taires<\/a>. Cela ne doit pas n\u00e9cessairement correspondre \u00e0 une r\u00e9duction de 50 \u00e0 75 % de la consommation de mati\u00e8res premi\u00e8res.\u00a0<a href=\"https:\/\/www.rijksoverheid.nl\/documenten\/beleidsnotas\/2023\/02\/03\/nationaal-programma-circulaire-economie-2023-2030\">Le NPCE<\/a> souhaite toujours\u00a0\u00e9tudier ce lien entre l&rsquo;utilisation des mati\u00e8res premi\u00e8res, le changement climatique, la biodiversit\u00e9 et un environnement et un cadre de vie plus propres.<\/p>\n<p>Le\u00a0<a href=\"https:\/\/www.rijksoverheid.nl\/documenten\/beleidsnotas\/2023\/02\/03\/nationaal-programma-circulaire-economie-2023-2030\">NPCE<\/a>\u00a0souligne que les cons\u00e9quences environnementales de notre utilisation de mati\u00e8res premi\u00e8res ne doivent pas \u00eatre r\u00e9percut\u00e9es sur d&rsquo;autres pays.\u00a0Cependant, il ne fait aucune mention du partage \u00e9quitable de notre prosp\u00e9rit\u00e9 mat\u00e9rielle avec les pays qui sont loin derri\u00e8re nous dans ce domaine.\u00a0Cette derni\u00e8re solution est peut-\u00eatre inh\u00e9rente \u00e0 l\u2019intention politique de garantir que l\u2019empreinte des mati\u00e8res premi\u00e8res n\u00e9erlandaises reste dans les limites plan\u00e9taires.\u00a0C&rsquo;est tr\u00e8s implicite.<\/p>\n<p>RNB pr\u00e9conise que la r\u00e9duction de l&rsquo;utilisation des mati\u00e8res premi\u00e8res, tout comme aux\u00a0<a href=\"https:\/\/open.overheid.nl\/documenten\/ronl-a6ce8220-07e8-4b64-9f3d-e69bb4ed2f9c\/pdf\">Pays-Bas sera circulaire en 2050<\/a>\u00a0, soit \u00e0 nouveau explicitement incluse comme objectif principal (t\u00e2che principale) dans la politique d&rsquo;\u00e9conomie circulaire.\u00a0Ceci est conforme aux recommandations du Groupe d\u2019experts internationaux sur les produits de base des Nations Unies.\u00a0Dans son\u00a0<a href=\"https:\/\/www.resourcepanel.org\/reports\/global-resources-outlook\">\u00e9tude des ressources de 2019,<\/a>\u00a0il affirme que l&rsquo;utilisation de mati\u00e8res premi\u00e8res dans les pays \u00e0 revenu \u00e9lev\u00e9 doit et peut \u00eatre r\u00e9duite \u00e0 un point tel que, \u00e0 l&rsquo;int\u00e9rieur\u00a0<a href=\"https:\/\/www.klimaatplein.com\/wat-zijn-planetaire-grenzen-en-welke-zijn-reeds-overschreden\/\">des fronti\u00e8res plan\u00e9taires<\/a>, les pays \u00e0 faible revenu puissent partager \u00e0 parts \u00e9gales une prosp\u00e9rit\u00e9 toujours croissante.<\/p>\n<h2><b>Consommer moins et autrement n\u2019est pas synonyme d\u2019aust\u00e9rit\u00e9\u00a0<\/b><\/h2>\n<p>Moins d\u2019utilisation de mati\u00e8res premi\u00e8res n\u00e9cessite une consommation moindre et diff\u00e9rente. Pensez au covoiturage et \u00e0 la r\u00e9paration des v\u00eatements au lieu d\u2019en acheter de nouveaux. Quand on pense consommer moins et autrement, on pense vite \u00e0 l\u2019aust\u00e9rit\u00e9. Certes, la recherche de consommer moins (\u00ab\u00a0consuminderen\u00a0\u00bb) et de consommer diff\u00e9remment (\u00ab\u00a0consumanderen\u00a0\u00bb) donne rapidement lieu \u00e0 des astuces comme faire ses courses plus consciemment, ne rien acheter pendant un mois et faire un m\u00e9nage en profondeur. G\u00e9n\u00e9ralement dans le but d\u2019avoir un aper\u00e7u du peu dont une personne a r\u00e9ellement besoin et de la quantit\u00e9 d\u2019espace et d\u2019argent qu\u2019elle peut \u00e9conomiser.<\/p>\n<p>En ces temps de forte inflation, \u00e9conomiser de l\u2019argent est bien s\u00fbr un bonus.\u00a0En m\u00eame temps, nous pr\u00e9f\u00e9rons ne rien abandonner \u00e0 notre guise, et la propri\u00e9t\u00e9 est un signe de prosp\u00e9rit\u00e9 et de r\u00e9ussite.\u00a0Cela cr\u00e9e un \u00ab paradoxe circulaire \u00bb.\u00a0Marko Hekkert, directeur de l&rsquo;Agence d&rsquo;\u00e9valuation environnementale PBL, le souligne lors d&rsquo;une r\u00e9cente\u00a0<a href=\"https:\/\/www.pbl.nl\/nieuws\/2022\/terugblik-academielezing-de-circulaire-paradox\">conf\u00e9rence<\/a>. Faire r\u00e9parer des choses est souvent co\u00fbteux \u2013 si cela est m\u00eame possible \u2013 et le dernier smartphone est plus souhaitable pour de nombreuses personnes qu&rsquo;un ancien mais toujours fonctionnel.<\/p>\n<p>Il n\u2019est pas non plus facile pour les consommateurs de faire r\u00e9parer leurs appareils ou produits cass\u00e9s.\u00a0Le neuf est souvent moins cher, les produits sont difficiles, voire impossibles \u00e0 r\u00e9parer, ou encore un r\u00e9parateur est difficile \u00e0 trouver.\u00a0Heureusement, de nos jours, les gens peuvent apporter gratuitement leurs objets cass\u00e9s, en particulier leurs appareils \u00e9lectrom\u00e9nagers, dans de nombreux\u00a0<a href=\"https:\/\/www.repaircafe.org\/\">caf\u00e9s pour les r\u00e9parer<\/a>. Il existe \u00e9galement depuis peu un\u00a0<a href=\"https:\/\/www.nationaalreparateursregister.nl\/\">annuaire des r\u00e9parateurs<\/a>\u00a0aupr\u00e8s d&rsquo;entreprises reconnues pour la r\u00e9paration d&rsquo;appareils \u00e9lectroniques grand public (qui doit \u00eatre compl\u00e9t\u00e9 par des entreprises de r\u00e9paration).\u00a0L&rsquo;Europe r\u00e9fl\u00e9chit actuellement\u00a0<a href=\"https:\/\/ec.europa.eu\/commission\/presscorner\/detail\/en\/ip_23_1794\">activement<\/a>\u00a0\u00e0 la mani\u00e8re dont le droit \u00e0 la r\u00e9paration des consommateurs devrait \u00eatre r\u00e9glement\u00e9.<\/p>\n<p>Il existe d\u00e9j\u00e0 de nombreuses innovations qui nous aident \u00e0 consommer moins. Le smartphone en fait partie. En plus de passer des appels t\u00e9l\u00e9phoniques, vous pouvez \u00e9galement prendre des photos, \u00e9couter de la musique, rechercher des informations, envoyer des e-mails, etc. Avec un smartphone, vous n&rsquo;avez plus besoin de tous ces appareils s\u00e9par\u00e9s. Cela nous a rendu la vie plus facile \u00e0 bien des \u00e9gards.<\/p>\n<h2><b>Des exemples plus beaux et amusants de consommer moins et de consommer les autres<\/b><\/h2>\n<p>Le smartphone en remplacement du Walkman, de l&rsquo;appareil photo, etc. n&rsquo;est qu&rsquo;une des nombreuses innovations qui ont rendu la vie plus amusante et plus facile.\u00a0D&rsquo;ailleurs, le <a href=\"https:\/\/www.fairphone.com\/nl\/\">fairphone<\/a> va encore plus loin en termes de circularit\u00e9, car, par exemple, l&rsquo;appareil photo ou l&rsquo;\u00e9cran peuvent \u00eatre remplac\u00e9s et mis \u00e0 niveau. Nous aimerions mentionner ici quelques autres innovations circulaires ou innovations ayant des b\u00e9n\u00e9fices circulaires.<\/p>\n<p>Toujours dans le domaine num\u00e9rique, des services tels que Spotify et Netflix rendent superflues les CD contenant de la musique ou des images (~ 17 grammes de plastique) et leurs bo\u00eetes en plastique (~ 75 grammes). Parall\u00e8lement, les ventes de <a href=\"https:\/\/tweakers.net\/nieuws\/163970\/bijna-80-procent-van-nederlandse-muziekomzet-komt-van-streaming.html\">musique<\/a>\u00a0et\u00a0<a href=\"https:\/\/www.boekman.nl\/cultuurindex\/participatie\/consumptie\/aantal-verkochte-beelddragers-dvd-blu-ray\/\">d&rsquo;images<\/a> sur CD ont fortement chut\u00e9. Cela permet d&rsquo;\u00e9conomiser beaucoup de plastique. <a href=\"https:\/\/justenough.nl\/de-ecologische-impact-van-data\/\">La question de savoir si la<\/a>\u00a0consommation d&rsquo;\u00e9nergie de ces services de streaming\u00a0entra\u00eene\u00a0<a href=\"https:\/\/www.euronews.com\/green\/2020\/03\/16\/is-our-addiction-to-spotify-ruining-the-planet-the-environmental-cost-of-streaming-is-invi\">ou<\/a> non plus de changement climatique &#8211; compar\u00e9 \u00e0 la production de tout ce plastique et son traitement en fin de vie &#8211; fait d\u00e9bat.<\/p>\n<p>Une innovation plus ancienne est l&rsquo;<a href=\"https:\/\/www.vankralingen.nl\/nietmachine-plus-nieten-zonder-nietjes-10vel-groen-(c)1231069\/info\/\">agrafeuse sans agrafes<\/a>\u00a0, qui utilise une encoche astucieuse pour maintenir plusieurs pages ensemble sans agrafes.\u00a0Vous n&rsquo;avez donc pas \u00e0 vous soucier d&rsquo;une agrafeuse \u00ab vide \u00bb.\u00a0Cela permet \u00e9galement d&rsquo;\u00e9conomiser des co\u00fbts pour les agrafes et d&rsquo;\u00e9viter que le m\u00e9tal ne se retrouve dans les vieux papiers.<\/p>\n<p>Les tablettes de lavage sont courantes depuis longtemps.\u00a0Gr\u00e2ce \u00e0 leur quantit\u00e9 dos\u00e9e de lessive, les tablettes de lessive \u00e9vitent une utilisation excessive de lessive en vrac par les consommateurs.\u00a0Les produits peu emball\u00e9s tels que les barres de shampoing, les lotions capillaires et les comprim\u00e9s de dentifrice ne sont pas encore courants, mais sont d\u00e9j\u00e0 disponibles dans la plupart des pharmacies.<\/p>\n<p>R\u00e9cemment, les m\u00e9dias ont appris qu&rsquo;une brasserie allemande\u00a0lan\u00e7ait\u00a0<a href=\"https:\/\/www.oktoberfestfan.nl\/drank\/poederbier-duitse-brouwerij\/\">de la bi\u00e8re en poudre<\/a>. Cela r\u00e9duit le contenu d&rsquo;une bouteille de bi\u00e8re de 90 % (en eau) et la bouteille de bi\u00e8re elle-m\u00eame n&rsquo;est plus n\u00e9cessaire.\u00a0Cela r\u00e9duit consid\u00e9rablement les co\u00fbts financiers et environnementaux du transport.<\/p>\n<p>Les boissons gazeuses sous forme de poudre ou de sirop permettent \u00e9galement d&rsquo;\u00e9conomiser un volume consid\u00e9rable de transport d&rsquo;eau et de bouteilles en plastique. Il est peu notoire que les consommateurs <a href=\"https:\/\/sodastream.nl\/collections\/smaken?gclid=CjwKCAjw6IiiBhAOEiwALNqncWND2TU_g_wSijUMmy9bzXSaDpDnXxfsV2J5D7lCwEtmaGhO4hohVhoCOXcQAvD_BwE\">peuvent d\u00e9j\u00e0 utiliser<\/a> une machine \u00e0 eau gazeuse avec, entre autres, une bouteille p\u00e9tillante de Sodastream et des sirops Pepsi. Le secteur de la restauration utilise depuis bien longtemps des syst\u00e8mes de robinetterie ou des syst\u00e8mes postmix (voir par exemple\u00a0<a href=\"https:\/\/grapos.nl\/postmix\/\">ici<\/a> et\u00a0<a href=\"https:\/\/vanduijnenhoreca.nl\/postmix\/\">l\u00e0<\/a>).<\/p>\n<p>Des biblioth\u00e8ques d&rsquo;outils peuvent d\u00e9j\u00e0 \u00eatre trouv\u00e9es dans de nombreux endroits en Belgique (comme\u00a0<a href=\"https:\/\/detransformisten.be\/artikel\/waar-vind-je-een-gereedschapsbibliotheek\">ici<\/a> et\u00a0<a href=\"https:\/\/repairshare.be\/repair\/gereedschapsbibliotheken\/\">l\u00e0<\/a>). Pourquoi voudriez-vous poss\u00e9der une perceuse si vous ne l\u2019utilisez que quelques fois par an ? Il en va de m\u00eame pour un scarificateur qui n&rsquo;est utilis\u00e9 qu&rsquo;une seule fois au printemps et en automne pour a\u00e9rer la pelouse du jardin. Les personnes qui ne souhaitent effectuer que des travaux occasionnels ou qui n&rsquo;ont pas de place pour de nombreux outils de jardinage peuvent emprunter les outils dont ils ont besoin dans la biblioth\u00e8que d&rsquo;outils pour une petite somme. Il existe d\u00e9sormais \u00e9galement une biblioth\u00e8que d&rsquo;outils de ce type \u00e0 <a href=\"https:\/\/www.geredgereedschap.nl\/uitleen\/\">La Haye<\/a>\u00a0et, esp\u00e9rons-le, d&rsquo;autres suivront bient\u00f4t aux Pays-Bas.<\/p>\n<p>En plus des biblioth\u00e8ques d&rsquo;outils, la Belgique dispose \u00e9galement\u00a0<a href=\"https:\/\/detransformisten.be\/artikel\/babytheek\">de biblioth\u00e8ques pour b\u00e9b\u00e9s<\/a>\u00a0avec du mat\u00e9riel pour b\u00e9b\u00e9,\u00a0<a href=\"https:\/\/www.opwielekes.be\/\">de Wielekes<\/a>\u00a0pour \u00ab\u00a0faire grandir\u00a0\u00bb les v\u00e9los des enfants,\u00a0<a href=\"https:\/\/publicaties.vlaanderen.be\/view-file\/10988\">de ludoth\u00e8ques<\/a>\u00a0avec des jeux,\u00a0<a href=\"https:\/\/detransformisten.be\/artikel\/zomervakantie-deelkajaks-en-deelbootjes-gent\">de kayaks et de bateaux partag\u00e9s<\/a>, etc. Les Pays-Bas peuvent prendre exemple sur leurs voisins du sud. Par ailleurs, <a href=\"https:\/\/speelotheken.nl\/aangesloten-speelotheken\/\">les ludoth\u00e8ques existent<\/a>\u00a0depuis longtemps aux Pays-Bas.<\/p>\n<p>Le covoiturage est peut-\u00eatre l\u2019exemple le plus connu de la tendance du partage. Dans les centres-villes tr\u00e8s fr\u00e9quent\u00e9s, les gens choisissent de plus en plus de ne pas avoir leur propre voiture, mais optent pour le covoiturage via des plateformes de partage ou des services tels que \u00ab Wheels for all \u00bb ou Cambio. Cela signifie que moins de voitures sont n\u00e9cessaires et qu\u2019elles ne passent plus 90 % ou plus de leur temps inutilis\u00e9es sur le bord de la route.<\/p>\n<p>Moins connue est une autre plateforme de partage telle que\u00a0<a href=\"https:\/\/www.peerby.com\/en-nl\">Peerby<\/a>.\u00a0Ici, tout peut \u00eatre emprunt\u00e9 et partag\u00e9.\u00a0Une fonction de recherche permet de trouver ce dont vous avez besoin dans votre propre r\u00e9gion et de conclure ensuite des accords sur son utilisation.<\/p>\n<p>De nombreuses villes disposent <a href=\"https:\/\/www.hetkanwel.nl\/zero-waste-en-verpakkingsvrij-shoppen\/\">de magasins z\u00e9ro d\u00e9chets<\/a> o\u00f9 les consommateurs remplissent leurs propres emballages de produits s\u00e9ch\u00e9s tels que du riz, des p\u00e2tes, des c\u00e9r\u00e9ales, des haricots, des lentilles, des morceaux de soja, des herbes, etc. On trouve \u00e9galement des d\u00e9tergents liquides et des d\u00e9tergents \u00e0 vaisselle. Les produits liquides comestibles, comme les produits laitiers, sont conditionn\u00e9s en bouteilles qui sont re remplies via un syst\u00e8me de consigne. De nombreux produits alimentaires peuvent \u00e9galement \u00eatre command\u00e9s <a href=\"https:\/\/www.pieter-pot.nl\/?gclid=Cj0KCQjwla-hBhD7ARIsAM9tQKu9SYb00EiRyPU4aUKQ3upziwayUo2f5CFqq3N4HXtivvkXdwYXHPIaAkTJEALw_wcB\">en ligne sans ou avec peu d&#8217;emballage.<\/a><\/p>\n<p>Divers endroits disposent\u00a0<a href=\"https:\/\/nl.wikipedia.org\/wiki\/Weggeefwinkel#:~:text=Een%20weggeefwinkel%20is%20een%20winkel,een%20armenpasje%20of%20iets%20dergelijks.\">de boutiques de cadeaux<\/a> o\u00f9 les gens peuvent r\u00e9cup\u00e9rer ou livrer des articles gratuitement. Ils constituent un bon compl\u00e9mentaire aux friperies, qui sont g\u00e9n\u00e9ralement bon march\u00e9, mais o\u00f9 il faut tout de m\u00eame payer. De plus en plus de gens placent \u00e9galement de bo\u00eetes \u00e0 cadeaux ou d&rsquo;\u00e9change devant leur porte.<\/p>\n<h2><b>Une nourriture circulaire savoureuse avec moins de gaspillage alimentaire\u00a0<\/b><\/h2>\n<p>En mati\u00e8re de produits alimentaires, manger diff\u00e9remment et surtout moins peut \u00eatre moins \u00e9vident.\u00a0Apr\u00e8s tout, une personne doit manger.\u00a0Pourtant, il existe \u00e9galement d\u2019innombrables fa\u00e7ons de faire la diff\u00e9rence.<\/p>\n<p>La mani\u00e8re la plus simple est de manger des fruits et l\u00e9gumes <a href=\"https:\/\/www.buitenlevengevoel.nl\/seizoensgroente-en-seizoensfruit-kalender\/\">de saison<\/a>. Ceux-ci sont g\u00e9n\u00e9ralement cultiv\u00e9s aux Pays-Bas, sans n\u00e9cessiter beaucoup de chauffage dans les serres (n\u00e9cessaire hors saison). De ce fait, ils sont souvent moins chers et surtout plus savoureux que les fruits et l\u00e9gumes venus de loin et\/ou hors saison.<\/p>\n<p>Chaque ann\u00e9e, environ 34 kilos de nourriture et 45 litres de boissons sont\u00a0<a href=\"https:\/\/www.milieucentraal.nl\/eten-en-drinken\/voedselverspilling\/\">jet\u00e9s<\/a> par personne. La lutte contre le gaspillage alimentaire est donc particuli\u00e8rement importante. Bien s\u00fbr, vous ne devriez tout simplement pas acheter (beaucoup) plus de nourriture que vous n\u2019en mangez. Cependant, il existe \u00e9galement des parties de fruits et l\u00e9gumes qu&rsquo;il est peu courant de manger (feuilles de carotte ou de fenouil, \u00e9corces d&rsquo;orange), ou que certaines personnes n&rsquo;aiment pas (\u00e9corces de pomme). Ceux-ci sont g\u00e9n\u00e9ralement encore jet\u00e9s comme d\u00e9chets, mais il existe de nombreux sites sur Internet proposant des recettes pour les utiliser.<\/p>\n<p>Il existe de nombreuses initiatives int\u00e9ressantes pour pr\u00e9venir le gaspillage alimentaire plus t\u00f4t dans la cha\u00eene. Via l\u2019<a href=\"https:\/\/www.toogoodtogo.com\/nl\">application Too Good To Go,<\/a>\u00a0les consommateurs peuvent acheter \u00e0 bas prix des aliments et des boissons invendus dans leur quartier.\u00a0<a href=\"https:\/\/www.kromkommer.com\/\">Gr\u00e2ce \u00e0 des activit\u00e9s de sensibilisation, Kromkommer<\/a> s&rsquo;efforce de garantir que les 10 % de fruits et l\u00e9gumes pr\u00e9sentant des irr\u00e9gularit\u00e9s externes soient consomm\u00e9s (ils sont encore souvent consid\u00e9r\u00e9s comme invendables \u00e0 l&rsquo;heure actuelle). <a href=\"http:\/\/instock\/\">Instock<\/a> cuisine dans deux restaurants avec des aliments qui n&rsquo;atteignaient auparavant que le centre de distribution d&rsquo;une grande cha\u00eene de supermarch\u00e9s et dispose d&rsquo;un joli livre de recettes pr\u00e9sentant de nombreuses techniques de conservation pour tout ce qui est comestible. De\u00a0<a href=\"https:\/\/deverspillingsfabriek.nl\/\">Verspillingsfabriek<\/a>\u00a0fabrique des soupes et des sauces \u00e0 partir de l\u00e9gumes frais laiss\u00e9s par les producteurs, les coupeurs et les grossistes.\u00a0Ces initiatives et bien d\u2019autres ont rejoint la fondation\u00a0<a href=\"https:\/\/samentegenvoedselverspilling.nl\/\">Ensemble contre le gaspillage alimentaire<\/a>.\u00a0Ici, entreprises et organismes publics travaillent ensemble pour r\u00e9duire de moiti\u00e9 le gaspillage alimentaire d\u2019ici 2030.<\/p>\n<h2><b>Penser et agir diff\u00e9remment permet de consommer moins et diff\u00e9remment<\/b><\/h2>\n<p>Les exemples ci-dessus ne sont qu\u2019une petite s\u00e9lection des moyens existants pour r\u00e9duire notre utilisation des ressources en consommant moins et en consommant autrement, sans compromettre notre niveau de vie. Certaines innovations, comme les smartphones et les tablettes de lessive, sont monnaie courante depuis longtemps. Pour d\u2019autres, comme partager des produits avec d\u2019autres utilisateurs, cuisiner avec des fanes de carottes ou se passer des fraises en hiver, nous devrons peut-\u00eatre encore surmonter certains obstacles. Nous devons \u00e9galement nous demander si les nouveaut\u00e9s sont toujours meilleures ou plus modernes que les anciennes. Parce que la r\u00e9paration est souvent encore difficile, les gens d\u00e9couvrent quelque chose de nouveau plus rapidement et plus facilement.<\/p>\n<p>Les exemples circulaires ci-dessus s&rsquo;appuient parfois sur des innovations technologiques, mais la plupart d&rsquo;entre eux n\u00e9cessitent principalement une innovation sociale ou un changement dans la fa\u00e7on dont nous sommes habitu\u00e9s \u00e0 utiliser et \u00e0 faire les choses, dont nous pensons aux choses existantes et aux alternatives, en adaptant notre id\u00e9e de la prosp\u00e9rit\u00e9 et du luxe (acheter beaucoup de nouvelles choses). Partager des choses ou les utiliser plus longtemps n\u00e9cessite \u00e9galement que nous ayons un rapport diff\u00e9rent \u00e0 la possession.<\/p>\n<p>L\u2019innovation sociale pourrait \u00e9galement contribuer \u00e0 d\u00e9velopper des solutions, par exemple, \u00e0 la grave p\u00e9nurie actuelle de logements\u00a0:\u00a0Selon l&rsquo;Office europ\u00e9en des statistiques, Eurostat, les N\u00e9erlandais sont les\u00a0<a href=\"https:\/\/ec.europa.eu\/eurostat\/cache\/digpub\/housing\/bloc-1a.html?lang=en\">plus susceptibles d&rsquo;avoir une maison avec jardin apr\u00e8s l&rsquo;Irlande et le\u00a0<\/a><a href=\"https:\/\/ec.europa.eu\/eurostat\/cache\/digpub\/housing\/bloc-1b.html?lang=en\">plus grand nombre de pi\u00e8ces<\/a> par personne apr\u00e8s Malte, et les Pays-Bas ont le pourcentage le plus \u00e9lev\u00e9 de personnes vivant dans une\u00a0<a href=\"https:\/\/ec.europa.eu\/eurostat\/databrowser\/view\/ilc_lvho50a\/default\/bar?lang=en\">maison plus grande que ce dont ils ont besoin<\/a>.\u00a0<a href=\"https:\/\/decorrespondent.nl\/12375\/over-deze-oplossing-voor-de-woningnood-hoor-je-nooit-iemand\/2545901906625-48bfddfa#:~:text=Je%20zou%20het%20niet%20verwachten,vierkante%20meter%20per%20persoon%20hebben.\">De Correspondent (2021)<\/a> a approfondi les donn\u00e9es n\u00e9erlandaises et a constat\u00e9 que, depuis 1900, le prix au m2 a moins augment\u00e9 que les salaires (devenant donc plus abordable) et que le nombre de m2 par personne a tripl\u00e9. Les personnes riches peuvent vivre plus longtemps et ainsi faire monter les prix de l\u2019immobilier, en particulier dans les villes o\u00f9 les prix sont de toute fa\u00e7on plus \u00e9lev\u00e9s. Plus g\u00e9n\u00e9ralement, les personnes \u00e2g\u00e9es, en particulier, vivent dans des maisons trop grandes. Ils ont achet\u00e9 leur maison \u00e0 une \u00e9poque favorable et leurs enfants ont d\u00e9m\u00e9nag\u00e9. D\u00e9m\u00e9nager leur est d\u00e9sormais difficile en raison du manque de maisons suffisamment petites, mais de nombreux logements suppl\u00e9mentaires sont possibles en divisant les maisons (0,5 million) et en passant \u00e0 de nouvelles constructions sur des \u00ab emplacements vides \u00bb dans le m\u00eame quartier (0,1 million). <a href=\"https:\/\/decorrespondent.nl\/12375\/over-deze-oplossing-voor-de-woningnood-hoor-je-nooit-iemand\/2545901906625-48bfddfa#:~:text=Je%20zou%20het%20niet%20verwachten,vierkante%20meter%20per%20persoon%20hebben.\">De Correspondent (2021)<\/a>\u00a0a \u00e9galement constat\u00e9 que, par personne, les N\u00e9erlandais vivent dans des zones plus vastes que, par exemple, les Allemands et les Britanniques.<\/p>\n<p>Le mantra actuel pour expliquer la p\u00e9nurie de logements est \u00ab\u00a0construire, construire, construire\u00a0\u00bb (plus de nouvelles briques).\u00a0L&rsquo;article de\u00a0<a href=\"https:\/\/decorrespondent.nl\/12375\/over-deze-oplossing-voor-de-woningnood-hoor-je-nooit-iemand\/2545901906625-48bfddfa#:~:text=Je%20zou%20het%20niet%20verwachten,vierkante%20meter%20per%20persoon%20hebben.\">De Correspondent (2021)<\/a>\u00a0soul\u00e8ve la question de savoir si le d\u00e9bat ne devrait pas \u00e9galement porter sur comment et dans quelle mesure nous voulons vivre, et sur la mani\u00e8re de mieux r\u00e9partir l&rsquo;espace de vie d\u00e9j\u00e0 disponible (moins de nouvelles briques).\u00a0Ces types de discussions fondamentales ont d\u00e9sormais rarement lieu.\u00a0Il ne s\u2019agit pas de logement ni d\u2019autres questions difficiles dans lesquelles notre fa\u00e7on actuelle de consommer et de vivre joue un r\u00f4le.<\/p>\n<h2><b>La politique doit pr\u00e9parer les esprits \u00e0 consommer moins et autrement\u00a0<\/b><\/h2>\n<p>Revenons au\u00a0<a href=\"https:\/\/www.rijksoverheid.nl\/documenten\/beleidsnotas\/2023\/02\/03\/nationaal-programma-circulaire-economie-2023-2030\">NPCE<\/a>\u00a0et \u00e0 la\u00a0<a href=\"https:\/\/www.rijksoverheid.nl\/documenten\/kamerstukken\/2022\/12\/09\/bijlage-nationale-grondstoffenstrategie\">Strat\u00e9gie Nationale des Mati\u00e8res Premi\u00e8res<\/a>\u00a0: Beaucoup de gens comprennent que notre fa\u00e7on actuelle de consommer entra\u00eene des probl\u00e8mes environnementaux tels que le changement climatique, la perte de biodiversit\u00e9 et la soupe de plastique dans les oc\u00e9ans.\u00a0Autrement, beaucoup de gens comprennent que notre fa\u00e7on de consommer a cr\u00e9\u00e9 une d\u00e9pendance g\u00e9opolitique \u00e0 l\u2019\u00e9gard de pays comme la Russie et la Chine.\u00a0La guerre en Ukraine et la pand\u00e9mie du coronavirus, entre autres, ont mis ce sujet au premier plan.\u00a0Il y a \u00e9galement suffisamment de personnes qui comprennent l\u2019importance de consommer moins pour que leurs enfants et\/ou les pays les moins prosp\u00e8res puissent partager notre prosp\u00e9rit\u00e9.\u00a0Beaucoup moins de gens ont une id\u00e9e de ce \u00e0 quoi pourrait ressembler un avenir de consommation moindre (mat\u00e9rielle) et diff\u00e9rente, \u00e0 quel point cela peut \u00eatre b\u00e9n\u00e9fique, mais cela n\u00e9cessite de regarder et de faire les choses diff\u00e9remment.<\/p>\n<p>Les exemples ci-dessus montrent que les changements vers une consommation moins et diff\u00e9rente sont souvent d\u00e9j\u00e0 en cours inaper\u00e7us.\u00a0Mais tout peut aller plus loin et, dans certains domaines de la consommation, des solutions plus fondamentales peuvent \u00eatre envisag\u00e9es.\u00a0C&rsquo;est au tour du cabinet et des d\u00e9put\u00e9s de montrer aux Pays-Bas, avec une vision et des exemples, \u00e0 quel point un tel avenir peut \u00eatre beau.<\/p>\n","protected":false},"excerpt":{"rendered":"<p>Pour r\u00e9duire l\u2019utilisation des mati\u00e8res premi\u00e8res, il faut consommer moins et autrement.\u00a0Beaucoup de personnes ont sans doute une image d\u2019aust\u00e9rit\u00e9 \u00e0 ce sujet. Cela pourrait expliquer pourquoi la politique d\u2019\u00e9conomie circulaire note r\u00e9guli\u00e8rement qu\u2019une plus grande attention devrait \u00eatre accord\u00e9e aux strat\u00e9gies de circularit\u00e9 plus \u00e9lev\u00e9e, c\u2019est-\u00e0-dire consommer moins et diff\u00e9remment, mais ne fournit par [&hellip;]<\/p>\n","protected":false},"author":15,"featured_media":23946889,"comment_status":"closed","ping_status":"closed","sticky":false,"template":"","format":"standard","meta":{"_acf_changed":false,"_et_pb_use_builder":"","_et_pb_old_content":"","_et_gb_content_width":"","inline_featured_image":false,"_monsterinsights_skip_tracking":false,"_monsterinsights_sitenote_active":false,"_monsterinsights_sitenote_note":"","_monsterinsights_sitenote_category":0,"footnotes":"","_links_to":"","_links_to_target":""},"categories":[3261,3228,3225],"tags":[3312],"dipi_cpt_category":[],"published_year":[3433],"class_list":["post-23076","post","type-post","status-publish","format-standard","has-post-thumbnail","hentry","category-old_website-fr-2","category-politique-environnementale-equitable","category-politique-neerlandaise","tag-politique-neerlandaise","published_year-2023-fr"],"acf":[],"yoast_head":"<!-- This site is optimized with the Yoast SEO plugin v27.5 - https:\/\/yoast.com\/product\/yoast-seo-wordpress\/ -->\n<title>Un avenir circulaire brillant avec moins de consommation (de mat\u00e9riaux) et une consommation diff\u00e9rente ! | Fair Resource Foundation<\/title>\n<meta name=\"robots\" content=\"index, follow, max-snippet:-1, max-image-preview:large, max-video-preview:-1\" \/>\n<link rel=\"canonical\" href=\"https:\/\/fairresourcefoundation.org\/fr\/un-avenir-circulaire-brillant-avec-moins-de-consommation-de-materiaux-et-une-consommation-differente\/\" \/>\n<meta property=\"og:locale\" content=\"fr_FR\" \/>\n<meta property=\"og:type\" content=\"article\" \/>\n<meta property=\"og:title\" content=\"Un avenir circulaire brillant avec moins de consommation (de mat\u00e9riaux) et une consommation diff\u00e9rente ! | Fair Resource Foundation\" \/>\n<meta property=\"og:description\" content=\"Pour r\u00e9duire l\u2019utilisation des mati\u00e8res premi\u00e8res, il faut consommer moins et autrement.\u00a0Beaucoup de personnes ont sans doute une image d\u2019aust\u00e9rit\u00e9 \u00e0 ce sujet. Cela pourrait expliquer pourquoi la politique d\u2019\u00e9conomie circulaire note r\u00e9guli\u00e8rement qu\u2019une plus grande attention devrait \u00eatre accord\u00e9e aux strat\u00e9gies de circularit\u00e9 plus \u00e9lev\u00e9e, c\u2019est-\u00e0-dire consommer moins et diff\u00e9remment, mais ne fournit par [&hellip;]\" \/>\n<meta property=\"og:url\" content=\"https:\/\/fairresourcefoundation.org\/fr\/un-avenir-circulaire-brillant-avec-moins-de-consommation-de-materiaux-et-une-consommation-differente\/\" \/>\n<meta property=\"og:site_name\" content=\"Fair Resource Foundation\" \/>\n<meta property=\"article:published_time\" content=\"2023-05-03T16:26:02+00:00\" \/>\n<meta property=\"article:modified_time\" content=\"2025-01-08T08:25:38+00:00\" \/>\n<meta property=\"og:image\" content=\"https:\/\/fairresourcefoundation.org\/wp-content\/uploads\/2024\/03\/edward-howell-zPVjna7YZ6Q-unsplash-kopieren-scaled-1.jpg\" \/>\n\t<meta property=\"og:image:width\" content=\"2560\" \/>\n\t<meta property=\"og:image:height\" content=\"1572\" \/>\n\t<meta property=\"og:image:type\" content=\"image\/jpeg\" \/>\n<meta name=\"author\" content=\"Rob Buurman\" \/>\n<meta name=\"twitter:card\" content=\"summary_large_image\" \/>\n<meta name=\"twitter:label1\" content=\"\u00c9crit par\" \/>\n\t<meta name=\"twitter:data1\" content=\"Rob Buurman\" \/>\n\t<meta name=\"twitter:label2\" content=\"Dur\u00e9e de lecture estim\u00e9e\" \/>\n\t<meta name=\"twitter:data2\" content=\"18 minutes\" \/>\n<script type=\"application\/ld+json\" class=\"yoast-schema-graph\">{\"@context\":\"https:\\\/\\\/schema.org\",\"@graph\":[{\"@type\":\"Article\",\"@id\":\"https:\\\/\\\/fairresourcefoundation.org\\\/fr\\\/un-avenir-circulaire-brillant-avec-moins-de-consommation-de-materiaux-et-une-consommation-differente\\\/#article\",\"isPartOf\":{\"@id\":\"https:\\\/\\\/fairresourcefoundation.org\\\/fr\\\/un-avenir-circulaire-brillant-avec-moins-de-consommation-de-materiaux-et-une-consommation-differente\\\/\"},\"author\":{\"name\":\"Rob Buurman\",\"@id\":\"https:\\\/\\\/fairresourcefoundation.org\\\/fr\\\/#\\\/schema\\\/person\\\/4d8ff251ac670b310189f233e6d07ec9\"},\"headline\":\"Un avenir circulaire brillant avec moins de consommation (de mat\u00e9riaux) et une consommation diff\u00e9rente !\",\"datePublished\":\"2023-05-03T16:26:02+00:00\",\"dateModified\":\"2025-01-08T08:25:38+00:00\",\"mainEntityOfPage\":{\"@id\":\"https:\\\/\\\/fairresourcefoundation.org\\\/fr\\\/un-avenir-circulaire-brillant-avec-moins-de-consommation-de-materiaux-et-une-consommation-differente\\\/\"},\"wordCount\":3730,\"publisher\":{\"@id\":\"https:\\\/\\\/fairresourcefoundation.org\\\/fr\\\/#organization\"},\"image\":{\"@id\":\"https:\\\/\\\/fairresourcefoundation.org\\\/fr\\\/un-avenir-circulaire-brillant-avec-moins-de-consommation-de-materiaux-et-une-consommation-differente\\\/#primaryimage\"},\"thumbnailUrl\":\"https:\\\/\\\/fairresourcefoundation.org\\\/wp-content\\\/uploads\\\/2024\\\/03\\\/edward-howell-zPVjna7YZ6Q-unsplash-kopieren-scaled-1.jpg\",\"keywords\":[\"Politique n\u00e9erlandaise\"],\"articleSection\":[\"old_website FR\",\"Politique environnementale \u00e9quitable\",\"Politique n\u00e9erlandaise\"],\"inLanguage\":\"fr-FR\"},{\"@type\":\"WebPage\",\"@id\":\"https:\\\/\\\/fairresourcefoundation.org\\\/fr\\\/un-avenir-circulaire-brillant-avec-moins-de-consommation-de-materiaux-et-une-consommation-differente\\\/\",\"url\":\"https:\\\/\\\/fairresourcefoundation.org\\\/fr\\\/un-avenir-circulaire-brillant-avec-moins-de-consommation-de-materiaux-et-une-consommation-differente\\\/\",\"name\":\"Un avenir circulaire brillant avec moins de consommation (de mat\u00e9riaux) et une consommation diff\u00e9rente ! | Fair Resource Foundation\",\"isPartOf\":{\"@id\":\"https:\\\/\\\/fairresourcefoundation.org\\\/fr\\\/#website\"},\"primaryImageOfPage\":{\"@id\":\"https:\\\/\\\/fairresourcefoundation.org\\\/fr\\\/un-avenir-circulaire-brillant-avec-moins-de-consommation-de-materiaux-et-une-consommation-differente\\\/#primaryimage\"},\"image\":{\"@id\":\"https:\\\/\\\/fairresourcefoundation.org\\\/fr\\\/un-avenir-circulaire-brillant-avec-moins-de-consommation-de-materiaux-et-une-consommation-differente\\\/#primaryimage\"},\"thumbnailUrl\":\"https:\\\/\\\/fairresourcefoundation.org\\\/wp-content\\\/uploads\\\/2024\\\/03\\\/edward-howell-zPVjna7YZ6Q-unsplash-kopieren-scaled-1.jpg\",\"datePublished\":\"2023-05-03T16:26:02+00:00\",\"dateModified\":\"2025-01-08T08:25:38+00:00\",\"breadcrumb\":{\"@id\":\"https:\\\/\\\/fairresourcefoundation.org\\\/fr\\\/un-avenir-circulaire-brillant-avec-moins-de-consommation-de-materiaux-et-une-consommation-differente\\\/#breadcrumb\"},\"inLanguage\":\"fr-FR\",\"potentialAction\":[{\"@type\":\"ReadAction\",\"target\":[\"https:\\\/\\\/fairresourcefoundation.org\\\/fr\\\/un-avenir-circulaire-brillant-avec-moins-de-consommation-de-materiaux-et-une-consommation-differente\\\/\"]}]},{\"@type\":\"ImageObject\",\"inLanguage\":\"fr-FR\",\"@id\":\"https:\\\/\\\/fairresourcefoundation.org\\\/fr\\\/un-avenir-circulaire-brillant-avec-moins-de-consommation-de-materiaux-et-une-consommation-differente\\\/#primaryimage\",\"url\":\"https:\\\/\\\/fairresourcefoundation.org\\\/wp-content\\\/uploads\\\/2024\\\/03\\\/edward-howell-zPVjna7YZ6Q-unsplash-kopieren-scaled-1.jpg\",\"contentUrl\":\"https:\\\/\\\/fairresourcefoundation.org\\\/wp-content\\\/uploads\\\/2024\\\/03\\\/edward-howell-zPVjna7YZ6Q-unsplash-kopieren-scaled-1.jpg\",\"width\":2560,\"height\":1572},{\"@type\":\"BreadcrumbList\",\"@id\":\"https:\\\/\\\/fairresourcefoundation.org\\\/fr\\\/un-avenir-circulaire-brillant-avec-moins-de-consommation-de-materiaux-et-une-consommation-differente\\\/#breadcrumb\",\"itemListElement\":[{\"@type\":\"ListItem\",\"position\":1,\"name\":\"Home\",\"item\":\"https:\\\/\\\/fairresourcefoundation.org\\\/fr\\\/\"},{\"@type\":\"ListItem\",\"position\":2,\"name\":\"Un avenir circulaire brillant avec moins de consommation (de mat\u00e9riaux) et une consommation diff\u00e9rente !\"}]},{\"@type\":\"WebSite\",\"@id\":\"https:\\\/\\\/fairresourcefoundation.org\\\/fr\\\/#website\",\"url\":\"https:\\\/\\\/fairresourcefoundation.org\\\/fr\\\/\",\"name\":\"Fair Resource Foundation\",\"description\":\"Systems change for people and planet\",\"publisher\":{\"@id\":\"https:\\\/\\\/fairresourcefoundation.org\\\/fr\\\/#organization\"},\"potentialAction\":[{\"@type\":\"SearchAction\",\"target\":{\"@type\":\"EntryPoint\",\"urlTemplate\":\"https:\\\/\\\/fairresourcefoundation.org\\\/fr\\\/?s={search_term_string}\"},\"query-input\":{\"@type\":\"PropertyValueSpecification\",\"valueRequired\":true,\"valueName\":\"search_term_string\"}}],\"inLanguage\":\"fr-FR\"},{\"@type\":\"Organization\",\"@id\":\"https:\\\/\\\/fairresourcefoundation.org\\\/fr\\\/#organization\",\"name\":\"Fair Resource Foundation\",\"url\":\"https:\\\/\\\/fairresourcefoundation.org\\\/fr\\\/\",\"logo\":{\"@type\":\"ImageObject\",\"inLanguage\":\"fr-FR\",\"@id\":\"https:\\\/\\\/fairresourcefoundation.org\\\/fr\\\/#\\\/schema\\\/logo\\\/image\\\/\",\"url\":\"https:\\\/\\\/fairresourcefoundation.org\\\/wp-content\\\/uploads\\\/2023\\\/10\\\/Primair-Logo-Ruimte.svg\",\"contentUrl\":\"https:\\\/\\\/fairresourcefoundation.org\\\/wp-content\\\/uploads\\\/2023\\\/10\\\/Primair-Logo-Ruimte.svg\",\"width\":1280,\"height\":566,\"caption\":\"Fair Resource Foundation\"},\"image\":{\"@id\":\"https:\\\/\\\/fairresourcefoundation.org\\\/fr\\\/#\\\/schema\\\/logo\\\/image\\\/\"}},{\"@type\":\"Person\",\"@id\":\"https:\\\/\\\/fairresourcefoundation.org\\\/fr\\\/#\\\/schema\\\/person\\\/4d8ff251ac670b310189f233e6d07ec9\",\"name\":\"Rob Buurman\",\"image\":{\"@type\":\"ImageObject\",\"inLanguage\":\"fr-FR\",\"@id\":\"https:\\\/\\\/secure.gravatar.com\\\/avatar\\\/639544cf92d529545808ab4bf54ec6b660dffdddf5ac2bfc6c1bade200c04beb?s=96&d=mm&r=g\",\"url\":\"https:\\\/\\\/secure.gravatar.com\\\/avatar\\\/639544cf92d529545808ab4bf54ec6b660dffdddf5ac2bfc6c1bade200c04beb?s=96&d=mm&r=g\",\"contentUrl\":\"https:\\\/\\\/secure.gravatar.com\\\/avatar\\\/639544cf92d529545808ab4bf54ec6b660dffdddf5ac2bfc6c1bade200c04beb?s=96&d=mm&r=g\",\"caption\":\"Rob Buurman\"},\"url\":\"#molongui-disabled-link\"}]}<\/script>\n<!-- \/ Yoast SEO plugin. -->","yoast_head_json":{"title":"Un avenir circulaire brillant avec moins de consommation (de mat\u00e9riaux) et une consommation diff\u00e9rente ! | Fair Resource Foundation","robots":{"index":"index","follow":"follow","max-snippet":"max-snippet:-1","max-image-preview":"max-image-preview:large","max-video-preview":"max-video-preview:-1"},"canonical":"https:\/\/fairresourcefoundation.org\/fr\/un-avenir-circulaire-brillant-avec-moins-de-consommation-de-materiaux-et-une-consommation-differente\/","og_locale":"fr_FR","og_type":"article","og_title":"Un avenir circulaire brillant avec moins de consommation (de mat\u00e9riaux) et une consommation diff\u00e9rente ! | Fair Resource Foundation","og_description":"Pour r\u00e9duire l\u2019utilisation des mati\u00e8res premi\u00e8res, il faut consommer moins et autrement.\u00a0Beaucoup de personnes ont sans doute une image d\u2019aust\u00e9rit\u00e9 \u00e0 ce sujet. Cela pourrait expliquer pourquoi la politique d\u2019\u00e9conomie circulaire note r\u00e9guli\u00e8rement qu\u2019une plus grande attention devrait \u00eatre accord\u00e9e aux strat\u00e9gies de circularit\u00e9 plus \u00e9lev\u00e9e, c\u2019est-\u00e0-dire consommer moins et diff\u00e9remment, mais ne fournit par [&hellip;]","og_url":"https:\/\/fairresourcefoundation.org\/fr\/un-avenir-circulaire-brillant-avec-moins-de-consommation-de-materiaux-et-une-consommation-differente\/","og_site_name":"Fair Resource Foundation","article_published_time":"2023-05-03T16:26:02+00:00","article_modified_time":"2025-01-08T08:25:38+00:00","og_image":[{"width":2560,"height":1572,"url":"https:\/\/fairresourcefoundation.org\/wp-content\/uploads\/2024\/03\/edward-howell-zPVjna7YZ6Q-unsplash-kopieren-scaled-1.jpg","type":"image\/jpeg"}],"author":"Rob Buurman","twitter_card":"summary_large_image","twitter_misc":{"\u00c9crit par":"Rob Buurman","Dur\u00e9e de lecture estim\u00e9e":"18 minutes"},"schema":{"@context":"https:\/\/schema.org","@graph":[{"@type":"Article","@id":"https:\/\/fairresourcefoundation.org\/fr\/un-avenir-circulaire-brillant-avec-moins-de-consommation-de-materiaux-et-une-consommation-differente\/#article","isPartOf":{"@id":"https:\/\/fairresourcefoundation.org\/fr\/un-avenir-circulaire-brillant-avec-moins-de-consommation-de-materiaux-et-une-consommation-differente\/"},"author":{"name":"Rob Buurman","@id":"https:\/\/fairresourcefoundation.org\/fr\/#\/schema\/person\/4d8ff251ac670b310189f233e6d07ec9"},"headline":"Un avenir circulaire brillant avec moins de consommation (de mat\u00e9riaux) et une consommation diff\u00e9rente !","datePublished":"2023-05-03T16:26:02+00:00","dateModified":"2025-01-08T08:25:38+00:00","mainEntityOfPage":{"@id":"https:\/\/fairresourcefoundation.org\/fr\/un-avenir-circulaire-brillant-avec-moins-de-consommation-de-materiaux-et-une-consommation-differente\/"},"wordCount":3730,"publisher":{"@id":"https:\/\/fairresourcefoundation.org\/fr\/#organization"},"image":{"@id":"https:\/\/fairresourcefoundation.org\/fr\/un-avenir-circulaire-brillant-avec-moins-de-consommation-de-materiaux-et-une-consommation-differente\/#primaryimage"},"thumbnailUrl":"https:\/\/fairresourcefoundation.org\/wp-content\/uploads\/2024\/03\/edward-howell-zPVjna7YZ6Q-unsplash-kopieren-scaled-1.jpg","keywords":["Politique n\u00e9erlandaise"],"articleSection":["old_website FR","Politique environnementale \u00e9quitable","Politique n\u00e9erlandaise"],"inLanguage":"fr-FR"},{"@type":"WebPage","@id":"https:\/\/fairresourcefoundation.org\/fr\/un-avenir-circulaire-brillant-avec-moins-de-consommation-de-materiaux-et-une-consommation-differente\/","url":"https:\/\/fairresourcefoundation.org\/fr\/un-avenir-circulaire-brillant-avec-moins-de-consommation-de-materiaux-et-une-consommation-differente\/","name":"Un avenir circulaire brillant avec moins de consommation (de mat\u00e9riaux) et une consommation diff\u00e9rente ! | Fair Resource Foundation","isPartOf":{"@id":"https:\/\/fairresourcefoundation.org\/fr\/#website"},"primaryImageOfPage":{"@id":"https:\/\/fairresourcefoundation.org\/fr\/un-avenir-circulaire-brillant-avec-moins-de-consommation-de-materiaux-et-une-consommation-differente\/#primaryimage"},"image":{"@id":"https:\/\/fairresourcefoundation.org\/fr\/un-avenir-circulaire-brillant-avec-moins-de-consommation-de-materiaux-et-une-consommation-differente\/#primaryimage"},"thumbnailUrl":"https:\/\/fairresourcefoundation.org\/wp-content\/uploads\/2024\/03\/edward-howell-zPVjna7YZ6Q-unsplash-kopieren-scaled-1.jpg","datePublished":"2023-05-03T16:26:02+00:00","dateModified":"2025-01-08T08:25:38+00:00","breadcrumb":{"@id":"https:\/\/fairresourcefoundation.org\/fr\/un-avenir-circulaire-brillant-avec-moins-de-consommation-de-materiaux-et-une-consommation-differente\/#breadcrumb"},"inLanguage":"fr-FR","potentialAction":[{"@type":"ReadAction","target":["https:\/\/fairresourcefoundation.org\/fr\/un-avenir-circulaire-brillant-avec-moins-de-consommation-de-materiaux-et-une-consommation-differente\/"]}]},{"@type":"ImageObject","inLanguage":"fr-FR","@id":"https:\/\/fairresourcefoundation.org\/fr\/un-avenir-circulaire-brillant-avec-moins-de-consommation-de-materiaux-et-une-consommation-differente\/#primaryimage","url":"https:\/\/fairresourcefoundation.org\/wp-content\/uploads\/2024\/03\/edward-howell-zPVjna7YZ6Q-unsplash-kopieren-scaled-1.jpg","contentUrl":"https:\/\/fairresourcefoundation.org\/wp-content\/uploads\/2024\/03\/edward-howell-zPVjna7YZ6Q-unsplash-kopieren-scaled-1.jpg","width":2560,"height":1572},{"@type":"BreadcrumbList","@id":"https:\/\/fairresourcefoundation.org\/fr\/un-avenir-circulaire-brillant-avec-moins-de-consommation-de-materiaux-et-une-consommation-differente\/#breadcrumb","itemListElement":[{"@type":"ListItem","position":1,"name":"Home","item":"https:\/\/fairresourcefoundation.org\/fr\/"},{"@type":"ListItem","position":2,"name":"Un avenir circulaire brillant avec moins de consommation (de mat\u00e9riaux) et une consommation diff\u00e9rente !"}]},{"@type":"WebSite","@id":"https:\/\/fairresourcefoundation.org\/fr\/#website","url":"https:\/\/fairresourcefoundation.org\/fr\/","name":"Fair Resource Foundation","description":"Systems change for people and planet","publisher":{"@id":"https:\/\/fairresourcefoundation.org\/fr\/#organization"},"potentialAction":[{"@type":"SearchAction","target":{"@type":"EntryPoint","urlTemplate":"https:\/\/fairresourcefoundation.org\/fr\/?s={search_term_string}"},"query-input":{"@type":"PropertyValueSpecification","valueRequired":true,"valueName":"search_term_string"}}],"inLanguage":"fr-FR"},{"@type":"Organization","@id":"https:\/\/fairresourcefoundation.org\/fr\/#organization","name":"Fair Resource Foundation","url":"https:\/\/fairresourcefoundation.org\/fr\/","logo":{"@type":"ImageObject","inLanguage":"fr-FR","@id":"https:\/\/fairresourcefoundation.org\/fr\/#\/schema\/logo\/image\/","url":"https:\/\/fairresourcefoundation.org\/wp-content\/uploads\/2023\/10\/Primair-Logo-Ruimte.svg","contentUrl":"https:\/\/fairresourcefoundation.org\/wp-content\/uploads\/2023\/10\/Primair-Logo-Ruimte.svg","width":1280,"height":566,"caption":"Fair Resource Foundation"},"image":{"@id":"https:\/\/fairresourcefoundation.org\/fr\/#\/schema\/logo\/image\/"}},{"@type":"Person","@id":"https:\/\/fairresourcefoundation.org\/fr\/#\/schema\/person\/4d8ff251ac670b310189f233e6d07ec9","name":"Rob Buurman","image":{"@type":"ImageObject","inLanguage":"fr-FR","@id":"https:\/\/secure.gravatar.com\/avatar\/639544cf92d529545808ab4bf54ec6b660dffdddf5ac2bfc6c1bade200c04beb?s=96&d=mm&r=g","url":"https:\/\/secure.gravatar.com\/avatar\/639544cf92d529545808ab4bf54ec6b660dffdddf5ac2bfc6c1bade200c04beb?s=96&d=mm&r=g","contentUrl":"https:\/\/secure.gravatar.com\/avatar\/639544cf92d529545808ab4bf54ec6b660dffdddf5ac2bfc6c1bade200c04beb?s=96&d=mm&r=g","caption":"Rob Buurman"},"url":"#molongui-disabled-link"}]}},"_links":{"self":[{"href":"https:\/\/fairresourcefoundation.org\/fr\/wp-json\/wp\/v2\/posts\/23076","targetHints":{"allow":["GET"]}}],"collection":[{"href":"https:\/\/fairresourcefoundation.org\/fr\/wp-json\/wp\/v2\/posts"}],"about":[{"href":"https:\/\/fairresourcefoundation.org\/fr\/wp-json\/wp\/v2\/types\/post"}],"author":[{"embeddable":true,"href":"https:\/\/fairresourcefoundation.org\/fr\/wp-json\/wp\/v2\/users\/15"}],"replies":[{"embeddable":true,"href":"https:\/\/fairresourcefoundation.org\/fr\/wp-json\/wp\/v2\/comments?post=23076"}],"version-history":[{"count":0,"href":"https:\/\/fairresourcefoundation.org\/fr\/wp-json\/wp\/v2\/posts\/23076\/revisions"}],"wp:featuredmedia":[{"embeddable":true,"href":"https:\/\/fairresourcefoundation.org\/fr\/wp-json\/wp\/v2\/media\/23946889"}],"wp:attachment":[{"href":"https:\/\/fairresourcefoundation.org\/fr\/wp-json\/wp\/v2\/media?parent=23076"}],"wp:term":[{"taxonomy":"category","embeddable":true,"href":"https:\/\/fairresourcefoundation.org\/fr\/wp-json\/wp\/v2\/categories?post=23076"},{"taxonomy":"post_tag","embeddable":true,"href":"https:\/\/fairresourcefoundation.org\/fr\/wp-json\/wp\/v2\/tags?post=23076"},{"taxonomy":"dipi_cpt_category","embeddable":true,"href":"https:\/\/fairresourcefoundation.org\/fr\/wp-json\/wp\/v2\/dipi_cpt_category?post=23076"},{"taxonomy":"published_year","embeddable":true,"href":"https:\/\/fairresourcefoundation.org\/fr\/wp-json\/wp\/v2\/published_year?post=23076"}],"curies":[{"name":"wp","href":"https:\/\/api.w.org\/{rel}","templated":true}]}}