{"id":23131,"date":"2024-01-30T14:13:09","date_gmt":"2024-01-30T14:13:09","guid":{"rendered":"https:\/\/recyclingnetwerk.org\/?p=23131"},"modified":"2025-01-08T08:25:31","modified_gmt":"2025-01-08T08:25:31","slug":"les-pays-bas-disent-adieu-aux-gobelets-et-contenants-jetables","status":"publish","type":"post","link":"https:\/\/fairresourcefoundation.org\/fr\/les-pays-bas-disent-adieu-aux-gobelets-et-contenants-jetables\/","title":{"rendered":"Les Pays-Bas disent adieu aux gobelets et contenants jetables"},"content":{"rendered":"<p>Le passage des emballages \u00e0 usage unique aux emballages r\u00e9utilisables constitue une \u00e9tape importante vers une \u00e9conomie v\u00e9ritablement circulaire. Nous \u00e9vitons ainsi le gaspillage de mati\u00e8res premi\u00e8res sur les emballages dont nous n&rsquo;avons parfois besoin que pour quelques minutes. Mais quelles sont exactement les (nouvelles) r\u00e9glementations ? Et o\u00f9 est-ce que \u00e7a va mal ?<\/p>\n<h3><b>O\u00f9 en sommes-nous en ce moment ? Un aper\u00e7u.<\/b><\/h3>\n<h4><b>40 % de gobelets et contenants jetables en moins d\u2019ici 2026<\/b><\/h4>\n<p>Les Pays-Bas veulent se d\u00e9barrasser de l\u2019utilisation inutile de mati\u00e8res premi\u00e8res, des montagnes de d\u00e9chets et des d\u00e9tritus. La r\u00e9utilisation des emballages est un bon moyen d\u2019\u00e9viter cela.\u00a0Aux Pays-Bas,\u00a0nous jetons chaque jour\u00a0<a href=\"https:\/\/www.rijksoverheid.nl\/actueel\/nieuws\/2023\/06\/01\/vanaf-1-juli-betaal-je-extra-voor-wegwerpbekers-en--bakjes-met-plastic\">19 millions<\/a>\u00a0de gobelets en plastique et d\u2019emballages alimentaires \u00e0 usage unique. Le gouvernement s&rsquo;est donc fix\u00e9 un objectif ambitieux :\u00a0<a href=\"https:\/\/zwerfafval.rijkswaterstaat.nl\/wegwerpplastic\/\">r\u00e9duire de 40 % les gobelets et contenants jetables<\/a>\u00a0en 2026 par rapport \u00e0 2022. L&rsquo;ann\u00e9e derni\u00e8re, deux textes l\u00e9gislatifs sont entr\u00e9s en vigueur pour atteindre cet objectif, pour\u00a0<i>la vente \u00e0 emporter<\/i>\u00a0(consommation nomade). ). ) et\u00a0<i>le d\u00eener sur<\/i>\u00a0place (consommation sur place), \u00e9galement connu sous le nom de l\u00e9gislation Single Use Plastic ou SUP. La transition des emballages jetables vers les emballages r\u00e9utilisables a \u00e9t\u00e9 amorc\u00e9e.<\/p>\n<h4><b>La l\u00e9gislation en bref<\/b><\/h4>\n<p><i>Vente \u00e0 emporter<\/i>\u00a0(consommation sur le pouce et livraison de repas \u00e0 domicile)<\/p>\n<p>\u00c0 partir du 1er juillet 2023, un suppl\u00e9ment devra \u00eatre factur\u00e9 pour les gobelets jetables et les emballages alimentaires \u00e0 usage unique contenant du plastique. De plus, il est obligatoire de proposer une alternative r\u00e9utilisable. Cela peut \u00eatre : soit proposer vous-m\u00eame des emballages r\u00e9utilisables, soit faciliter le BYO (Bring Your Own), ou les deux.<\/p>\n<p><i>D\u00eener<\/i>\u00a0sur place (consommation sur place)<\/p>\n<p>A partir du 1er janvier 2024, proposer des gobelets et des emballages alimentaires r\u00e9utilisables est obligatoire. Vous ne pouvez continuer \u00e0 utiliser des emballages jetables que si vous pouvez collecter s\u00e9par\u00e9ment plus de 75 % (volume en poids) et les proposer \u00e0 un recyclage de haute qualit\u00e9. Ce pourcentage passera \u00e0 90 % en 2027. Un recyclage de haute qualit\u00e9 signifie du gobelet \u00e0 gobelet ou de r\u00e9cipient \u00e0 r\u00e9cipient, et non des mat\u00e9riaux de mauvaise qualit\u00e9 comme le papier toilette ou les poteaux en bordure de route.<\/p>\n<h4><b>L\u00e9gislation sans application\u00a0<\/b><\/h4>\n<p>Fin 2023, la l\u00e9gislation sur la consommation sur place a soudainement suscit\u00e9 un \u00e9moi : les fabricants de produits jetables ont fait pression pour un report et un affaiblissement de la l\u00e9gislation. Dans le sentiment et l&rsquo;incertitude entourant la l\u00e9gislation SUP, les deux motions ont \u00e9t\u00e9 adopt\u00e9es avec une faible majorit\u00e9. Une\u00a0<a href=\"https:\/\/www.linkedin.com\/feed\/update\/urn:li:activity:7122986905553526785\">lettre<\/a>\u00a0aux partis politiques\u00a0sign\u00e9e par 50 partis n\u2019a servi \u00e0 rien.\u00a0Le secr\u00e9taire d&rsquo;\u00c9tat sortant Heijnen a \u00e9t\u00e9 confront\u00e9 \u00e0 un choix difficile : maintenir la l\u00e9gislation et ainsi s&rsquo;en tenir \u00e0 la ligne de ces derni\u00e8res ann\u00e9es ou affaiblir la l\u00e9gislation et ainsi se conformer aux propositions. Elle a choisi une voie m\u00e9diane : la l\u00e9gislation est rest\u00e9e en vigueur, mais son application a \u00e9t\u00e9 affaiblie. L&rsquo;Inspection de l&rsquo;environnement humain et des transports (ILT) a \u00e9t\u00e9 invit\u00e9e par Heijnen \u00e0 ne pas appliquer la taxe SUP et les exceptions jetables pour la consommation sur place. Elle laisse la d\u00e9cision d&rsquo;ex\u00e9cuter ou non les requ\u00eates \u00e0 son successeur.<\/p>\n<p><img loading=\"lazy\" decoding=\"async\" class=\"size-medium wp-image-23117 alignleft\" src=\"https:\/\/recyclingnetwerk.org\/wp-content\/uploads\/2024\/01\/20230130-2-Hergebruik-wetgeving-blijft-staan-maar-wordt-niet-gehandhaafd-500x333.jpg\" alt=\"\" width=\"500\" height=\"333\" \/><\/p>\n<p>&nbsp;<\/p>\n<p><i>En raison des motions, l&rsquo;interdiction des gobelets jetables et des emballages alimentaires contenant du plastique comme emballage ne sera pas appliqu\u00e9e\u00a0: contient au maximum 5\u00a0% de plastique, peut \u00eatre recycl\u00e9 \u00e0 100\u00a0%, il est d\u00e9montrable que 75\u00a0% sont collect\u00e9s et propos\u00e9s au recyclage et une notification est n\u00e9cessaire. fait \u00e0 ILT<\/i><\/p>\n<h3><b>La taxe SUP manque la cible<\/b><\/h3>\n<p>D\u00e9but 2022,\u00a0nous avions d\u00e9j\u00e0\u00a0<a href=\"https:\/\/recyclingnetwerk.org\/2022\/05\/11\/den-haag-kan-best-zelf-een-einde-aan-de-wegwerpcultuur-maken\/\">appel\u00e9 avec\u00a0<\/a><a href=\"http:\/\/www.missionreuse.com\/\">Mission Reuse<\/a>\u00a0\u00e0 rendre la l\u00e9gislation claire et simple, \u00e0 se concentrer sur la r\u00e9utilisation des syst\u00e8mes du monde des affaires et \u00e0 ne pas rejeter la responsabilit\u00e9 sur le consommateur. Le gouvernement n\u00e9erlandais a propos\u00e9\u00a0<a href=\"https:\/\/recyclingnetwerk.org\/2023\/10\/20\/huidige-toeslag-op-plastic-verpakkingen-lost-problemen-met-wegwerp-niet-op\/\">une taxe SUP mal con\u00e7ue<\/a>\u00a0qui n\u2019a pas pu r\u00e9soudre le probl\u00e8me du jetable. M\u00eame apr\u00e8s l\u2019entr\u00e9e en vigueur de la loi sur les mesures \u00e0 emporter, nous avons indiqu\u00e9\u00a0<a href=\"https:\/\/recyclingnetwerk.org\/2023\/07\/20\/wetgeving-rond-wegwerpverpakkingen-mist-het-doel\/\">pourquoi la l\u00e9gislation manquait la cible<\/a>\u00a0.<\/p>\n<h3><b>Rendre\u00a0<\/b><b><i>la r\u00e9utilisation courante<\/i><\/b><\/h3>\n<p>Au cours des derni\u00e8res d\u00e9cennies, notre soci\u00e9t\u00e9 s\u2019est habitu\u00e9e aux emballages jetables.\u00a0<i>La vie jetable<\/i>\u00a0, terme\u00a0<a href=\"https:\/\/www.researchgate.net\/figure\/A-Life-magazine-cover-celebrating-Throwaway-Living-in-1955_fig3_347732523\">mentionn\u00e9<\/a>\u00a0pour la premi\u00e8re fois dans l&rsquo;Am\u00e9rique d&rsquo;apr\u00e8s-guerre, offrait \u00ab\u00a0la commodit\u00e9 et le luxe pour tous\u00a0\u00bb. Les Pays-Bas sont \u00e9galement devenus une soci\u00e9t\u00e9 du jetable, avec une culture du caf\u00e9 \u00e0 emporter plus forte que dans les pays voisins. Mais d\u00e9sormais, les gens qui poss\u00e8dent leur propre gobelet r\u00e9utilisable ne sont plus regard\u00e9s d\u2019un air \u00e9trange. La route vers la r\u00e9utilisabilit\u00e9 a \u00e9t\u00e9 lanc\u00e9e. Retour au r\u00e9utilisable, il faut le dire. Les alternatives r\u00e9utilisables redeviennent lentement mais s\u00fbrement\u00a0<i>courantes<\/i>\u00a0.<\/p>\n<p>Un exemple est \u00ab\u00a0<a href=\"https:\/\/youtu.be\/UXVHR75Q2HA?si=Nt9W6fXUprUe0oJf\">Die Mok \u00bb, un divertissement du hit \u00ab Dream On \u00bb du groupe n\u00e9erlandais Eurohouse \u00e0 succ\u00e8s\u00a0<\/a><i>2 Brothers au 4\u00e8me \u00e9tage<\/i>\u00a0dans les ann\u00e9es 1990\u00a0. Ils ont pr\u00e9sent\u00e9 cette version BYO dans l&rsquo;\u00e9mission t\u00e9l\u00e9vis\u00e9e \u00ab Even Tot Hier \u00bb.<i><\/i><\/p>\n<h3><b>R\u00e9utiliser le futur<\/b><\/h3>\n<p>Lorsqu&rsquo;on lui a demand\u00e9 ce qu&rsquo;il pensait de la d\u00e9cision de Heijnen, un fournisseur d&#8217;emballages r\u00e9utilisables a r\u00e9pondu : \u00ab Nous voyons seulement de nouvelles entreprises changer. \u00bb L&rsquo;AD\u00a0<a href=\"https:\/\/www.ad.nl\/binnenland\/werkgevers-nemen-afscheid-van-wegwerpbeker-in-nieuwe-jaar-miljoen-bekertjes-per-dag-minder~a1351c8a\/\">a appel\u00e9<\/a>\u00a0les 20 plus grands employeurs des Pays-Bas : ils se tournent tous vers le r\u00e9utilisable. Apr\u00e8s un projet pilote r\u00e9ussi avec Mission Reuse, la cha\u00eene de cin\u00e9ma Path\u00e9 passe \u00e9galement \u00e0 un syst\u00e8me de gobelets r\u00e9utilisables dans ses\u00a0<a href=\"https:\/\/www.linkedin.com\/posts\/mission-reuse_herbruikbarebeker-activity-7143617430869737472-LYwz?utm_source=share&amp;utm_medium=member_android\">30 sites<\/a>\u00a0. L&rsquo;organisme charg\u00e9 de l&rsquo;application de l&rsquo;ILT\u00a0<a href=\"https:\/\/afvalonline.nl\/bericht\/40144\/ilt-geeft-tips-over-gebruik-eenmalige-bekers\">conseille<\/a>\u00a0donc\u00a0: passez \u00e0 la r\u00e9utilisation, vous n&rsquo;aurez alors pas \u00e0 d\u00e9clarer ni \u00e0 conserver de registres.<\/p>\n<p>Mais les entreprises n\u2019innoveront pas, n\u2019investiront pas (ou ne changeront pas de mod\u00e8le \u00e9conomique) sans une l\u00e9gislation directrice ou des incitations \u00e9conomiques. Il est donc important que les fournisseurs de solutions r\u00e9utilisables se sentent soutenus par un gouvernement stable.<\/p>\n<h3><b>Meilleures pratiques autres pays<\/b><\/h3>\n<ul>\n<li aria-level=\"1\"><a href=\"https:\/\/www.nlinfrankrijk.nl\/actueel\/nieuws\/2023\/01\/30\/franse-wet-tegen-verspilling-en-voor-de-circulaire-economie-nieuwe-maatregelen-sinds-begin-2023\">La France<\/a>\u00a0impose le r\u00e9emploi pour la consommation sur place, sans exception<\/li>\n<li aria-level=\"1\"><a href=\"https:\/\/www.wort.lu\/fr\/luxembourg\/ce-que-va-changer-la-loi-dechets-dans-notre-quotidien-62696717de135b9236eca271\">Le Luxembourg<\/a>\u00a0a publi\u00e9 une l\u00e9gislation pr\u00e9voyant des mesures de r\u00e9utilisation supprimant progressivement les emballages \u00e0 usage unique.<\/li>\n<li aria-level=\"1\"><a href=\"https:\/\/www.ris.bka.gv.at\/GeltendeFassung.wxe?Abfrage=Bundesnormen&amp;Gesetzesnummer=20002086\">L&rsquo;Autriche<\/a>\u00a0a fix\u00e9 en novembre un objectif contraignant et ex\u00e9cutoire de 25 % d&#8217;emballages de boissons r\u00e9utilisables d&rsquo;ici 2025.<\/li>\n<li aria-level=\"1\"><a href=\"https:\/\/rethinkplasticalliance.eu\/wp-content\/uploads\/2021\/06\/SUP-Assessment-Design-final.pdf\">La Su\u00e8de<\/a>\u00a0s&rsquo;est fix\u00e9 un objectif de r\u00e9duction de 50 % des tasses et des r\u00e9cipients repas d&rsquo;ici 2026.<\/li>\n<li aria-level=\"1\">Paris mise sur des gobelets et contenants repas r\u00e9utilisables lors des\u00a0<a href=\"https:\/\/olympics.com\/ioc\/news\/paris-2024-puts-sustainability-on-the-plate\">JO 2024<\/a><\/li>\n<li aria-level=\"1\">La ville danoise d&rsquo;Aarhus a r\u00e9cemment lanc\u00e9 un\u00a0<a href=\"https:\/\/packagingeurope.com\/news\/open-managed-reusable-takeaway-packaging-system-makes-debut-in-aarhus\/10889.article\">premier syst\u00e8me de r\u00e9utilisation \u00e0 l&rsquo;\u00e9chelle de la ville<\/a>\u00a0(en commen\u00e7ant par les gobelets) avec des points de collecte pratiques dans les espaces publics et largement align\u00e9 sur le projet europ\u00e9en d\u00e9velopp\u00e9 par\u00a0<a href=\"https:\/\/zerowasteeurope.eu\/library\/rsvp-blueprint-for-harmonising-the-implementation-of-takeaway-food-and-drinks-packaging-systems-for-reuse-in-europe\/\">RSVP .<\/a><\/li>\n<li aria-level=\"1\">La commune allemande\u00a0<a href=\"https:\/\/afvalonline.nl\/bericht\/39525\/mission-reuse-ziet-duitse-tubingen-als-voorbeeld\">de T\u00fcbingen<\/a>\u00a0impose depuis 2022 une taxe sur les emballages jetables pour aliments et boissons.<\/li>\n<\/ul>\n<p>Dirigeants de notre propre pays\u00a0:<\/p>\n<ul>\n<li aria-level=\"1\">En juillet 2023, la commune\u00a0<a href=\"https:\/\/www.centrumvanleiden.nl\/leiden-introduceert-to-go-statiegeldbeker\/\">de Leiden<\/a>\u00a0a \u00e9t\u00e9 la premi\u00e8re commune \u00e0 introduire dans toute la ville une tasse (\u00e0 caf\u00e9) r\u00e9utilisable avec consigne<\/li>\n<li aria-level=\"1\">L&rsquo;industrie de la restauration de Tilburg lance Tilly avec\u00a0<a href=\"https:\/\/www.omroeptilburg.nl\/regio\/tilburg\/primeur-in-tilburg-horeca-introduceert-tilly-met-carnaval\/\">carnaval<\/a>\u00a0, un syst\u00e8me de gobelets rigides \u00e0 parapluie auquel participent tous les bars<\/li>\n<li aria-level=\"1\">Le\u00a0<a href=\"https:\/\/www.nederlandsebrouwers.nl\/biersector\/duurzaamheid-en-ketenbeheer\/verpakkingen\/\">secteur n\u00e9erlandais de la bi\u00e8re<\/a>\u00a0montre depuis des ann\u00e9es \u00e0 quoi ressemble un syst\u00e8me de r\u00e9utilisation \u00e9tendu et efficace<\/li>\n<li aria-level=\"1\">Les grands stades de football tels que\u00a0<a href=\"https:\/\/www.psv.nl\/media\/artikel\/nieuws-psv-stapt-definitief-over-op-hardcups\">le PSV<\/a>\u00a0,\u00a0<a href=\"https:\/\/www.fcgroningen.nl\/overig\/vanaf-maandag-ook-fc-groningen-hardcups-op-piet-fransen-tribune\/\">Groningen<\/a>\u00a0,\u00a0<a href=\"https:\/\/fctwente.nl\/nieuws\/duurzaamheid-in-de-grolsch-veste-vergroten\">Twente<\/a>\u00a0,\u00a0<a href=\"https:\/\/www.willem-ii.nl\/artikel\/koning-willem-ii-stadion-gaat-over-op-duurzame-hard-cups\">Willem II<\/a>\u00a0,\u00a0<a href=\"https:\/\/www.degraafschap.nl\/vraag-en-antwoord-hard-cups\">De Graafschap<\/a>\u00a0et\u00a0<a href=\"https:\/\/www.rkcwaalwijk.nl\/rkc-waalwijk-gaat-over-op-herbruikbaar-bekersysteem\">le RKC<\/a>\u00a0utilisent ou sont sur le point d&rsquo;utiliser des gobelets rigides r\u00e9utilisables.<\/li>\n<li aria-level=\"1\">Les\u00a0<a href=\"https:\/\/www.ad.nl\/binnenland\/werkgevers-nemen-afscheid-van-wegwerpbeker-in-nieuwe-jaar-miljoen-bekertjes-per-dag-minder~a1351c8a\/\">vingt plus grands employeurs<\/a>\u00a0se tournent vers le r\u00e9emploi<\/li>\n<li aria-level=\"1\"><a href=\"https:\/\/recyclingnetwerk.org\/2024\/01\/15\/eerste-reusable-packaging-fair-groot-succes\/\">McDonalds<\/a>\u00a0, Rabobank et NS sont pass\u00e9s au r\u00e9utilisable<\/li>\n<\/ul>\n<h3><b>Conclusion<\/b><\/h3>\n<p>La transition des emballages jetables vers les emballages r\u00e9utilisables a d\u00e9sormais v\u00e9ritablement commenc\u00e9.\u00a0<a href=\"https:\/\/www.rli.nl\/publicaties\/2023\/advies\/weg-van-de-wegwerpmaatschappij\">Selon<\/a>\u00a0le Conseil de l&rsquo;Environnement et des Infrastructures, le gouvernement doit \u00ab mettre en \u0153uvre une politique ax\u00e9e sur l&rsquo;\u00e9limination progressive de la soci\u00e9t\u00e9 du jetable, qui fait obstacle \u00e0 la transition vers une \u00e9conomie durable et circulaire \u00bb. Cela n\u00e9cessite un gouvernement actif qui prend le contr\u00f4le et donne le bon exemple. Peut-\u00eatre que dans quelques d\u00e9cennies, nous regarderons en arri\u00e8re et nous demanderons pourquoi nous avons gaspill\u00e9 autant de mat\u00e9riaux pendant tout ce temps.<\/p>\n<p><b>Curieux d&rsquo;en savoir plus ?<\/b><\/p>\n<p>Karl Beerenfenger de\u00a0<a href=\"http:\/\/www.missionreuse.com\/\">Mission Reuse<\/a>\u00a0(un programme de transition commun d&rsquo;Enviu, Natuur &amp; Milieu et Recycling Netwerk Benelux) est disponible pour des r\u00e9ponses et des interviews.<\/p>\n<p><b><i>D\u00e9tails du contact<\/i><\/b><\/p>\n<p><i>Karl Beerenfenger \u2013\u00a0<\/i><a href=\"mailto:karl@fairresourcefoundation.org\"><i>karl@fairresourcefoundation.org<\/i><\/a><i>\u00a0\u2013 06-18632023<\/i><\/p>\n","protected":false},"excerpt":{"rendered":"<p>Le passage des emballages \u00e0 usage unique aux emballages r\u00e9utilisables constitue une \u00e9tape importante vers une \u00e9conomie v\u00e9ritablement circulaire. Nous \u00e9vitons ainsi le gaspillage de mati\u00e8res premi\u00e8res sur les emballages dont nous n&rsquo;avons parfois besoin que pour quelques minutes. Mais quelles sont exactement les (nouvelles) r\u00e9glementations ? Et o\u00f9 est-ce que \u00e7a va mal ? [&hellip;]<\/p>\n","protected":false},"author":19,"featured_media":23947221,"comment_status":"closed","ping_status":"closed","sticky":false,"template":"","format":"standard","meta":{"_acf_changed":false,"_et_pb_use_builder":"","_et_pb_old_content":"","_et_gb_content_width":"","inline_featured_image":false,"_monsterinsights_skip_tracking":false,"_monsterinsights_sitenote_active":false,"_monsterinsights_sitenote_note":"","_monsterinsights_sitenote_category":0,"footnotes":"","_links_to":"","_links_to_target":""},"categories":[3224,3261,3222,3220],"tags":[3170,3166],"dipi_cpt_category":[],"published_year":[3431],"class_list":["post-23131","post","type-post","status-publish","format-standard","has-post-thumbnail","hentry","category-mission-reuse","category-old_website-fr-2","category-reemploi","category-ressources","tag-mission-reuse-fr","tag-ressources","published_year-2024-fr"],"acf":[],"yoast_head":"<!-- This site is optimized with the Yoast SEO plugin v27.5 - https:\/\/yoast.com\/product\/yoast-seo-wordpress\/ -->\n<title>Les Pays-Bas disent adieu aux gobelets et contenants jetables | Fair Resource Foundation<\/title>\n<meta name=\"robots\" content=\"index, follow, max-snippet:-1, max-image-preview:large, max-video-preview:-1\" \/>\n<link rel=\"canonical\" href=\"https:\/\/fairresourcefoundation.org\/fr\/les-pays-bas-disent-adieu-aux-gobelets-et-contenants-jetables\/\" \/>\n<meta property=\"og:locale\" content=\"fr_FR\" \/>\n<meta property=\"og:type\" content=\"article\" \/>\n<meta property=\"og:title\" content=\"Les Pays-Bas disent adieu aux gobelets et contenants jetables | Fair Resource Foundation\" \/>\n<meta property=\"og:description\" content=\"Le passage des emballages \u00e0 usage unique aux emballages r\u00e9utilisables constitue une \u00e9tape importante vers une \u00e9conomie v\u00e9ritablement circulaire. Nous \u00e9vitons ainsi le gaspillage de mati\u00e8res premi\u00e8res sur les emballages dont nous n&rsquo;avons parfois besoin que pour quelques minutes. Mais quelles sont exactement les (nouvelles) r\u00e9glementations ? Et o\u00f9 est-ce que \u00e7a va mal ? [&hellip;]\" \/>\n<meta property=\"og:url\" content=\"https:\/\/fairresourcefoundation.org\/fr\/les-pays-bas-disent-adieu-aux-gobelets-et-contenants-jetables\/\" \/>\n<meta property=\"og:site_name\" content=\"Fair Resource Foundation\" \/>\n<meta property=\"article:published_time\" content=\"2024-01-30T14:13:09+00:00\" \/>\n<meta property=\"article:modified_time\" content=\"2025-01-08T08:25:31+00:00\" \/>\n<meta property=\"og:image\" content=\"https:\/\/fairresourcefoundation.org\/wp-content\/uploads\/2024\/03\/20230130-Hergebruik-wetgeving-blijft-staan-maar-wordt-niet-gehandhaafd.jpg\" \/>\n\t<meta property=\"og:image:width\" content=\"1048\" \/>\n\t<meta property=\"og:image:height\" content=\"698\" \/>\n\t<meta property=\"og:image:type\" content=\"image\/jpeg\" \/>\n<meta name=\"author\" content=\"Karl Beerenfenger\" \/>\n<meta name=\"twitter:card\" content=\"summary_large_image\" \/>\n<meta name=\"twitter:label1\" content=\"\u00c9crit par\" \/>\n\t<meta name=\"twitter:data1\" content=\"Karl Beerenfenger\" \/>\n\t<meta name=\"twitter:label2\" content=\"Dur\u00e9e de lecture estim\u00e9e\" \/>\n\t<meta name=\"twitter:data2\" content=\"7 minutes\" \/>\n<script type=\"application\/ld+json\" class=\"yoast-schema-graph\">{\"@context\":\"https:\\\/\\\/schema.org\",\"@graph\":[{\"@type\":\"Article\",\"@id\":\"https:\\\/\\\/fairresourcefoundation.org\\\/fr\\\/les-pays-bas-disent-adieu-aux-gobelets-et-contenants-jetables\\\/#article\",\"isPartOf\":{\"@id\":\"https:\\\/\\\/fairresourcefoundation.org\\\/fr\\\/les-pays-bas-disent-adieu-aux-gobelets-et-contenants-jetables\\\/\"},\"author\":{\"name\":\"Karl Beerenfenger\",\"@id\":\"https:\\\/\\\/fairresourcefoundation.org\\\/fr\\\/#\\\/schema\\\/person\\\/e0a901661aeba4489464db733680d789\"},\"headline\":\"Les Pays-Bas disent adieu aux gobelets et contenants jetables\",\"datePublished\":\"2024-01-30T14:13:09+00:00\",\"dateModified\":\"2025-01-08T08:25:31+00:00\",\"mainEntityOfPage\":{\"@id\":\"https:\\\/\\\/fairresourcefoundation.org\\\/fr\\\/les-pays-bas-disent-adieu-aux-gobelets-et-contenants-jetables\\\/\"},\"wordCount\":1451,\"publisher\":{\"@id\":\"https:\\\/\\\/fairresourcefoundation.org\\\/fr\\\/#organization\"},\"image\":{\"@id\":\"https:\\\/\\\/fairresourcefoundation.org\\\/fr\\\/les-pays-bas-disent-adieu-aux-gobelets-et-contenants-jetables\\\/#primaryimage\"},\"thumbnailUrl\":\"https:\\\/\\\/fairresourcefoundation.org\\\/wp-content\\\/uploads\\\/2024\\\/03\\\/20230130-Hergebruik-wetgeving-blijft-staan-maar-wordt-niet-gehandhaafd.jpg\",\"keywords\":[\"Mission Reuse\",\"Ressources\"],\"articleSection\":[\"Mission Reuse\",\"old_website FR\",\"R\u00e9emploi\",\"Ressources\"],\"inLanguage\":\"fr-FR\"},{\"@type\":\"WebPage\",\"@id\":\"https:\\\/\\\/fairresourcefoundation.org\\\/fr\\\/les-pays-bas-disent-adieu-aux-gobelets-et-contenants-jetables\\\/\",\"url\":\"https:\\\/\\\/fairresourcefoundation.org\\\/fr\\\/les-pays-bas-disent-adieu-aux-gobelets-et-contenants-jetables\\\/\",\"name\":\"Les Pays-Bas disent adieu aux gobelets et contenants jetables | Fair Resource Foundation\",\"isPartOf\":{\"@id\":\"https:\\\/\\\/fairresourcefoundation.org\\\/fr\\\/#website\"},\"primaryImageOfPage\":{\"@id\":\"https:\\\/\\\/fairresourcefoundation.org\\\/fr\\\/les-pays-bas-disent-adieu-aux-gobelets-et-contenants-jetables\\\/#primaryimage\"},\"image\":{\"@id\":\"https:\\\/\\\/fairresourcefoundation.org\\\/fr\\\/les-pays-bas-disent-adieu-aux-gobelets-et-contenants-jetables\\\/#primaryimage\"},\"thumbnailUrl\":\"https:\\\/\\\/fairresourcefoundation.org\\\/wp-content\\\/uploads\\\/2024\\\/03\\\/20230130-Hergebruik-wetgeving-blijft-staan-maar-wordt-niet-gehandhaafd.jpg\",\"datePublished\":\"2024-01-30T14:13:09+00:00\",\"dateModified\":\"2025-01-08T08:25:31+00:00\",\"breadcrumb\":{\"@id\":\"https:\\\/\\\/fairresourcefoundation.org\\\/fr\\\/les-pays-bas-disent-adieu-aux-gobelets-et-contenants-jetables\\\/#breadcrumb\"},\"inLanguage\":\"fr-FR\",\"potentialAction\":[{\"@type\":\"ReadAction\",\"target\":[\"https:\\\/\\\/fairresourcefoundation.org\\\/fr\\\/les-pays-bas-disent-adieu-aux-gobelets-et-contenants-jetables\\\/\"]}]},{\"@type\":\"ImageObject\",\"inLanguage\":\"fr-FR\",\"@id\":\"https:\\\/\\\/fairresourcefoundation.org\\\/fr\\\/les-pays-bas-disent-adieu-aux-gobelets-et-contenants-jetables\\\/#primaryimage\",\"url\":\"https:\\\/\\\/fairresourcefoundation.org\\\/wp-content\\\/uploads\\\/2024\\\/03\\\/20230130-Hergebruik-wetgeving-blijft-staan-maar-wordt-niet-gehandhaafd.jpg\",\"contentUrl\":\"https:\\\/\\\/fairresourcefoundation.org\\\/wp-content\\\/uploads\\\/2024\\\/03\\\/20230130-Hergebruik-wetgeving-blijft-staan-maar-wordt-niet-gehandhaafd.jpg\",\"width\":1048,\"height\":698},{\"@type\":\"BreadcrumbList\",\"@id\":\"https:\\\/\\\/fairresourcefoundation.org\\\/fr\\\/les-pays-bas-disent-adieu-aux-gobelets-et-contenants-jetables\\\/#breadcrumb\",\"itemListElement\":[{\"@type\":\"ListItem\",\"position\":1,\"name\":\"Home\",\"item\":\"https:\\\/\\\/fairresourcefoundation.org\\\/fr\\\/\"},{\"@type\":\"ListItem\",\"position\":2,\"name\":\"Les Pays-Bas disent adieu aux gobelets et contenants jetables\"}]},{\"@type\":\"WebSite\",\"@id\":\"https:\\\/\\\/fairresourcefoundation.org\\\/fr\\\/#website\",\"url\":\"https:\\\/\\\/fairresourcefoundation.org\\\/fr\\\/\",\"name\":\"Fair Resource Foundation\",\"description\":\"Systems change for people and planet\",\"publisher\":{\"@id\":\"https:\\\/\\\/fairresourcefoundation.org\\\/fr\\\/#organization\"},\"potentialAction\":[{\"@type\":\"SearchAction\",\"target\":{\"@type\":\"EntryPoint\",\"urlTemplate\":\"https:\\\/\\\/fairresourcefoundation.org\\\/fr\\\/?s={search_term_string}\"},\"query-input\":{\"@type\":\"PropertyValueSpecification\",\"valueRequired\":true,\"valueName\":\"search_term_string\"}}],\"inLanguage\":\"fr-FR\"},{\"@type\":\"Organization\",\"@id\":\"https:\\\/\\\/fairresourcefoundation.org\\\/fr\\\/#organization\",\"name\":\"Fair Resource Foundation\",\"url\":\"https:\\\/\\\/fairresourcefoundation.org\\\/fr\\\/\",\"logo\":{\"@type\":\"ImageObject\",\"inLanguage\":\"fr-FR\",\"@id\":\"https:\\\/\\\/fairresourcefoundation.org\\\/fr\\\/#\\\/schema\\\/logo\\\/image\\\/\",\"url\":\"https:\\\/\\\/fairresourcefoundation.org\\\/wp-content\\\/uploads\\\/2023\\\/10\\\/Primair-Logo-Ruimte.svg\",\"contentUrl\":\"https:\\\/\\\/fairresourcefoundation.org\\\/wp-content\\\/uploads\\\/2023\\\/10\\\/Primair-Logo-Ruimte.svg\",\"width\":1280,\"height\":566,\"caption\":\"Fair Resource Foundation\"},\"image\":{\"@id\":\"https:\\\/\\\/fairresourcefoundation.org\\\/fr\\\/#\\\/schema\\\/logo\\\/image\\\/\"}},{\"@type\":\"Person\",\"@id\":\"https:\\\/\\\/fairresourcefoundation.org\\\/fr\\\/#\\\/schema\\\/person\\\/e0a901661aeba4489464db733680d789\",\"name\":\"Karl Beerenfenger\",\"image\":{\"@type\":\"ImageObject\",\"inLanguage\":\"fr-FR\",\"@id\":\"https:\\\/\\\/secure.gravatar.com\\\/avatar\\\/30b795453a098ab0acfe4269d5cdc434f81e10653063842b5872d9161915b207?s=96&d=mm&r=g\",\"url\":\"https:\\\/\\\/secure.gravatar.com\\\/avatar\\\/30b795453a098ab0acfe4269d5cdc434f81e10653063842b5872d9161915b207?s=96&d=mm&r=g\",\"contentUrl\":\"https:\\\/\\\/secure.gravatar.com\\\/avatar\\\/30b795453a098ab0acfe4269d5cdc434f81e10653063842b5872d9161915b207?s=96&d=mm&r=g\",\"caption\":\"Karl Beerenfenger\"},\"url\":\"#molongui-disabled-link\"}]}<\/script>\n<!-- \/ Yoast SEO plugin. -->","yoast_head_json":{"title":"Les Pays-Bas disent adieu aux gobelets et contenants jetables | Fair Resource Foundation","robots":{"index":"index","follow":"follow","max-snippet":"max-snippet:-1","max-image-preview":"max-image-preview:large","max-video-preview":"max-video-preview:-1"},"canonical":"https:\/\/fairresourcefoundation.org\/fr\/les-pays-bas-disent-adieu-aux-gobelets-et-contenants-jetables\/","og_locale":"fr_FR","og_type":"article","og_title":"Les Pays-Bas disent adieu aux gobelets et contenants jetables | Fair Resource Foundation","og_description":"Le passage des emballages \u00e0 usage unique aux emballages r\u00e9utilisables constitue une \u00e9tape importante vers une \u00e9conomie v\u00e9ritablement circulaire. Nous \u00e9vitons ainsi le gaspillage de mati\u00e8res premi\u00e8res sur les emballages dont nous n&rsquo;avons parfois besoin que pour quelques minutes. Mais quelles sont exactement les (nouvelles) r\u00e9glementations ? Et o\u00f9 est-ce que \u00e7a va mal ? [&hellip;]","og_url":"https:\/\/fairresourcefoundation.org\/fr\/les-pays-bas-disent-adieu-aux-gobelets-et-contenants-jetables\/","og_site_name":"Fair Resource Foundation","article_published_time":"2024-01-30T14:13:09+00:00","article_modified_time":"2025-01-08T08:25:31+00:00","og_image":[{"width":1048,"height":698,"url":"https:\/\/fairresourcefoundation.org\/wp-content\/uploads\/2024\/03\/20230130-Hergebruik-wetgeving-blijft-staan-maar-wordt-niet-gehandhaafd.jpg","type":"image\/jpeg"}],"author":"Karl Beerenfenger","twitter_card":"summary_large_image","twitter_misc":{"\u00c9crit par":"Karl Beerenfenger","Dur\u00e9e de lecture estim\u00e9e":"7 minutes"},"schema":{"@context":"https:\/\/schema.org","@graph":[{"@type":"Article","@id":"https:\/\/fairresourcefoundation.org\/fr\/les-pays-bas-disent-adieu-aux-gobelets-et-contenants-jetables\/#article","isPartOf":{"@id":"https:\/\/fairresourcefoundation.org\/fr\/les-pays-bas-disent-adieu-aux-gobelets-et-contenants-jetables\/"},"author":{"name":"Karl Beerenfenger","@id":"https:\/\/fairresourcefoundation.org\/fr\/#\/schema\/person\/e0a901661aeba4489464db733680d789"},"headline":"Les Pays-Bas disent adieu aux gobelets et contenants jetables","datePublished":"2024-01-30T14:13:09+00:00","dateModified":"2025-01-08T08:25:31+00:00","mainEntityOfPage":{"@id":"https:\/\/fairresourcefoundation.org\/fr\/les-pays-bas-disent-adieu-aux-gobelets-et-contenants-jetables\/"},"wordCount":1451,"publisher":{"@id":"https:\/\/fairresourcefoundation.org\/fr\/#organization"},"image":{"@id":"https:\/\/fairresourcefoundation.org\/fr\/les-pays-bas-disent-adieu-aux-gobelets-et-contenants-jetables\/#primaryimage"},"thumbnailUrl":"https:\/\/fairresourcefoundation.org\/wp-content\/uploads\/2024\/03\/20230130-Hergebruik-wetgeving-blijft-staan-maar-wordt-niet-gehandhaafd.jpg","keywords":["Mission Reuse","Ressources"],"articleSection":["Mission Reuse","old_website FR","R\u00e9emploi","Ressources"],"inLanguage":"fr-FR"},{"@type":"WebPage","@id":"https:\/\/fairresourcefoundation.org\/fr\/les-pays-bas-disent-adieu-aux-gobelets-et-contenants-jetables\/","url":"https:\/\/fairresourcefoundation.org\/fr\/les-pays-bas-disent-adieu-aux-gobelets-et-contenants-jetables\/","name":"Les Pays-Bas disent adieu aux gobelets et contenants jetables | Fair Resource Foundation","isPartOf":{"@id":"https:\/\/fairresourcefoundation.org\/fr\/#website"},"primaryImageOfPage":{"@id":"https:\/\/fairresourcefoundation.org\/fr\/les-pays-bas-disent-adieu-aux-gobelets-et-contenants-jetables\/#primaryimage"},"image":{"@id":"https:\/\/fairresourcefoundation.org\/fr\/les-pays-bas-disent-adieu-aux-gobelets-et-contenants-jetables\/#primaryimage"},"thumbnailUrl":"https:\/\/fairresourcefoundation.org\/wp-content\/uploads\/2024\/03\/20230130-Hergebruik-wetgeving-blijft-staan-maar-wordt-niet-gehandhaafd.jpg","datePublished":"2024-01-30T14:13:09+00:00","dateModified":"2025-01-08T08:25:31+00:00","breadcrumb":{"@id":"https:\/\/fairresourcefoundation.org\/fr\/les-pays-bas-disent-adieu-aux-gobelets-et-contenants-jetables\/#breadcrumb"},"inLanguage":"fr-FR","potentialAction":[{"@type":"ReadAction","target":["https:\/\/fairresourcefoundation.org\/fr\/les-pays-bas-disent-adieu-aux-gobelets-et-contenants-jetables\/"]}]},{"@type":"ImageObject","inLanguage":"fr-FR","@id":"https:\/\/fairresourcefoundation.org\/fr\/les-pays-bas-disent-adieu-aux-gobelets-et-contenants-jetables\/#primaryimage","url":"https:\/\/fairresourcefoundation.org\/wp-content\/uploads\/2024\/03\/20230130-Hergebruik-wetgeving-blijft-staan-maar-wordt-niet-gehandhaafd.jpg","contentUrl":"https:\/\/fairresourcefoundation.org\/wp-content\/uploads\/2024\/03\/20230130-Hergebruik-wetgeving-blijft-staan-maar-wordt-niet-gehandhaafd.jpg","width":1048,"height":698},{"@type":"BreadcrumbList","@id":"https:\/\/fairresourcefoundation.org\/fr\/les-pays-bas-disent-adieu-aux-gobelets-et-contenants-jetables\/#breadcrumb","itemListElement":[{"@type":"ListItem","position":1,"name":"Home","item":"https:\/\/fairresourcefoundation.org\/fr\/"},{"@type":"ListItem","position":2,"name":"Les Pays-Bas disent adieu aux gobelets et contenants jetables"}]},{"@type":"WebSite","@id":"https:\/\/fairresourcefoundation.org\/fr\/#website","url":"https:\/\/fairresourcefoundation.org\/fr\/","name":"Fair Resource Foundation","description":"Systems change for people and planet","publisher":{"@id":"https:\/\/fairresourcefoundation.org\/fr\/#organization"},"potentialAction":[{"@type":"SearchAction","target":{"@type":"EntryPoint","urlTemplate":"https:\/\/fairresourcefoundation.org\/fr\/?s={search_term_string}"},"query-input":{"@type":"PropertyValueSpecification","valueRequired":true,"valueName":"search_term_string"}}],"inLanguage":"fr-FR"},{"@type":"Organization","@id":"https:\/\/fairresourcefoundation.org\/fr\/#organization","name":"Fair Resource Foundation","url":"https:\/\/fairresourcefoundation.org\/fr\/","logo":{"@type":"ImageObject","inLanguage":"fr-FR","@id":"https:\/\/fairresourcefoundation.org\/fr\/#\/schema\/logo\/image\/","url":"https:\/\/fairresourcefoundation.org\/wp-content\/uploads\/2023\/10\/Primair-Logo-Ruimte.svg","contentUrl":"https:\/\/fairresourcefoundation.org\/wp-content\/uploads\/2023\/10\/Primair-Logo-Ruimte.svg","width":1280,"height":566,"caption":"Fair Resource Foundation"},"image":{"@id":"https:\/\/fairresourcefoundation.org\/fr\/#\/schema\/logo\/image\/"}},{"@type":"Person","@id":"https:\/\/fairresourcefoundation.org\/fr\/#\/schema\/person\/e0a901661aeba4489464db733680d789","name":"Karl Beerenfenger","image":{"@type":"ImageObject","inLanguage":"fr-FR","@id":"https:\/\/secure.gravatar.com\/avatar\/30b795453a098ab0acfe4269d5cdc434f81e10653063842b5872d9161915b207?s=96&d=mm&r=g","url":"https:\/\/secure.gravatar.com\/avatar\/30b795453a098ab0acfe4269d5cdc434f81e10653063842b5872d9161915b207?s=96&d=mm&r=g","contentUrl":"https:\/\/secure.gravatar.com\/avatar\/30b795453a098ab0acfe4269d5cdc434f81e10653063842b5872d9161915b207?s=96&d=mm&r=g","caption":"Karl Beerenfenger"},"url":"#molongui-disabled-link"}]}},"_links":{"self":[{"href":"https:\/\/fairresourcefoundation.org\/fr\/wp-json\/wp\/v2\/posts\/23131","targetHints":{"allow":["GET"]}}],"collection":[{"href":"https:\/\/fairresourcefoundation.org\/fr\/wp-json\/wp\/v2\/posts"}],"about":[{"href":"https:\/\/fairresourcefoundation.org\/fr\/wp-json\/wp\/v2\/types\/post"}],"author":[{"embeddable":true,"href":"https:\/\/fairresourcefoundation.org\/fr\/wp-json\/wp\/v2\/users\/19"}],"replies":[{"embeddable":true,"href":"https:\/\/fairresourcefoundation.org\/fr\/wp-json\/wp\/v2\/comments?post=23131"}],"version-history":[{"count":0,"href":"https:\/\/fairresourcefoundation.org\/fr\/wp-json\/wp\/v2\/posts\/23131\/revisions"}],"wp:featuredmedia":[{"embeddable":true,"href":"https:\/\/fairresourcefoundation.org\/fr\/wp-json\/wp\/v2\/media\/23947221"}],"wp:attachment":[{"href":"https:\/\/fairresourcefoundation.org\/fr\/wp-json\/wp\/v2\/media?parent=23131"}],"wp:term":[{"taxonomy":"category","embeddable":true,"href":"https:\/\/fairresourcefoundation.org\/fr\/wp-json\/wp\/v2\/categories?post=23131"},{"taxonomy":"post_tag","embeddable":true,"href":"https:\/\/fairresourcefoundation.org\/fr\/wp-json\/wp\/v2\/tags?post=23131"},{"taxonomy":"dipi_cpt_category","embeddable":true,"href":"https:\/\/fairresourcefoundation.org\/fr\/wp-json\/wp\/v2\/dipi_cpt_category?post=23131"},{"taxonomy":"published_year","embeddable":true,"href":"https:\/\/fairresourcefoundation.org\/fr\/wp-json\/wp\/v2\/published_year?post=23131"}],"curies":[{"name":"wp","href":"https:\/\/api.w.org\/{rel}","templated":true}]}}