{"id":23953511,"date":"2024-10-10T08:15:38","date_gmt":"2024-10-10T06:15:38","guid":{"rendered":"https:\/\/fairresourcefoundation.org\/reusable-packaging-fair-2024\/"},"modified":"2025-07-24T08:06:11","modified_gmt":"2025-07-24T06:06:11","slug":"reusable-packaging-fair-2024","status":"publish","type":"post","link":"https:\/\/fairresourcefoundation.org\/fr\/reusable-packaging-fair-2024\/","title":{"rendered":"Reusable Packaging Fair 2024"},"content":{"rendered":"<p>[et_pb_section fb_built=\u00a0\u00bb1&Prime; _builder_version=\u00a0\u00bb4.27.2&Prime; _module_preset=\u00a0\u00bbdefault\u00a0\u00bb background_image=\u00a0\u00bbhttps:\/\/fairresourcefoundation.org\/wp-content\/uploads\/2024\/10\/RPF-42.jpg\u00a0\u00bb z_index=\u00a0\u00bb1&Prime; custom_padding=\u00a0\u00bb0px||0px||false|false\u00a0\u00bb locked=\u00a0\u00bboff\u00a0\u00bb global_colors_info=\u00a0\u00bb{}\u00a0\u00bb][et_pb_row custom_padding_last_edited=\u00a0\u00bbon|phone\u00a0\u00bb _builder_version=\u00a0\u00bb4.24.3&Prime; _dynamic_attributes=\u00a0\u00bbbackground_image\u00a0\u00bb _module_preset=\u00a0\u00bbdefault\u00a0\u00bb background_image=\u00a0\u00bb@ET-DC@eyJkeW5hbWljIjp0cnVlLCJjb250ZW50IjoicG9zdF9mZWF0dXJlZF9pbWFnZSIsInNldHRpbmdzIjp7fX0=@\u00a0\u00bb z_index=\u00a0\u00bb1&Prime; width=\u00a0\u00bb100%\u00a0\u00bb max_width=\u00a0\u00bb100%\u00a0\u00bb custom_padding=\u00a0\u00bb35vh||35vh||true|false\u00a0\u00bb custom_padding_tablet=\u00a0\u00bb20vh||20vh||true|false\u00a0\u00bb custom_padding_phone=\u00a0\u00bb15vh||15vh||true|false\u00a0\u00bb global_colors_info=\u00a0\u00bb{}\u00a0\u00bb][et_pb_column type=\u00a0\u00bb4_4&Prime; _builder_version=\u00a0\u00bb4.24.2&Prime; _module_preset=\u00a0\u00bbdefault\u00a0\u00bb z_index=\u00a0\u00bb99&Prime; global_colors_info=\u00a0\u00bb{}\u00a0\u00bb][\/et_pb_column][\/et_pb_row][\/et_pb_section][et_pb_section fb_built=\u00a0\u00bb1&Prime; _builder_version=\u00a0\u00bb4.24.0&Prime; _module_preset=\u00a0\u00bbdefault\u00a0\u00bb background_color=\u00a0\u00bbgcid-2b01b125-6b38-4b9f-9cc1-28a45bc9d8b3&Prime; z_index=\u00a0\u00bb999&Prime; width_tablet=\u00a0\u00bb100%\u00a0\u00bb width_phone=\u00a0\u00bb100%\u00a0\u00bb width_last_edited=\u00a0\u00bbon|phone\u00a0\u00bb module_alignment=\u00a0\u00bbcenter\u00a0\u00bb overflow-x=\u00a0\u00bbvisible\u00a0\u00bb overflow-y=\u00a0\u00bbvisible\u00a0\u00bb custom_margin=\u00a0\u00bb-150px||0px||false|false\u00a0\u00bb custom_margin_tablet=\u00a0\u00bb0px||0px||false|false\u00a0\u00bb custom_margin_phone=\u00a0\u00bb-50px||||false|false\u00a0\u00bb custom_margin_last_edited=\u00a0\u00bbon|phone\u00a0\u00bb global_colors_info=\u00a0\u00bb{%22gcid-2b01b125-6b38-4b9f-9cc1-28a45bc9d8b3%22:%91%22background_color%22%93}\u00a0\u00bb][et_pb_row custom_padding_last_edited=\u00a0\u00bbon|phone\u00a0\u00bb _builder_version=\u00a0\u00bb4.24.0&Prime; _module_preset=\u00a0\u00bbdefault\u00a0\u00bb background_color=\u00a0\u00bb#FFFFFF\u00a0\u00bb z_index=\u00a0\u00bb99&Prime; width_tablet=\u00a0\u00bb90%\u00a0\u00bb width_phone=\u00a0\u00bb90%\u00a0\u00bb width_last_edited=\u00a0\u00bbon|phone\u00a0\u00bb max_width=\u00a0\u00bb80%\u00a0\u00bb max_width_tablet=\u00a0\u00bb90%\u00a0\u00bb max_width_phone=\u00a0\u00bb90%\u00a0\u00bb max_width_last_edited=\u00a0\u00bbon|tablet\u00a0\u00bb overflow-x=\u00a0\u00bbvisible\u00a0\u00bb overflow-y=\u00a0\u00bbvisible\u00a0\u00bb custom_margin=\u00a0\u00bb-150px||||false|false\u00a0\u00bb custom_margin_tablet=\u00a0\u00bb-150px||||false|false\u00a0\u00bb custom_margin_phone=\u00a0\u00bb-100px||||false|false\u00a0\u00bb custom_margin_last_edited=\u00a0\u00bbon|tablet\u00a0\u00bb custom_padding=\u00a0\u00bb4%|5%|0%|5%|false|true\u00a0\u00bb custom_padding_tablet=\u00a0\u00bb7%||||false|true\u00a0\u00bb custom_padding_phone=\u00a0\u00bb10%||||false|true\u00a0\u00bb border_radii=\u00a0\u00bboff|30px|30px||\u00a0\u00bb global_colors_info=\u00a0\u00bb{}\u00a0\u00bb][et_pb_column type=\u00a0\u00bb4_4&Prime; _builder_version=\u00a0\u00bb4.22.0&Prime; _module_preset=\u00a0\u00bbdefault\u00a0\u00bb z_index=\u00a0\u00bb99&Prime; global_colors_info=\u00a0\u00bb{}\u00a0\u00bb][et_pb_text _builder_version=\u00a0\u00bb4.24.3&Prime; _dynamic_attributes=\u00a0\u00bbcontent\u00a0\u00bb _module_preset=\u00a0\u00bbdefault\u00a0\u00bb text_font=\u00a0\u00bbSoulcraft Wide||||||||\u00a0\u00bb text_font_size=\u00a0\u00bb2.5vw\u00a0\u00bb text_line_height=\u00a0\u00bb1.2em\u00a0\u00bb header_font=\u00a0\u00bbSoulcraft Wide||||||||\u00a0\u00bb header_font_size=\u00a0\u00bb3.5vw\u00a0\u00bb header_2_text_align=\u00a0\u00bbleft\u00a0\u00bb header_2_font_size=\u00a0\u00bb3.5vw\u00a0\u00bb header_2_line_height=\u00a0\u00bb1.2em\u00a0\u00bb custom_margin=\u00a0\u00bb||15px||false|false\u00a0\u00bb text_font_size_tablet=\u00a0\u00bb5vw\u00a0\u00bb text_font_size_phone=\u00a0\u00bb6vw\u00a0\u00bb text_font_size_last_edited=\u00a0\u00bbon|phone\u00a0\u00bb global_colors_info=\u00a0\u00bb{%22gcid-77784515-52da-45c3-b038-e5c2d51b4bf9%22:%91%22header_2_text_color%22,%22header_2_text_color%22,%22header_text_color%22%93}\u00a0\u00bb]@ET-DC@eyJkeW5hbWljIjp0cnVlLCJjb250ZW50IjoicG9zdF90aXRsZSIsInNldHRpbmdzIjp7ImJlZm9yZSI6IiIsImFmdGVyIjoiIn19@[\/et_pb_text][et_pb_post_title title=\u00a0\u00bboff\u00a0\u00bb date_format=\u00a0\u00bbj F Y\u00a0\u00bb categories=\u00a0\u00bboff\u00a0\u00bb comments=\u00a0\u00bboff\u00a0\u00bb featured_image=\u00a0\u00bboff\u00a0\u00bb admin_label=\u00a0\u00bbAuthor and date\u00a0\u00bb _builder_version=\u00a0\u00bb4.27.2&Prime; _module_preset=\u00a0\u00bbdefault\u00a0\u00bb title_font=\u00a0\u00bb||||||||\u00a0\u00bb meta_font=\u00a0\u00bb|600|||||||\u00a0\u00bb meta_text_align=\u00a0\u00bbleft\u00a0\u00bb meta_text_color=\u00a0\u00bbgcid-77784515-52da-45c3-b038-e5c2d51b4bf9&Prime; custom_margin=\u00a0\u00bb||-1px||false|false\u00a0\u00bb custom_css_free_form=\u00a0\u00bb.selector .et_pb_title_meta_container a:hover {||  color: red;||}\u00a0\u00bb locked=\u00a0\u00bboff\u00a0\u00bb global_colors_info=\u00a0\u00bb{%22gcid-77784515-52da-45c3-b038-e5c2d51b4bf9%22:%91%22meta_text_color%22%93}\u00a0\u00bb][\/et_pb_post_title][et_pb_post_title title=\u00a0\u00bboff\u00a0\u00bb author=\u00a0\u00bboff\u00a0\u00bb date=\u00a0\u00bboff\u00a0\u00bb comments=\u00a0\u00bboff\u00a0\u00bb featured_image=\u00a0\u00bboff\u00a0\u00bb _builder_version=\u00a0\u00bb4.27.0&Prime; _module_preset=\u00a0\u00bbdefault\u00a0\u00bb meta_font=\u00a0\u00bb|600||on||||#F06449|\u00a0\u00bb meta_text_align=\u00a0\u00bbleft\u00a0\u00bb meta_text_color=\u00a0\u00bb#F06449&Prime; custom_margin=\u00a0\u00bb10px||20px||false|false\u00a0\u00bb custom_padding=\u00a0\u00bb|||0%|false|false\u00a0\u00bb locked=\u00a0\u00bboff\u00a0\u00bb global_colors_info=\u00a0\u00bb{%22gcid-ef4e245a-162a-48e8-976d-1f0669a09958%22:%91%22meta_text_color__hover%22%93}\u00a0\u00bb meta_text_color__hover_enabled=\u00a0\u00bbon|hover\u00a0\u00bb meta_text_color__hover=\u00a0\u00bb#f06449&Prime;][\/et_pb_post_title][et_pb_text _builder_version=\u00a0\u00bb4.27.3&Prime; _module_preset=\u00a0\u00bbdefault\u00a0\u00bb header_font_size=\u00a0\u00bb3vw\u00a0\u00bb header_2_font=\u00a0\u00bbSoulcraft Wide|||on|||||\u00a0\u00bb header_2_font_size=\u00a0\u00bb2.2vw\u00a0\u00bb header_2_line_height=\u00a0\u00bb1.5em\u00a0\u00bb header_3_font=\u00a0\u00bbSoulcraft Wide||||||||\u00a0\u00bb header_3_text_color=\u00a0\u00bbgcid-ef4e245a-162a-48e8-976d-1f0669a09958&Prime; header_3_font_size=\u00a0\u00bb1.6vw\u00a0\u00bb header_3_line_height=\u00a0\u00bb1.3em\u00a0\u00bb header_4_font=\u00a0\u00bbSoulcraft Wide||||||||\u00a0\u00bb header_4_font_size=\u00a0\u00bb1.4vw\u00a0\u00bb custom_margin=\u00a0\u00bb0px||||false|false\u00a0\u00bb custom_margin_tablet=\u00a0\u00bb||||false|false\u00a0\u00bb custom_margin_phone=\u00a0\u00bb-20px||||false|false\u00a0\u00bb custom_margin_last_edited=\u00a0\u00bbon|phone\u00a0\u00bb custom_padding=\u00a0\u00bb10px||||false|false\u00a0\u00bb hover_enabled=\u00a0\u00bb0&Prime; header_2_font_size_tablet=\u00a0\u00bb5vw\u00a0\u00bb header_3_font_size_tablet=\u00a0\u00bb4vw\u00a0\u00bb header_3_font_size_phone=\u00a0\u00bb5vw\u00a0\u00bb header_3_font_size_last_edited=\u00a0\u00bbon|phone\u00a0\u00bb global_colors_info=\u00a0\u00bb{%22gcid-77784515-52da-45c3-b038-e5c2d51b4bf9%22:%91%22header_2_text_color%22,%22text_text_color%22,%22header_2_text_color%22,%22text_text_color%22%93,%22gcid-ef4e245a-162a-48e8-976d-1f0669a09958%22:%91%22header_3_text_color%22%93}\u00a0\u00bb sticky_enabled=\u00a0\u00bb0&Prime;]<\/p>\n<section class=\"elementor-section elementor-top-section elementor-element elementor-element-2c55509 elementor-section-boxed elementor-section-height-default elementor-section-height-default\" data-id=\"2c55509\" data-element_type=\"section\">\n<div class=\"elementor-container elementor-column-gap-default\">\n<div class=\"elementor-column elementor-col-100 elementor-top-column elementor-element elementor-element-93788f5\" data-id=\"93788f5\" data-element_type=\"column\">\n<div class=\"elementor-widget-wrap elementor-element-populated\">\n<div class=\"elementor-element elementor-element-084c61a elementor-widget elementor-widget-text-editor\" data-id=\"084c61a\" data-element_type=\"widget\" data-widget_type=\"text-editor.default\">\n<div class=\"elementor-widget-container\">\n<p><em>Apr\u00e8s le <a href=\"https:\/\/missionreuse.com\/nieuws\/eerste-reusable-packaging-fair-groot-succes\/\" target=\"_blank\" rel=\"noopener\">succ\u00e8s<\/a> du premier Salon de l&rsquo;Emballage r\u00e9utilisable (\u00ab\u00a0Reusable Packaging Fair\u00a0\u00bb), nous souhaitons vous inviter \u00e0 la <a href=\"https:\/\/event.congresbureau.nl\/reusable-packaging-fair\/home?reg_type_id=672589\" target=\"_blank\" rel=\"noopener\">prochaine \u00e9dition<\/a> le mardi 19 novembre 2024 au centre de conf\u00e9rence 1931 \u00e0 Bois-le-Duc. Le Salon de l&rsquo;Emballage r\u00e9utilisable est organis\u00e9 par Mission Reuse, un projet issue de la collaboration entre Natuur &amp; Milieu, Enviu et Fair Resource Foundation.<\/em><\/p>\n<p>Les emballages r\u00e9utilisables constituent une \u00e9tape importante vers une \u00e9conomie circulaire en 2050. Le Salon de l&rsquo;Emballage r\u00e9utilisable rassemble toutes les parties prenantes et donne un \u00e9lan \u00e0 la transition du jetable au r\u00e9emploi.<\/p>\n<h2>Programme du salon<\/h2>\n<p class=\"p1\">Le salon de l&#8217;emballage r\u00e9utilisable se concentre sur les emballages r\u00e9utilisables sur le march\u00e9 n\u00e9erlandais et belge, dans tous les secteurs, de l&#8217;emballage grand public \u00e0 l&#8217;emballage B2B. D\u00e9couvrez les emballages r\u00e9utilisables, les solutions logistiques, les syst\u00e8mes de nettoyage et le support technologique dans la partie exposition. Et participez \u00e0 l&rsquo;une des sessions de partage pour en savoir plus sur les questions d&rsquo;hygi\u00e8ne, de lavage, de logistique et les points de retour, la standardisation, la collaboration, le comportement des consommateurs, les b\u00e9n\u00e9fices environnementaux, le financement de la transition, des exemples pratiques d&rsquo;autres pays et bien plus encore.<\/p>\n<p><span data-contrast=\"none\"><strong>Hester Klein Lankhorst<\/strong>\u00a0\u00a0(directrice de Verpact) et\u00a0\u00a0<strong>Rob Buurman<\/strong> \u00a0(directeur de Fair Resource Foundation \/ Mission Reuse) vous pr\u00e9senteront leur vision du r\u00e9emploi lors de la pl\u00e9ni\u00e8re d&rsquo;ouverture.\u00a0 <strong>Marc Pruijn<\/strong>\u00a0\u00a0(Rijkswaterstaat) accompagne l&rsquo;ouverture et pose des questions stimulantes. Le programme complet peut \u00eatre consult\u00e9\u00a0\u00a0<a href=\"https:\/\/event.congresbureau.nl\/reusable-packaging-fair\/sprekers?reg_type_id=672589\" target=\"_blank\" rel=\"noopener\">ici<\/a>.<\/span><\/p>\n<p><strong>Participation et inscription<\/strong><\/p>\n<p class=\"p1\">Inscrivez-vous au Salon de l&rsquo;Emballage r\u00e9utilisable 2024\u00a0 <a  target=\"_blank\" href=\"https:\/\/event.congresbureau.nl\/reusable-packaging-fair\/register?reg_type_id=672589\">via\u00a0\u00a0<span class=\"s1\">ce lien<\/span><\/a>. La participation co\u00fbte 50 euros par personne (hors TVA), d\u00e9jeuner compris. Le programme couvre toute la journ\u00e9e.<\/p>\n<p class=\"p1\">Vous souhaitez \u00eatre pr\u00e9sent sur la\u00a0\u00a0<strong>place du march\u00e9<\/strong>\u00a0avec votre solution d&#8217;emballage r\u00e9utilisable \u00a0ou vous avez une suggestion ou une probl\u00e9matique pour une\u00a0\u00a0<strong>s\u00e9ance de partage<\/strong> ? Vous pouvez contacter\u00a0 <a target=\"_blank\" href=\"mailto:m.keuenhof@kidv.nl\"><span class=\"s1\">Marcel Keuenhof<\/span><\/a>\u00a0(KIDV\/Verpact) ou\u00a0\u00a0<a href=\"mailto:karl@fairresourcefoundation.org\"><span class=\"s1\">Karl Beerenfenger<\/span><\/a>\u00a0\u00a0(Mission Reuse) pour plus d&rsquo;informations.<\/p>\n<p><strong>Vous souhaitez devenir exposant ?<\/strong><\/p>\n<p class=\"p1\">Vous pouvez \u00e9galement r\u00e9server votre propre place pour votre entreprise ou organisation. Tous les d\u00e9tails peuvent \u00eatre trouv\u00e9s sur\u00a0\u00a0<a href=\"https:\/\/event.congresbureau.nl\/stands-rpf2024\/standpakket\" target=\"_blank\" rel=\"noopener\">cette page<\/a>\u00a0.<\/p>\n<p>Mission Reuse organise le Salon des emballages r\u00e9utilisables en collaboration avec le minist\u00e8re des Infrastructures et de la Gestion de l&rsquo;eau n\u00e9erlandais, le Kennisinstituut Duurzaam Verpakking (KIDV) et Verpact. Suivez notre <a target=\"_blank\" href=\"https:\/\/www.linkedin.com\/company\/mission-reuse\/\">LinkedIn<\/a> pour en savoir plus sur le Salon !<span style=\"font-size: 18px;\">\u00a0<\/span><\/p>\n<\/div>\n<\/div>\n<\/div>\n<\/div>\n<\/div>\n<\/section>\n<p>[\/et_pb_text][et_pb_button button_url=\u00a0\u00bbhttps:\/\/event.congresbureau.nl\/reusable-packaging-fair\/registratie?reg_type_id=672589&Prime; button_text=\u00a0\u00bbParticipez au la Reusable packaging fair!\u00a0\u00bb button_alignment=\u00a0\u00bbcenter\u00a0\u00bb _builder_version=\u00a0\u00bb4.27.3&Prime; _module_preset=\u00a0\u00bbdefault\u00a0\u00bb custom_button=\u00a0\u00bbon\u00a0\u00bb button_text_color=\u00a0\u00bbgcid-77784515-52da-45c3-b038-e5c2d51b4bf9&Prime; button_bg_color=\u00a0\u00bbgcid-ef4e245a-162a-48e8-976d-1f0669a09958&Prime; button_border_width=\u00a0\u00bb2px\u00a0\u00bb button_border_color=\u00a0\u00bbgcid-77784515-52da-45c3-b038-e5c2d51b4bf9&Prime; button_border_radius=\u00a0\u00bb10px\u00a0\u00bb button_font=\u00a0\u00bbSoulcraft Wide|800||on|||||\u00a0\u00bb button_icon=\u00a0\u00bb&#x35;||divi||400&Prime; button_icon_color=\u00a0\u00bbgcid-77784515-52da-45c3-b038-e5c2d51b4bf9&Prime; button_on_hover=\u00a0\u00bboff\u00a0\u00bb custom_padding=\u00a0\u00bb10px|45px|10px|30px|true|false\u00a0\u00bb hover_enabled=\u00a0\u00bb0&Prime; button_text_size_tablet=\u00a0\u00bb18px\u00a0\u00bb button_text_size_phone=\u00a0\u00bb16px\u00a0\u00bb button_text_size_last_edited=\u00a0\u00bbon|phone\u00a0\u00bb global_colors_info=\u00a0\u00bb{%22gcid-77784515-52da-45c3-b038-e5c2d51b4bf9%22:%91%22button_border_color%22,%22button_text_color%22,%22button_bg_color__hover%22,%22button_border_color__hover%22,%22button_icon_color%22%93,%22gcid-ef4e245a-162a-48e8-976d-1f0669a09958%22:%91%22button_bg_color%22,%22button_text_color__hover%22,%22button_icon_color__hover%22%93}\u00a0\u00bb button_text_color__hover=\u00a0\u00bb#f06449&Prime; button_text_color__hover_enabled=\u00a0\u00bbon|hover\u00a0\u00bb button_bg_color__hover=\u00a0\u00bb#1c2953&Prime; button_bg_color__hover_enabled=\u00a0\u00bbon|desktop\u00a0\u00bb button_border_width__hover=\u00a0\u00bb2px\u00a0\u00bb button_border_width__hover_enabled=\u00a0\u00bbon|hover\u00a0\u00bb button_border_color__hover=\u00a0\u00bb#1c2953&Prime; button_border_color__hover_enabled=\u00a0\u00bbon|hover\u00a0\u00bb button_icon_color__hover=\u00a0\u00bb#f06449&Prime; button_icon_color__hover_enabled=\u00a0\u00bbon|desktop\u00a0\u00bb button_bg_enable_color__hover=\u00a0\u00bbon\u00a0\u00bb sticky_enabled=\u00a0\u00bb0&Prime;][\/et_pb_button][et_pb_image src=\u00a0\u00bbhttps:\/\/fairresourcefoundation.org\/wp-content\/uploads\/2024\/10\/rpfbanner.png\u00a0\u00bb alt=\u00a0\u00bbBanner Reusable Packaging Fair 2024&Prime; title_text=\u00a0\u00bbBanner Reusable Packaging Fair 2024&Prime; admin_label=\u00a0\u00bbAfbeelding\u00a0\u00bb _builder_version=\u00a0\u00bb4.27.2&Prime; _module_preset=\u00a0\u00bbdefault\u00a0\u00bb width=\u00a0\u00bb100%\u00a0\u00bb min_height=\u00a0\u00bb236.4px\u00a0\u00bb custom_padding=\u00a0\u00bb||50px||false|false\u00a0\u00bb border_radii=\u00a0\u00bbon|9px|9px|9px|9px\u00a0\u00bb global_colors_info=\u00a0\u00bb{}\u00a0\u00bb][\/et_pb_image][\/et_pb_column][\/et_pb_row][et_pb_row _builder_version=\u00a0\u00bb4.24.0&Prime; _module_preset=\u00a0\u00bbdefault\u00a0\u00bb background_color=\u00a0\u00bb#FFFFFF\u00a0\u00bb z_index=\u00a0\u00bb99&Prime; width_tablet=\u00a0\u00bb90%\u00a0\u00bb width_phone=\u00a0\u00bb90%\u00a0\u00bb width_last_edited=\u00a0\u00bbon|desktop\u00a0\u00bb max_width=\u00a0\u00bb80%\u00a0\u00bb max_width_tablet=\u00a0\u00bb90%\u00a0\u00bb max_width_phone=\u00a0\u00bb90%\u00a0\u00bb max_width_last_edited=\u00a0\u00bbon|tablet\u00a0\u00bb custom_margin=\u00a0\u00bb||||false|false\u00a0\u00bb custom_padding=\u00a0\u00bb0%|5%|2%|5%|false|false\u00a0\u00bb border_radii=\u00a0\u00bboff|||30px|30px\u00a0\u00bb global_colors_info=\u00a0\u00bb{}\u00a0\u00bb][et_pb_column type=\u00a0\u00bb4_4&Prime; _builder_version=\u00a0\u00bb4.21.2&Prime; _module_preset=\u00a0\u00bbdefault\u00a0\u00bb z_index=\u00a0\u00bb99&Prime; global_colors_info=\u00a0\u00bb{}\u00a0\u00bb][et_pb_text _builder_version=\u00a0\u00bb4.25.1&Prime; _module_preset=\u00a0\u00bbdefault\u00a0\u00bb text_font=\u00a0\u00bbSoulcraft Wide||||||||\u00a0\u00bb header_3_font=\u00a0\u00bb||||on|||gcid-77784515-52da-45c3-b038-e5c2d51b4bf9|\u00a0\u00bb header_3_text_color=\u00a0\u00bb#1C2953&Prime; header_3_font_size=\u00a0\u00bb20px\u00a0\u00bb text_orientation=\u00a0\u00bbcenter\u00a0\u00bb custom_margin=\u00a0\u00bb||5px||false|false\u00a0\u00bb locked=\u00a0\u00bboff\u00a0\u00bb global_colors_info=\u00a0\u00bb{}\u00a0\u00bb]<\/p>\n<h3>Gerelateerde tags<\/h3>\n<p>[\/et_pb_text][et_pb_text module_class=\u00a0\u00bbtag_post\u00a0\u00bb _builder_version=\u00a0\u00bb4.25.1&Prime; _dynamic_attributes=\u00a0\u00bbcontent\u00a0\u00bb _module_preset=\u00a0\u00bbdefault\u00a0\u00bb link_text_color=\u00a0\u00bb#FFFFFF\u00a0\u00bb text_orientation=\u00a0\u00bbcenter\u00a0\u00bb custom_margin=\u00a0\u00bb15px||||false|false\u00a0\u00bb link_line_height_tablet=\u00a0\u00bb3.5em\u00a0\u00bb link_line_height_phone=\u00a0\u00bb3.5em\u00a0\u00bb link_line_height_last_edited=\u00a0\u00bbon|tablet\u00a0\u00bb custom_css_free_form=\u00a0\u00bb.tag_post a {||    color: white;||    background-color: #1c2953;||  border-radius: 10px;||  Padding: 10px||}\u00a0\u00bb locked=\u00a0\u00bboff\u00a0\u00bb global_colors_info=\u00a0\u00bb{}\u00a0\u00bb]@ET-DC@eyJkeW5hbWljIjp0cnVlLCJjb250ZW50IjoicG9zdF90YWdzIiwic2V0dGluZ3MiOnsiYmVmb3JlIjoiIiwiYWZ0ZXIiOiIiLCJsaW5rX3RvX3Rlcm1fcGFnZSI6Im9uIiwic2VwYXJhdG9yIjoiIHwgIiwiY2F0ZWdvcnlfdHlwZSI6InBvc3RfdGFnIn19@[\/et_pb_text][\/et_pb_column][\/et_pb_row][\/et_pb_section][et_pb_section fb_built=\u00a0\u00bb1&Prime; _builder_version=\u00a0\u00bb4.24.3&Prime; _module_preset=\u00a0\u00bbdefault\u00a0\u00bb background_color=\u00a0\u00bbgcid-77784515-52da-45c3-b038-e5c2d51b4bf9&Prime; width=\u00a0\u00bb100%\u00a0\u00bb max_width=\u00a0\u00bb100%\u00a0\u00bb custom_margin=\u00a0\u00bb0%||||false|false\u00a0\u00bb custom_margin_tablet=\u00a0\u00bb0%||||false|false\u00a0\u00bb custom_margin_phone=\u00a0\u00bb||||false|false\u00a0\u00bb custom_margin_last_edited=\u00a0\u00bbon|phone\u00a0\u00bb custom_padding=\u00a0\u00bb||||false|false\u00a0\u00bb locked=\u00a0\u00bboff\u00a0\u00bb global_colors_info=\u00a0\u00bb{%22gcid-77784515-52da-45c3-b038-e5c2d51b4bf9%22:%91%22background_color%22%93}\u00a0\u00bb][et_pb_row _builder_version=\u00a0\u00bb4.22.0&Prime; _module_preset=\u00a0\u00bbdefault\u00a0\u00bb max_width=\u00a0\u00bb80%\u00a0\u00bb custom_padding=\u00a0\u00bb0px||0px||false|false\u00a0\u00bb locked=\u00a0\u00bboff\u00a0\u00bb global_colors_info=\u00a0\u00bb{}\u00a0\u00bb][et_pb_column type=\u00a0\u00bb4_4&Prime; _builder_version=\u00a0\u00bb4.21.2&Prime; _module_preset=\u00a0\u00bbdefault\u00a0\u00bb z_index=\u00a0\u00bb99&Prime; global_colors_info=\u00a0\u00bb{}\u00a0\u00bb][et_pb_text _builder_version=\u00a0\u00bb4.25.1&Prime; _module_preset=\u00a0\u00bbdefault\u00a0\u00bb text_font=\u00a0\u00bbSoulcraft Wide||||||||\u00a0\u00bb text_text_color=\u00a0\u00bb#FFFFFF\u00a0\u00bb text_font_size=\u00a0\u00bb3vw\u00a0\u00bb header_font=\u00a0\u00bbSoulcraft Wide||||||||\u00a0\u00bb header_2_font=\u00a0\u00bbSoulcraft Wide|700||on|||||\u00a0\u00bb header_2_text_align=\u00a0\u00bbleft\u00a0\u00bb header_2_text_color=\u00a0\u00bb#FFFFFF\u00a0\u00bb header_2_font_size=\u00a0\u00bb3vw\u00a0\u00bb header_2_line_height=\u00a0\u00bb1.3em\u00a0\u00bb header_3_text_align=\u00a0\u00bbleft\u00a0\u00bb custom_margin=\u00a0\u00bb||0px||false|false\u00a0\u00bb text_font_size_tablet=\u00a0\u00bb5vw\u00a0\u00bb text_font_size_phone=\u00a0\u00bb6vw\u00a0\u00bb text_font_size_last_edited=\u00a0\u00bbon|phone\u00a0\u00bb header_2_font_size_tablet=\u00a0\u00bb5vw\u00a0\u00bb header_2_font_size_phone=\u00a0\u00bb6vw\u00a0\u00bb global_colors_info=\u00a0\u00bb{%22gcid-77784515-52da-45c3-b038-e5c2d51b4bf9%22:%91%22text_text_color%22,%22header_text_color%22%93}\u00a0\u00bb]<\/p>\n<h2>More on this topic<\/h2>\n<p>[\/et_pb_text][\/et_pb_column][\/et_pb_row][\/et_pb_section][et_pb_section fb_built=\u00a0\u00bb1&Prime; _builder_version=\u00a0\u00bb4.24.3&Prime; _module_preset=\u00a0\u00bbdefault\u00a0\u00bb background_color=\u00a0\u00bbgcid-2b01b125-6b38-4b9f-9cc1-28a45bc9d8b3&Prime; custom_margin=\u00a0\u00bb||0px||false|false\u00a0\u00bb custom_padding=\u00a0\u00bb||0px||false|false\u00a0\u00bb global_colors_info=\u00a0\u00bb{%22gcid-2b01b125-6b38-4b9f-9cc1-28a45bc9d8b3%22:%91%22background_color%22%93}\u00a0\u00bb][et_pb_row _builder_version=\u00a0\u00bb4.24.2&Prime; _module_preset=\u00a0\u00bbdefault\u00a0\u00bb z_index=\u00a0\u00bb99&Prime; width_tablet=\u00a0\u00bb95%\u00a0\u00bb width_phone=\u00a0\u00bb95%\u00a0\u00bb width_last_edited=\u00a0\u00bbon|tablet\u00a0\u00bb max_width=\u00a0\u00bb80%\u00a0\u00bb max_width_tablet=\u00a0\u00bb95%\u00a0\u00bb max_width_phone=\u00a0\u00bb95%\u00a0\u00bb max_width_last_edited=\u00a0\u00bbon|tablet\u00a0\u00bb custom_margin=\u00a0\u00bb||||false|false\u00a0\u00bb custom_padding=\u00a0\u00bb3%|0px|7%|0px|false|true\u00a0\u00bb global_colors_info=\u00a0\u00bb{}\u00a0\u00bb][et_pb_column type=\u00a0\u00bb4_4&Prime; _builder_version=\u00a0\u00bb4.21.2&Prime; _module_preset=\u00a0\u00bbdefault\u00a0\u00bb z_index=\u00a0\u00bb99&Prime; global_colors_info=\u00a0\u00bb{}\u00a0\u00bb][et_pb_blog posts_number=\u00a0\u00bb3&Prime; include_categories=\u00a0\u00bbcurrent\u00a0\u00bb meta_date=\u00a0\u00bbd M, Y\u00a0\u00bb show_more=\u00a0\u00bbon\u00a0\u00bb show_author=\u00a0\u00bboff\u00a0\u00bb show_categories=\u00a0\u00bboff\u00a0\u00bb show_pagination=\u00a0\u00bboff\u00a0\u00bb module_class=\u00a0\u00bbpa-blog-list\u00a0\u00bb _builder_version=\u00a0\u00bb4.25.1&Prime; _module_preset=\u00a0\u00bbdefault\u00a0\u00bb header_font=\u00a0\u00bbSoulcraft Wide||||||||\u00a0\u00bb header_text_color=\u00a0\u00bb#1C2953&Prime; header_font_size=\u00a0\u00bb20px\u00a0\u00bb header_line_height=\u00a0\u00bb1.4em\u00a0\u00bb body_font=\u00a0\u00bb||||||||\u00a0\u00bb body_text_align=\u00a0\u00bbleft\u00a0\u00bb body_text_color=\u00a0\u00bbgcid-77784515-52da-45c3-b038-e5c2d51b4bf9&Prime; body_line_height=\u00a0\u00bb1.4em\u00a0\u00bb meta_font=\u00a0\u00bb|700|||||||\u00a0\u00bb meta_text_align=\u00a0\u00bbleft\u00a0\u00bb meta_text_color=\u00a0\u00bbgcid-ef4e245a-162a-48e8-976d-1f0669a09958&Prime; meta_font_size=\u00a0\u00bb15px\u00a0\u00bb meta_line_height=\u00a0\u00bb1.4em\u00a0\u00bb read_more_font=\u00a0\u00bbSoulcraft Wide|700|||||||\u00a0\u00bb read_more_text_color=\u00a0\u00bbgcid-77784515-52da-45c3-b038-e5c2d51b4bf9&Prime; read_more_font_size=\u00a0\u00bb16px\u00a0\u00bb read_more_line_height=\u00a0\u00bb1.5em\u00a0\u00bb background_enable_color=\u00a0\u00bboff\u00a0\u00bb custom_margin=\u00a0\u00bb0px||||false|false\u00a0\u00bb custom_padding=\u00a0\u00bb0px||||false|false\u00a0\u00bb header_font_size_tablet=\u00a0\u00bb22px\u00a0\u00bb header_font_size_phone=\u00a0\u00bb20px\u00a0\u00bb header_font_size_last_edited=\u00a0\u00bbon|phone\u00a0\u00bb header_line_height_tablet=\u00a0\u00bb1.3em\u00a0\u00bb header_line_height_phone=\u00a0\u00bb1.3em\u00a0\u00bb header_line_height_last_edited=\u00a0\u00bbon|tablet\u00a0\u00bb body_font_size_tablet=\u00a0\u00bb16px\u00a0\u00bb body_font_size_phone=\u00a0\u00bb16px\u00a0\u00bb body_font_size_last_edited=\u00a0\u00bbon|tablet\u00a0\u00bb read_more_font_size_tablet=\u00a0\u00bb15px\u00a0\u00bb read_more_font_size_phone=\u00a0\u00bb15px\u00a0\u00bb read_more_font_size_last_edited=\u00a0\u00bbon|desktop\u00a0\u00bb custom_css_free_form=\u00a0\u00bb.et_pb_blog_0:not(.et_pb_blog_grid_wrapper) .et_pb_post {||    border-radius: 20px 20px 20px 20px;||    overflow: hidden;||    padding-top: 4%;||    padding-bottom: 4%;||    padding-left: 4%;||    padding-right: 4%;||}||.et_pb_blog_0 .et_pb_post, .et_pb_blog_0 .et_pb_post .post-content * {||    color: #000000!important;||    background: white;||}\u00a0\u00bb custom_css_title=\u00a0\u00bbpadding-left: 2%;||padding-right: 2%;||Padding-top: 0%||\u00a0\u00bb custom_css_content=\u00a0\u00bbpadding-left: 2%;||padding-right: 2%;\u00a0\u00bb custom_css_read_more=\u00a0\u00bbbackground-color: #e76025!important;||border: 2px solid #1c2953!important;||\u00a0\u00bb border_color_all_fullwidth=\u00a0\u00bbgcid-77784515-52da-45c3-b038-e5c2d51b4bf9&Prime; border_radii_image=\u00a0\u00bbon|10px|10px|10px|10px\u00a0\u00bb global_colors_info=\u00a0\u00bb{%22gcid-ef4e245a-162a-48e8-976d-1f0669a09958%22:%91%22meta_text_color%22,%22read_more_text_color__hover%22,%22meta_text_color%22,%22read_more_text_color__hover%22,%22meta_text_color%22,%22read_more_text_color__hover%22,%22meta_text_color%22,%22read_more_text_color__hover%22,%22meta_text_color%22,%22read_more_text_color__hover%22,%22meta_text_color%22,%22read_more_text_color__hover%22,%22meta_text_color%22,%22read_more_text_color%22,%22read_more_text_color__hover%22,%22meta_text_color%22,%22read_more_text_color%22,%22read_more_text_color__hover%22,%22read_more_text_color%22,%22read_more_text_color__hover%22,%22meta_text_color%22%93,%22gcid-77784515-52da-45c3-b038-e5c2d51b4bf9%22:%91%22body_text_color%22,%22border_color_all_fullwidth%22,%22read_more_text_color%22,%22body_text_color%22,%22border_color_all_fullwidth%22,%22read_more_text_color%22,%22body_text_color%22,%22border_color_all_fullwidth%22,%22body_text_color%22,%22border_color_all_fullwidth%22%93}\u00a0\u00bb custom_css_title_last_edited=\u00a0\u00bbon|phone\u00a0\u00bb custom_css_title_phone=\u00a0\u00bbpadding-top: 10%;||padding-left: 2%;||\u00a0\u00bb custom_css_title_tablet=\u00a0\u00bbpadding-left: 2%;||padding-right: 2%;||\u00a0\u00bb read_more_text_color__hover_enabled=\u00a0\u00bbon|hover\u00a0\u00bb read_more_text_color__hover=\u00a0\u00bb#f06449&Prime; custom_css_read_more__hover_enabled=\u00a0\u00bbon|hover\u00a0\u00bb custom_css_read_more__hover=\u00a0\u00bbbackground-color: #1c2953!important;||border: 2px solid #1c2953!important;||\u00a0\u00bb custom_css_post_meta_tablet=\u00a0\u00bbpadding-left: 2%;||\u00a0\u00bb custom_css_post_meta_phone=\u00a0\u00bbpadding-left: 2%!important;||padding-top: 10px!important;\u00a0\u00bb custom_css_post_meta_last_edited=\u00a0\u00bbon|phone\u00a0\u00bb][\/et_pb_blog][\/et_pb_column][\/et_pb_row][\/et_pb_section]<\/p>\n","protected":false},"excerpt":{"rendered":"<p>Apr\u00e8s le succ\u00e8s de la premi\u00e8re \u00e9dition du salon de l&#8217;emballage r\u00e9utilisable, nous vous invitons \u00e0 la prochaine \u00e9dition qui aura lieu le mardi 19 novembre 2024 au Congrescentrum 1931 \u00e0 &lsquo;s-Hertogenbosch. Le salon de l&#8217;emballage r\u00e9utilisable est organis\u00e9 en partie par Mission Reuse, un projet de collaboration entre Natuur &#038; Milieu, Enviu et Fair Resource Foundation.<\/p>\n","protected":false},"author":19,"featured_media":23953016,"comment_status":"closed","ping_status":"closed","sticky":false,"template":"","format":"standard","meta":{"_acf_changed":false,"_et_pb_use_builder":"on","_et_pb_old_content":"","_et_gb_content_width":"","inline_featured_image":false,"_monsterinsights_skip_tracking":false,"_monsterinsights_sitenote_active":false,"_monsterinsights_sitenote_note":"","_monsterinsights_sitenote_category":0,"footnotes":"","_links_to":"","_links_to_target":""},"categories":[3224,3222,3220],"tags":[3170,3522],"dipi_cpt_category":[],"published_year":[],"class_list":["post-23953511","post","type-post","status-publish","format-standard","has-post-thumbnail","hentry","category-mission-reuse","category-reemploi","category-ressources","tag-mission-reuse-fr","tag-reemploi-fr"],"acf":[],"yoast_head":"<!-- This site is optimized with the Yoast SEO plugin v27.5 - https:\/\/yoast.com\/product\/yoast-seo-wordpress\/ -->\n<title>Reusable Packaging Fair 2024 | Fair Resource Foundation<\/title>\n<meta name=\"robots\" content=\"index, follow, max-snippet:-1, max-image-preview:large, max-video-preview:-1\" \/>\n<link rel=\"canonical\" href=\"https:\/\/fairresourcefoundation.org\/fr\/reusable-packaging-fair-2024\/\" \/>\n<meta property=\"og:locale\" content=\"fr_FR\" \/>\n<meta property=\"og:type\" content=\"article\" \/>\n<meta property=\"og:title\" content=\"Reusable Packaging Fair 2024 | Fair Resource Foundation\" \/>\n<meta property=\"og:description\" content=\"Apr\u00e8s le succ\u00e8s de la premi\u00e8re \u00e9dition du salon de l&#039;emballage r\u00e9utilisable, nous vous invitons \u00e0 la prochaine \u00e9dition qui aura lieu le mardi 19 novembre 2024 au Congrescentrum 1931 \u00e0 &#039;s-Hertogenbosch. Le salon de l&#039;emballage r\u00e9utilisable est organis\u00e9 en partie par Mission Reuse, un projet de collaboration entre Natuur &amp; Milieu, Enviu et Fair Resource Foundation.\" \/>\n<meta property=\"og:url\" content=\"https:\/\/fairresourcefoundation.org\/fr\/reusable-packaging-fair-2024\/\" \/>\n<meta property=\"og:site_name\" content=\"Fair Resource Foundation\" \/>\n<meta property=\"article:published_time\" content=\"2024-10-10T06:15:38+00:00\" \/>\n<meta property=\"article:modified_time\" content=\"2025-07-24T06:06:11+00:00\" \/>\n<meta property=\"og:image\" content=\"https:\/\/fairresourcefoundation.org\/wp-content\/uploads\/2024\/10\/RPF-website-banner.png\" \/>\n\t<meta property=\"og:image:width\" content=\"3000\" \/>\n\t<meta property=\"og:image:height\" content=\"2000\" \/>\n\t<meta property=\"og:image:type\" content=\"image\/png\" \/>\n<meta name=\"author\" content=\"Karl Beerenfenger\" \/>\n<meta name=\"twitter:card\" content=\"summary_large_image\" \/>\n<meta name=\"twitter:label1\" content=\"\u00c9crit par\" \/>\n\t<meta name=\"twitter:data1\" content=\"Karl Beerenfenger\" \/>\n\t<meta name=\"twitter:label2\" content=\"Dur\u00e9e de lecture estim\u00e9e\" \/>\n\t<meta name=\"twitter:data2\" content=\"4 minutes\" \/>\n<script type=\"application\/ld+json\" class=\"yoast-schema-graph\">{\"@context\":\"https:\\\/\\\/schema.org\",\"@graph\":[{\"@type\":\"Article\",\"@id\":\"https:\\\/\\\/fairresourcefoundation.org\\\/fr\\\/reusable-packaging-fair-2024\\\/#article\",\"isPartOf\":{\"@id\":\"https:\\\/\\\/fairresourcefoundation.org\\\/fr\\\/reusable-packaging-fair-2024\\\/\"},\"author\":{\"name\":\"Karl Beerenfenger\",\"@id\":\"https:\\\/\\\/fairresourcefoundation.org\\\/fr\\\/#\\\/schema\\\/person\\\/e0a901661aeba4489464db733680d789\"},\"headline\":\"Reusable Packaging Fair 2024\",\"datePublished\":\"2024-10-10T06:15:38+00:00\",\"dateModified\":\"2025-07-24T06:06:11+00:00\",\"mainEntityOfPage\":{\"@id\":\"https:\\\/\\\/fairresourcefoundation.org\\\/fr\\\/reusable-packaging-fair-2024\\\/\"},\"wordCount\":2539,\"publisher\":{\"@id\":\"https:\\\/\\\/fairresourcefoundation.org\\\/fr\\\/#organization\"},\"image\":{\"@id\":\"https:\\\/\\\/fairresourcefoundation.org\\\/fr\\\/reusable-packaging-fair-2024\\\/#primaryimage\"},\"thumbnailUrl\":\"https:\\\/\\\/fairresourcefoundation.org\\\/wp-content\\\/uploads\\\/2024\\\/10\\\/RPF-website-banner.png\",\"keywords\":[\"Mission Reuse\",\"R\u00e9emploi\"],\"articleSection\":[\"Mission Reuse\",\"R\u00e9emploi\",\"Ressources\"],\"inLanguage\":\"fr-FR\"},{\"@type\":\"WebPage\",\"@id\":\"https:\\\/\\\/fairresourcefoundation.org\\\/fr\\\/reusable-packaging-fair-2024\\\/\",\"url\":\"https:\\\/\\\/fairresourcefoundation.org\\\/fr\\\/reusable-packaging-fair-2024\\\/\",\"name\":\"Reusable Packaging Fair 2024 | Fair Resource Foundation\",\"isPartOf\":{\"@id\":\"https:\\\/\\\/fairresourcefoundation.org\\\/fr\\\/#website\"},\"primaryImageOfPage\":{\"@id\":\"https:\\\/\\\/fairresourcefoundation.org\\\/fr\\\/reusable-packaging-fair-2024\\\/#primaryimage\"},\"image\":{\"@id\":\"https:\\\/\\\/fairresourcefoundation.org\\\/fr\\\/reusable-packaging-fair-2024\\\/#primaryimage\"},\"thumbnailUrl\":\"https:\\\/\\\/fairresourcefoundation.org\\\/wp-content\\\/uploads\\\/2024\\\/10\\\/RPF-website-banner.png\",\"datePublished\":\"2024-10-10T06:15:38+00:00\",\"dateModified\":\"2025-07-24T06:06:11+00:00\",\"breadcrumb\":{\"@id\":\"https:\\\/\\\/fairresourcefoundation.org\\\/fr\\\/reusable-packaging-fair-2024\\\/#breadcrumb\"},\"inLanguage\":\"fr-FR\",\"potentialAction\":[{\"@type\":\"ReadAction\",\"target\":[\"https:\\\/\\\/fairresourcefoundation.org\\\/fr\\\/reusable-packaging-fair-2024\\\/\"]}]},{\"@type\":\"ImageObject\",\"inLanguage\":\"fr-FR\",\"@id\":\"https:\\\/\\\/fairresourcefoundation.org\\\/fr\\\/reusable-packaging-fair-2024\\\/#primaryimage\",\"url\":\"https:\\\/\\\/fairresourcefoundation.org\\\/wp-content\\\/uploads\\\/2024\\\/10\\\/RPF-website-banner.png\",\"contentUrl\":\"https:\\\/\\\/fairresourcefoundation.org\\\/wp-content\\\/uploads\\\/2024\\\/10\\\/RPF-website-banner.png\",\"width\":3000,\"height\":2000},{\"@type\":\"BreadcrumbList\",\"@id\":\"https:\\\/\\\/fairresourcefoundation.org\\\/fr\\\/reusable-packaging-fair-2024\\\/#breadcrumb\",\"itemListElement\":[{\"@type\":\"ListItem\",\"position\":1,\"name\":\"Home\",\"item\":\"https:\\\/\\\/fairresourcefoundation.org\\\/fr\\\/\"},{\"@type\":\"ListItem\",\"position\":2,\"name\":\"Reusable Packaging Fair 2024\"}]},{\"@type\":\"WebSite\",\"@id\":\"https:\\\/\\\/fairresourcefoundation.org\\\/fr\\\/#website\",\"url\":\"https:\\\/\\\/fairresourcefoundation.org\\\/fr\\\/\",\"name\":\"Fair Resource Foundation\",\"description\":\"Systems change for people and planet\",\"publisher\":{\"@id\":\"https:\\\/\\\/fairresourcefoundation.org\\\/fr\\\/#organization\"},\"potentialAction\":[{\"@type\":\"SearchAction\",\"target\":{\"@type\":\"EntryPoint\",\"urlTemplate\":\"https:\\\/\\\/fairresourcefoundation.org\\\/fr\\\/?s={search_term_string}\"},\"query-input\":{\"@type\":\"PropertyValueSpecification\",\"valueRequired\":true,\"valueName\":\"search_term_string\"}}],\"inLanguage\":\"fr-FR\"},{\"@type\":\"Organization\",\"@id\":\"https:\\\/\\\/fairresourcefoundation.org\\\/fr\\\/#organization\",\"name\":\"Fair Resource Foundation\",\"url\":\"https:\\\/\\\/fairresourcefoundation.org\\\/fr\\\/\",\"logo\":{\"@type\":\"ImageObject\",\"inLanguage\":\"fr-FR\",\"@id\":\"https:\\\/\\\/fairresourcefoundation.org\\\/fr\\\/#\\\/schema\\\/logo\\\/image\\\/\",\"url\":\"https:\\\/\\\/fairresourcefoundation.org\\\/wp-content\\\/uploads\\\/2023\\\/10\\\/Primair-Logo-Ruimte.svg\",\"contentUrl\":\"https:\\\/\\\/fairresourcefoundation.org\\\/wp-content\\\/uploads\\\/2023\\\/10\\\/Primair-Logo-Ruimte.svg\",\"width\":1280,\"height\":566,\"caption\":\"Fair Resource Foundation\"},\"image\":{\"@id\":\"https:\\\/\\\/fairresourcefoundation.org\\\/fr\\\/#\\\/schema\\\/logo\\\/image\\\/\"}},{\"@type\":\"Person\",\"@id\":\"https:\\\/\\\/fairresourcefoundation.org\\\/fr\\\/#\\\/schema\\\/person\\\/e0a901661aeba4489464db733680d789\",\"name\":\"Karl Beerenfenger\",\"image\":{\"@type\":\"ImageObject\",\"inLanguage\":\"fr-FR\",\"@id\":\"https:\\\/\\\/secure.gravatar.com\\\/avatar\\\/30b795453a098ab0acfe4269d5cdc434f81e10653063842b5872d9161915b207?s=96&d=mm&r=g\",\"url\":\"https:\\\/\\\/secure.gravatar.com\\\/avatar\\\/30b795453a098ab0acfe4269d5cdc434f81e10653063842b5872d9161915b207?s=96&d=mm&r=g\",\"contentUrl\":\"https:\\\/\\\/secure.gravatar.com\\\/avatar\\\/30b795453a098ab0acfe4269d5cdc434f81e10653063842b5872d9161915b207?s=96&d=mm&r=g\",\"caption\":\"Karl Beerenfenger\"},\"url\":\"#molongui-disabled-link\"}]}<\/script>\n<!-- \/ Yoast SEO plugin. -->","yoast_head_json":{"title":"Reusable Packaging Fair 2024 | Fair Resource Foundation","robots":{"index":"index","follow":"follow","max-snippet":"max-snippet:-1","max-image-preview":"max-image-preview:large","max-video-preview":"max-video-preview:-1"},"canonical":"https:\/\/fairresourcefoundation.org\/fr\/reusable-packaging-fair-2024\/","og_locale":"fr_FR","og_type":"article","og_title":"Reusable Packaging Fair 2024 | Fair Resource Foundation","og_description":"Apr\u00e8s le succ\u00e8s de la premi\u00e8re \u00e9dition du salon de l'emballage r\u00e9utilisable, nous vous invitons \u00e0 la prochaine \u00e9dition qui aura lieu le mardi 19 novembre 2024 au Congrescentrum 1931 \u00e0 's-Hertogenbosch. Le salon de l'emballage r\u00e9utilisable est organis\u00e9 en partie par Mission Reuse, un projet de collaboration entre Natuur & Milieu, Enviu et Fair Resource Foundation.","og_url":"https:\/\/fairresourcefoundation.org\/fr\/reusable-packaging-fair-2024\/","og_site_name":"Fair Resource Foundation","article_published_time":"2024-10-10T06:15:38+00:00","article_modified_time":"2025-07-24T06:06:11+00:00","og_image":[{"width":3000,"height":2000,"url":"https:\/\/fairresourcefoundation.org\/wp-content\/uploads\/2024\/10\/RPF-website-banner.png","type":"image\/png"}],"author":"Karl Beerenfenger","twitter_card":"summary_large_image","twitter_misc":{"\u00c9crit par":"Karl Beerenfenger","Dur\u00e9e de lecture estim\u00e9e":"4 minutes"},"schema":{"@context":"https:\/\/schema.org","@graph":[{"@type":"Article","@id":"https:\/\/fairresourcefoundation.org\/fr\/reusable-packaging-fair-2024\/#article","isPartOf":{"@id":"https:\/\/fairresourcefoundation.org\/fr\/reusable-packaging-fair-2024\/"},"author":{"name":"Karl Beerenfenger","@id":"https:\/\/fairresourcefoundation.org\/fr\/#\/schema\/person\/e0a901661aeba4489464db733680d789"},"headline":"Reusable Packaging Fair 2024","datePublished":"2024-10-10T06:15:38+00:00","dateModified":"2025-07-24T06:06:11+00:00","mainEntityOfPage":{"@id":"https:\/\/fairresourcefoundation.org\/fr\/reusable-packaging-fair-2024\/"},"wordCount":2539,"publisher":{"@id":"https:\/\/fairresourcefoundation.org\/fr\/#organization"},"image":{"@id":"https:\/\/fairresourcefoundation.org\/fr\/reusable-packaging-fair-2024\/#primaryimage"},"thumbnailUrl":"https:\/\/fairresourcefoundation.org\/wp-content\/uploads\/2024\/10\/RPF-website-banner.png","keywords":["Mission Reuse","R\u00e9emploi"],"articleSection":["Mission Reuse","R\u00e9emploi","Ressources"],"inLanguage":"fr-FR"},{"@type":"WebPage","@id":"https:\/\/fairresourcefoundation.org\/fr\/reusable-packaging-fair-2024\/","url":"https:\/\/fairresourcefoundation.org\/fr\/reusable-packaging-fair-2024\/","name":"Reusable Packaging Fair 2024 | Fair Resource Foundation","isPartOf":{"@id":"https:\/\/fairresourcefoundation.org\/fr\/#website"},"primaryImageOfPage":{"@id":"https:\/\/fairresourcefoundation.org\/fr\/reusable-packaging-fair-2024\/#primaryimage"},"image":{"@id":"https:\/\/fairresourcefoundation.org\/fr\/reusable-packaging-fair-2024\/#primaryimage"},"thumbnailUrl":"https:\/\/fairresourcefoundation.org\/wp-content\/uploads\/2024\/10\/RPF-website-banner.png","datePublished":"2024-10-10T06:15:38+00:00","dateModified":"2025-07-24T06:06:11+00:00","breadcrumb":{"@id":"https:\/\/fairresourcefoundation.org\/fr\/reusable-packaging-fair-2024\/#breadcrumb"},"inLanguage":"fr-FR","potentialAction":[{"@type":"ReadAction","target":["https:\/\/fairresourcefoundation.org\/fr\/reusable-packaging-fair-2024\/"]}]},{"@type":"ImageObject","inLanguage":"fr-FR","@id":"https:\/\/fairresourcefoundation.org\/fr\/reusable-packaging-fair-2024\/#primaryimage","url":"https:\/\/fairresourcefoundation.org\/wp-content\/uploads\/2024\/10\/RPF-website-banner.png","contentUrl":"https:\/\/fairresourcefoundation.org\/wp-content\/uploads\/2024\/10\/RPF-website-banner.png","width":3000,"height":2000},{"@type":"BreadcrumbList","@id":"https:\/\/fairresourcefoundation.org\/fr\/reusable-packaging-fair-2024\/#breadcrumb","itemListElement":[{"@type":"ListItem","position":1,"name":"Home","item":"https:\/\/fairresourcefoundation.org\/fr\/"},{"@type":"ListItem","position":2,"name":"Reusable Packaging Fair 2024"}]},{"@type":"WebSite","@id":"https:\/\/fairresourcefoundation.org\/fr\/#website","url":"https:\/\/fairresourcefoundation.org\/fr\/","name":"Fair Resource Foundation","description":"Systems change for people and planet","publisher":{"@id":"https:\/\/fairresourcefoundation.org\/fr\/#organization"},"potentialAction":[{"@type":"SearchAction","target":{"@type":"EntryPoint","urlTemplate":"https:\/\/fairresourcefoundation.org\/fr\/?s={search_term_string}"},"query-input":{"@type":"PropertyValueSpecification","valueRequired":true,"valueName":"search_term_string"}}],"inLanguage":"fr-FR"},{"@type":"Organization","@id":"https:\/\/fairresourcefoundation.org\/fr\/#organization","name":"Fair Resource Foundation","url":"https:\/\/fairresourcefoundation.org\/fr\/","logo":{"@type":"ImageObject","inLanguage":"fr-FR","@id":"https:\/\/fairresourcefoundation.org\/fr\/#\/schema\/logo\/image\/","url":"https:\/\/fairresourcefoundation.org\/wp-content\/uploads\/2023\/10\/Primair-Logo-Ruimte.svg","contentUrl":"https:\/\/fairresourcefoundation.org\/wp-content\/uploads\/2023\/10\/Primair-Logo-Ruimte.svg","width":1280,"height":566,"caption":"Fair Resource Foundation"},"image":{"@id":"https:\/\/fairresourcefoundation.org\/fr\/#\/schema\/logo\/image\/"}},{"@type":"Person","@id":"https:\/\/fairresourcefoundation.org\/fr\/#\/schema\/person\/e0a901661aeba4489464db733680d789","name":"Karl Beerenfenger","image":{"@type":"ImageObject","inLanguage":"fr-FR","@id":"https:\/\/secure.gravatar.com\/avatar\/30b795453a098ab0acfe4269d5cdc434f81e10653063842b5872d9161915b207?s=96&d=mm&r=g","url":"https:\/\/secure.gravatar.com\/avatar\/30b795453a098ab0acfe4269d5cdc434f81e10653063842b5872d9161915b207?s=96&d=mm&r=g","contentUrl":"https:\/\/secure.gravatar.com\/avatar\/30b795453a098ab0acfe4269d5cdc434f81e10653063842b5872d9161915b207?s=96&d=mm&r=g","caption":"Karl Beerenfenger"},"url":"#molongui-disabled-link"}]}},"_links":{"self":[{"href":"https:\/\/fairresourcefoundation.org\/fr\/wp-json\/wp\/v2\/posts\/23953511","targetHints":{"allow":["GET"]}}],"collection":[{"href":"https:\/\/fairresourcefoundation.org\/fr\/wp-json\/wp\/v2\/posts"}],"about":[{"href":"https:\/\/fairresourcefoundation.org\/fr\/wp-json\/wp\/v2\/types\/post"}],"author":[{"embeddable":true,"href":"https:\/\/fairresourcefoundation.org\/fr\/wp-json\/wp\/v2\/users\/19"}],"replies":[{"embeddable":true,"href":"https:\/\/fairresourcefoundation.org\/fr\/wp-json\/wp\/v2\/comments?post=23953511"}],"version-history":[{"count":1,"href":"https:\/\/fairresourcefoundation.org\/fr\/wp-json\/wp\/v2\/posts\/23953511\/revisions"}],"predecessor-version":[{"id":23955079,"href":"https:\/\/fairresourcefoundation.org\/fr\/wp-json\/wp\/v2\/posts\/23953511\/revisions\/23955079"}],"wp:featuredmedia":[{"embeddable":true,"href":"https:\/\/fairresourcefoundation.org\/fr\/wp-json\/wp\/v2\/media\/23953016"}],"wp:attachment":[{"href":"https:\/\/fairresourcefoundation.org\/fr\/wp-json\/wp\/v2\/media?parent=23953511"}],"wp:term":[{"taxonomy":"category","embeddable":true,"href":"https:\/\/fairresourcefoundation.org\/fr\/wp-json\/wp\/v2\/categories?post=23953511"},{"taxonomy":"post_tag","embeddable":true,"href":"https:\/\/fairresourcefoundation.org\/fr\/wp-json\/wp\/v2\/tags?post=23953511"},{"taxonomy":"dipi_cpt_category","embeddable":true,"href":"https:\/\/fairresourcefoundation.org\/fr\/wp-json\/wp\/v2\/dipi_cpt_category?post=23953511"},{"taxonomy":"published_year","embeddable":true,"href":"https:\/\/fairresourcefoundation.org\/fr\/wp-json\/wp\/v2\/published_year?post=23953511"}],"curies":[{"name":"wp","href":"https:\/\/api.w.org\/{rel}","templated":true}]}}