{"id":23954523,"date":"2025-03-31T14:14:52","date_gmt":"2025-03-31T14:14:52","guid":{"rendered":"https:\/\/fairresourcefoundation.org\/evaluatie-van-de-hergebruik-maatregelen\/"},"modified":"2025-04-17T06:31:23","modified_gmt":"2025-04-17T06:31:23","slug":"evaluation-remploi-pays-bas","status":"publish","type":"post","link":"https:\/\/fairresourcefoundation.org\/fr\/evaluation-remploi-pays-bas\/","title":{"rendered":"\u00c9valuation des mesures de r\u00e9emploi aux Pays-bas"},"content":{"rendered":"<p>[et_pb_section fb_built=\u00a0\u00bb1&Prime; _builder_version=\u00a0\u00bb4.24.3&Prime; _module_preset=\u00a0\u00bbdefault\u00a0\u00bb z_index=\u00a0\u00bb1&Prime; custom_padding=\u00a0\u00bb0px||0px||false|false\u00a0\u00bb locked=\u00a0\u00bboff\u00a0\u00bb global_colors_info=\u00a0\u00bb{}\u00a0\u00bb][et_pb_row custom_padding_last_edited=\u00a0\u00bbon|phone\u00a0\u00bb _builder_version=\u00a0\u00bb4.24.3&Prime; _dynamic_attributes=\u00a0\u00bbbackground_image\u00a0\u00bb _module_preset=\u00a0\u00bbdefault\u00a0\u00bb background_image=\u00a0\u00bb@ET-DC@eyJkeW5hbWljIjp0cnVlLCJjb250ZW50IjoicG9zdF9mZWF0dXJlZF9pbWFnZSIsInNldHRpbmdzIjp7ImVuYWJsZV9odG1sIjoib2ZmIn19@\u00a0\u00bb z_index=\u00a0\u00bb1&Prime; width=\u00a0\u00bb100%\u00a0\u00bb max_width=\u00a0\u00bb100%\u00a0\u00bb custom_padding=\u00a0\u00bb35vh||35vh||true|false\u00a0\u00bb custom_padding_tablet=\u00a0\u00bb20vh||20vh||true|false\u00a0\u00bb custom_padding_phone=\u00a0\u00bb15vh||15vh||true|false\u00a0\u00bb global_colors_info=\u00a0\u00bb{}\u00a0\u00bb][et_pb_column type=\u00a0\u00bb4_4&Prime; _builder_version=\u00a0\u00bb4.24.2&Prime; _module_preset=\u00a0\u00bbdefault\u00a0\u00bb z_index=\u00a0\u00bb99&Prime; global_colors_info=\u00a0\u00bb{}\u00a0\u00bb][\/et_pb_column][\/et_pb_row][\/et_pb_section][et_pb_section fb_built=\u00a0\u00bb1&Prime; _builder_version=\u00a0\u00bb4.24.0&Prime; _module_preset=\u00a0\u00bbdefault\u00a0\u00bb background_color=\u00a0\u00bbgcid-2b01b125-6b38-4b9f-9cc1-28a45bc9d8b3&Prime; z_index=\u00a0\u00bb999&Prime; width_tablet=\u00a0\u00bb100%\u00a0\u00bb width_phone=\u00a0\u00bb100%\u00a0\u00bb width_last_edited=\u00a0\u00bbon|phone\u00a0\u00bb module_alignment=\u00a0\u00bbcenter\u00a0\u00bb overflow-x=\u00a0\u00bbvisible\u00a0\u00bb overflow-y=\u00a0\u00bbvisible\u00a0\u00bb custom_margin=\u00a0\u00bb-150px||0px||false|false\u00a0\u00bb custom_margin_tablet=\u00a0\u00bb0px||0px||false|false\u00a0\u00bb custom_margin_phone=\u00a0\u00bb-50px||||false|false\u00a0\u00bb custom_margin_last_edited=\u00a0\u00bbon|phone\u00a0\u00bb global_colors_info=\u00a0\u00bb{%22gcid-2b01b125-6b38-4b9f-9cc1-28a45bc9d8b3%22:%91%22background_color%22%93}\u00a0\u00bb][et_pb_row custom_padding_last_edited=\u00a0\u00bbon|phone\u00a0\u00bb _builder_version=\u00a0\u00bb4.24.0&Prime; _module_preset=\u00a0\u00bbdefault\u00a0\u00bb background_color=\u00a0\u00bb#FFFFFF\u00a0\u00bb z_index=\u00a0\u00bb99&Prime; width_tablet=\u00a0\u00bb90%\u00a0\u00bb width_phone=\u00a0\u00bb90%\u00a0\u00bb width_last_edited=\u00a0\u00bbon|phone\u00a0\u00bb max_width=\u00a0\u00bb80%\u00a0\u00bb max_width_tablet=\u00a0\u00bb90%\u00a0\u00bb max_width_phone=\u00a0\u00bb90%\u00a0\u00bb max_width_last_edited=\u00a0\u00bbon|tablet\u00a0\u00bb overflow-x=\u00a0\u00bbvisible\u00a0\u00bb overflow-y=\u00a0\u00bbvisible\u00a0\u00bb custom_margin=\u00a0\u00bb-150px||||false|false\u00a0\u00bb custom_margin_tablet=\u00a0\u00bb-150px||||false|false\u00a0\u00bb custom_margin_phone=\u00a0\u00bb-100px||||false|false\u00a0\u00bb custom_margin_last_edited=\u00a0\u00bbon|tablet\u00a0\u00bb custom_padding=\u00a0\u00bb4%|5%|0%|5%|false|true\u00a0\u00bb custom_padding_tablet=\u00a0\u00bb7%||||false|true\u00a0\u00bb custom_padding_phone=\u00a0\u00bb10%||||false|true\u00a0\u00bb border_radii=\u00a0\u00bboff|30px|30px||\u00a0\u00bb global_colors_info=\u00a0\u00bb{}\u00a0\u00bb][et_pb_column type=\u00a0\u00bb4_4&Prime; _builder_version=\u00a0\u00bb4.22.0&Prime; _module_preset=\u00a0\u00bbdefault\u00a0\u00bb z_index=\u00a0\u00bb99&Prime; global_colors_info=\u00a0\u00bb{}\u00a0\u00bb][et_pb_text _builder_version=\u00a0\u00bb4.27.4&Prime; _dynamic_attributes=\u00a0\u00bbcontent\u00a0\u00bb _module_preset=\u00a0\u00bbdefault\u00a0\u00bb text_font=\u00a0\u00bbSoulcraft Wide||||||||\u00a0\u00bb text_font_size=\u00a0\u00bb2.5vw\u00a0\u00bb text_line_height=\u00a0\u00bb1.2em\u00a0\u00bb header_font=\u00a0\u00bbSoulcraft Wide||||||||\u00a0\u00bb header_font_size=\u00a0\u00bb3.5vw\u00a0\u00bb header_2_text_align=\u00a0\u00bbleft\u00a0\u00bb header_2_font_size=\u00a0\u00bb3.5vw\u00a0\u00bb header_2_line_height=\u00a0\u00bb1.2em\u00a0\u00bb custom_margin=\u00a0\u00bb||15px||false|false\u00a0\u00bb text_font_size_tablet=\u00a0\u00bb5vw\u00a0\u00bb text_font_size_phone=\u00a0\u00bb6vw\u00a0\u00bb text_font_size_last_edited=\u00a0\u00bbon|phone\u00a0\u00bb global_colors_info=\u00a0\u00bb{%22gcid-77784515-52da-45c3-b038-e5c2d51b4bf9%22:%91%22header_2_text_color%22,%22header_2_text_color%22,%22header_text_color%22%93}\u00a0\u00bb]@ET-DC@eyJkeW5hbWljIjp0cnVlLCJjb250ZW50IjoicG9zdF90aXRsZSIsInNldHRpbmdzIjp7ImJlZm9yZSI6IiIsImFmdGVyIjoiIiwiZW5hYmxlX2h0bWwiOiJvZmYifX0=@[\/et_pb_text][et_pb_post_title title=\u00a0\u00bboff\u00a0\u00bb date_format=\u00a0\u00bbj F Y\u00a0\u00bb categories=\u00a0\u00bboff\u00a0\u00bb comments=\u00a0\u00bboff\u00a0\u00bb featured_image=\u00a0\u00bboff\u00a0\u00bb admin_label=\u00a0\u00bbAuthor and date\u00a0\u00bb _builder_version=\u00a0\u00bb4.27.4&Prime; _module_preset=\u00a0\u00bbdefault\u00a0\u00bb title_font=\u00a0\u00bb||||||||\u00a0\u00bb meta_font=\u00a0\u00bb|600|||||||\u00a0\u00bb meta_text_align=\u00a0\u00bbleft\u00a0\u00bb meta_text_color=\u00a0\u00bbgcid-77784515-52da-45c3-b038-e5c2d51b4bf9&Prime; custom_margin=\u00a0\u00bb||-1px||false|false\u00a0\u00bb custom_css_free_form=\u00a0\u00bb.selector .et_pb_title_meta_container a:hover {||  color: red;||}\u00a0\u00bb locked=\u00a0\u00bboff\u00a0\u00bb global_colors_info=\u00a0\u00bb{%22gcid-77784515-52da-45c3-b038-e5c2d51b4bf9%22:%91%22meta_text_color%22%93}\u00a0\u00bb][\/et_pb_post_title][et_pb_post_title title=\u00a0\u00bboff\u00a0\u00bb author=\u00a0\u00bboff\u00a0\u00bb date=\u00a0\u00bboff\u00a0\u00bb comments=\u00a0\u00bboff\u00a0\u00bb featured_image=\u00a0\u00bboff\u00a0\u00bb _builder_version=\u00a0\u00bb4.27.4&Prime; _module_preset=\u00a0\u00bbdefault\u00a0\u00bb meta_font=\u00a0\u00bb|600||on||||#F06449|\u00a0\u00bb meta_text_align=\u00a0\u00bbleft\u00a0\u00bb meta_text_color=\u00a0\u00bb#F06449&Prime; custom_margin=\u00a0\u00bb10px||20px||false|false\u00a0\u00bb custom_padding=\u00a0\u00bb|||0%|false|false\u00a0\u00bb locked=\u00a0\u00bboff\u00a0\u00bb global_colors_info=\u00a0\u00bb{%22gcid-ef4e245a-162a-48e8-976d-1f0669a09958%22:%91%22meta_text_color__hover%22%93}\u00a0\u00bb meta_text_color__hover_enabled=\u00a0\u00bbon|hover\u00a0\u00bb meta_text_color__hover=\u00a0\u00bb#f06449&Prime;][\/et_pb_post_title][et_pb_text _builder_version=\u00a0\u00bb4.27.4&Prime; _module_preset=\u00a0\u00bbdefault\u00a0\u00bb header_font_size=\u00a0\u00bb3vw\u00a0\u00bb header_2_font=\u00a0\u00bbSoulcraft Wide|||on|||||\u00a0\u00bb header_2_font_size=\u00a0\u00bb2.2vw\u00a0\u00bb header_2_line_height=\u00a0\u00bb1.5em\u00a0\u00bb header_3_font=\u00a0\u00bbSoulcraft Wide||||||||\u00a0\u00bb header_3_text_color=\u00a0\u00bbgcid-ef4e245a-162a-48e8-976d-1f0669a09958&Prime; header_3_font_size=\u00a0\u00bb1.6vw\u00a0\u00bb header_3_line_height=\u00a0\u00bb1.3em\u00a0\u00bb header_4_font=\u00a0\u00bbSoulcraft Wide||||||||\u00a0\u00bb header_4_font_size=\u00a0\u00bb1.4vw\u00a0\u00bb custom_margin=\u00a0\u00bb0px||||false|false\u00a0\u00bb custom_margin_tablet=\u00a0\u00bb||||false|false\u00a0\u00bb custom_margin_phone=\u00a0\u00bb-20px||||false|false\u00a0\u00bb custom_margin_last_edited=\u00a0\u00bbon|phone\u00a0\u00bb custom_padding=\u00a0\u00bb10px||||false|false\u00a0\u00bb hover_enabled=\u00a0\u00bb0&Prime; header_2_font_size_tablet=\u00a0\u00bb5vw\u00a0\u00bb header_3_font_size_tablet=\u00a0\u00bb4vw\u00a0\u00bb header_3_font_size_phone=\u00a0\u00bb5vw\u00a0\u00bb header_3_font_size_last_edited=\u00a0\u00bbon|phone\u00a0\u00bb global_colors_info=\u00a0\u00bb{%22gcid-77784515-52da-45c3-b038-e5c2d51b4bf9%22:%91%22header_2_text_color%22,%22text_text_color%22,%22header_2_text_color%22,%22text_text_color%22%93,%22gcid-ef4e245a-162a-48e8-976d-1f0669a09958%22:%91%22header_3_text_color%22%93}\u00a0\u00bb sticky_enabled=\u00a0\u00bb0&Prime;]<\/p>\n<p><b><span>L\u2019Europe s\u2019efforce de mettre en place une \u00e9conomie circulaire dans laquelle le r\u00e9emploi est la norme et la soci\u00e9t\u00e9 du jetable est r\u00e9duite. La <\/span><\/b><a href=\"https:\/\/eur-lex.europa.eu\/legal-content\/FR\/TXT\/HTML\/?uri=LEGISSUM:4393034\" target=\"_blank\" rel=\"noopener\"><b><span>directive sur les plastiques \u00e0 usage unique (SUPD)<\/span><\/b><\/a><b><span> \u00a0et le\u00a0<\/span><\/b><a href=\"https:\/\/eur-lex.europa.eu\/legal-content\/FR\/TXT\/?uri=OJ:L_202500040\" target=\"_blank\" rel=\"noopener\"><b><span>r\u00e8glement sur les emballages et les d\u00e9chets d\u2019emballages (PPWR)<\/span><\/b><\/a><b><span> contiennent plusieurs mesures visant \u00e0 interdire ou \u00e0 r\u00e9duire les emballages \u00e0 usage unique. Le r\u00e8glement minist\u00e9riel n\u00e9erlandais <\/span><\/b><a href=\"https:\/\/www.rijksoverheid.nl\/documenten\/regelingen\/2022\/03\/29\/bijlage-2a-ministeriele-regeling-kunststofproducten-voor-eenmalig-gebruik\" target=\"_blank\" rel=\"noopener\"><b><span>sur les produits en plastique \u00e0 usage unique<\/span><\/b><\/a><b><span> de 2022 (r\u00e9sultat de la directive sur les plastiques \u00e0 usage unique) vise \u00e0 r\u00e9duire l&rsquo;utilisation de gobelets et de r\u00e9cipients jetables de 40 % en 2026 par rapport \u00e0 2022. Le r\u00e8glement a r\u00e9cemment \u00e9t\u00e9 \u00e9valu\u00e9 et une proposition a \u00e9t\u00e9 <\/span><\/b><a href=\"https:\/\/www.rijksoverheid.nl\/actueel\/nieuws\/2024\/12\/13\/regels-wegwerpbekers-en-bakjes-geevalueerd-kleine-aanpassing\" target=\"_blank\" rel=\"noopener\"><b><span>soumise<\/span><\/b><\/a><b><span>\u00a0par le secr\u00e9taire d&rsquo;\u00c9tat Chris Jansen (PVV) du minist\u00e8re des Infrastructures et de la Gestion de l&rsquo;eau pour modifier la l\u00e9gislation. Cette proposition a suscit\u00e9 \u00e0 la fois soutien et opposition. Nous nous demandons entre autres : le suppl\u00e9ment SUP ne peut-il pas \u00eatre r\u00e9gl\u00e9 via l&rsquo;UPV Packaging ?<\/span><\/b><\/p>\n<h2><strong><span>Une l\u00e9gislation claire est essentielle pour une transition r\u00e9ussie vers le r\u00e9emploi<\/span><\/strong><\/h2>\n<p><span>La transition vers le r\u00e9emploi, dans laquelle des millions de dollars ont \u00e9t\u00e9 investis par des entreprises innovantes qui s&rsquo;efforcent de cr\u00e9er un avenir avec moins de d\u00e9chets et de d\u00e9tritus, a \u00e9t\u00e9 retard\u00e9e en 2023. Une\u00a0 <\/span><a href=\"https:\/\/www.tweedekamer.nl\/kamerstukken\/moties\/detail?id=2023Z18583&amp;did=2023D44752\" target=\"_blank\" rel=\"noopener\"><span>motion adopt\u00e9e par le VVD<\/span><\/a><span>\u00a0\u00a0a conduit \u00e0 un arr\u00eat temporaire de l&rsquo;application par le service d&rsquo;inspection de l&rsquo;ILT de l&rsquo;utilisation d&#8217;emballages jetables contenant du plastique interdit par la loi. Cela a cr\u00e9\u00e9 de l\u2019incertitude sur le march\u00e9, ce qui a entra\u00een\u00e9 une baisse des investissements dans les alternatives r\u00e9utilisables. Une transition r\u00e9ussie n\u00e9cessite une l\u00e9gislation claire et son application, afin que les entreprises osent investir et que des conditions de concurrence \u00e9quitables soient cr\u00e9\u00e9es dans lesquelles les emballages r\u00e9utilisables deviennent comp\u00e9titifs par rapport aux emballages jetables.<\/span><\/p>\n<p><strong><span>Proposition du gouvernement visant \u00e0 modifier la l\u00e9gislation actuelle<\/span><\/strong><\/p>\n<p><span>L\u2019\u00e9valuation du\u00a0\u00a0<\/span><a href=\"https:\/\/www.rijksoverheid.nl\/documenten\/regelingen\/2022\/03\/29\/bijlage-2a-ministeriele-regeling-kunststofproducten-voor-eenmalig-gebruik\" target=\"_blank\" rel=\"noopener\"><span>r\u00e8glement minist\u00e9riel sur les produits en plastique \u00e0 usage unique<\/span><\/a><span>\u00a0\u00a0en d\u00e9cembre 2024 a donn\u00e9 lieu aux propositions d\u2019ajustement suivantes :<\/span><\/p>\n<ul>\n<li aria-level=\"1\"><span>Le r\u00e9emploi deviendra obligatoire dans les environnements ferm\u00e9s, tels que les bureaux, les restaurants, etc. Ce n&rsquo;est que lors d&rsquo;\u00e9v\u00e9nements ferm\u00e9s que la r\u00e8gle d&rsquo;exception permettant d&rsquo;utiliser des emballages jetables sous certaines conditions pourra \u00eatre utilis\u00e9e.\u00a0 <\/span><i><span>(situation actuelle : l&rsquo;exception pour les emballages jetables sous certaines conditions s&rsquo;applique \u00e0 tous les environnements ferm\u00e9s)<\/span><\/i><\/li>\n<li aria-level=\"1\"><span>Les mesures de r\u00e9emploi pour les livraisons et les supermarch\u00e9s vont dispara\u00eetre.\u00a0 <\/span><i><span>(situation actuelle : proposer une alternative r\u00e9utilisable pour la livraison est obligatoire, et les supermarch\u00e9s doivent facturer un suppl\u00e9ment SUP sur certains emballages jetables contenant du plastique)<\/span><\/i><\/li>\n<li aria-level=\"1\"><span>Une surtaxe SUP (Single-Use Plastic) fixe et obligatoire de 0,25 \u20ac sur tous les emballages jetables contenant du plastique destin\u00e9s \u00e0 la consommation nomade\u00a0<\/span><i><span>(situation actuelle : surtaxe SUP obligatoire, mais le montant peut \u00eatre d\u00e9termin\u00e9 par le vendeur final)<\/span><\/i><\/li>\n<\/ul>\n<p><strong><span>La politique SUP doit agir : fini les exceptions inutiles<\/span><\/strong><\/p>\n<p><span>Le durcissement de la r\u00e9glementation et l\u2019augmentation de la surtaxe SUP sont des pas dans la bonne direction. M\u00eame si une exception \u00e0 l\u2019obligation de r\u00e9emploi pour les \u00e9v\u00e9nements ferm\u00e9s n\u2019est pas n\u00e9cessaire. Un contexte ferm\u00e9 se pr\u00eate parfaitement \u00e0 la mise en place d\u2019un syst\u00e8me de r\u00e9emploi. En particulier lors d\u2019\u00e9v\u00e9nements, l\u2019exp\u00e9rience du visiteur peut \u00eatre enti\u00e8rement adapt\u00e9e \u00e0 cela. C&rsquo;est pourquoi le R\u00e8glement europ\u00e9en sur les emballages (RPEE) pr\u00e9voit une <\/span><a href=\"https:\/\/fairresourcefoundation.org\/en\/packaging-and-packaging-waste-regulation-ppwr-overview\/\" target=\"_blank\" rel=\"noopener\"><span>obligation<\/span><\/a><span> de consommation sur place \u00e0 partir de 2030, sans exception pour les emballages jetables, y compris ceux en rPET. La livraison peut \u00e9galement jouer un r\u00f4le dans la transition vers le r\u00e9emploi, comme le prouvent nos voisins du sud avec le\u00a0 projet <\/span><a href=\"https:\/\/boemerang.eco\/\"><span>Boemerang<\/span><\/a><span> \u00e0 Malines. Pour les supermarch\u00e9s, les alternatives r\u00e9utilisables \u00e0 certains emballages jetables contenant du plastique sont certes limit\u00e9es, mais supprimer compl\u00e8tement l\u2019incitation \u00e0 changer ne r\u00e9duit pas les d\u00e9chets (d\u00e9chets sauvages) g\u00e9n\u00e9r\u00e9s par le secteur. Et ce sont pr\u00e9cis\u00e9ment les emballages de supermarch\u00e9s pour les plats \u00e0 emporter que l\u2019on retrouve souvent dans les d\u00e9chets.<\/span><\/p>\n<p><strong><span>Remplacer le jetable par du jetable ne r\u00e9sout pas le probl\u00e8me des d\u00e9chets (d\u00e9chets)<\/span><\/strong><\/p>\n<p><i><span>La substitution mat\u00e9rielle perp\u00e9tue le jetable<\/span><\/i><\/p>\n<p><span>Le secr\u00e9taire d&rsquo;\u00c9tat Jansen propose une surtaxe SUP fixe \u2013 une taxe suppl\u00e9mentaire \u2013 de 0,25 \u20ac sur les emballages jetables contenant du plastique destin\u00e9s \u00e0 la consommation\u00a0\u00a0<\/span><i><span>\u00e0 emporter<\/span><\/i><span> \u00a0, qui ne n\u00e9cessite pas d&rsquo;investissement obligatoire dans le r\u00e9emploi. Cela fait des emballages en plastique \u00e0 usage unique un mod\u00e8le de revenus : une incitation financi\u00e8re perverse. Le consommateur paie, et son argent ne contribue pas \u00e0 une alternative r\u00e9utilisable. Alors que l\u2019objectif de la mesure est de faire du r\u00e9emploi \u00ab la norme \u00bb. L&rsquo;ancienne secr\u00e9taire d&rsquo;\u00c9tat Heijnen a indiqu\u00e9 qu&rsquo;elle \u00e9tait convaincue que les entrepreneurs investiraient l&rsquo;allocation dans des alternatives r\u00e9utilisables. Cela n\u2019arrive pas dans la pratique.<\/span><\/p>\n<p><span>C&rsquo;est pourquoi le Plastic Soup Surfer Merijn Tinga &#8211; avec qui nous avons d\u00e9j\u00e0 attir\u00e9 l&rsquo;attention sur les gobelets \u00e0 caf\u00e9 jetables et les alternatives r\u00e9utilisables via la <\/span><a href=\"https:\/\/missionreuse.com\/nieuws\/plastic-soup-surfer-surft-385-kilometer-van-brussel-naar-amsterdam-op-surfboard-van-wegwerpbekers\/\"><span>Mission Reuse Expedition<\/span><\/a><span> &#8211; et le Zwerfinator Dirk Groot plaident pour la suppression de la surtaxe SUP. Ils s&rsquo;attendent \u00e0 ce que la surtaxe SUP ait un effet minimal sur le r\u00e9emploi et voient des mesures plus efficaces. Ils r\u00e9clament entre autres des mesures alternatives pour r\u00e9duire les emballages plastiques jetables : une interdiction des emballages plastiques jetables pour lesquels des alternatives sans plastique sont d\u00e9j\u00e0 sur le march\u00e9. Ils utilisent pour cela leur \u00ab matrice d&rsquo;\u00e9limination \u00bb, qui a cartographi\u00e9 le risque de d\u00e9chets des emballages \u00e0 emporter apr\u00e8s des recherches dans des milliers de poubelles publiques. Tinga et Groot veulent que la <\/span><a href=\"https:\/\/sleutelstad.nl\/2023\/04\/17\/plastic-soup-surfer-naar-tweede-kamer-voor-strijd-tegen-verpakkingsmateriaal\/\" target=\"_blank\" rel=\"noopener\"><span>responsabilit\u00e9<\/span><\/a><span> incombe aux fournisseurs des produits. Plusieurs politiciens et entreprises utilisent d\u00e9sormais leur appel pour plaider uniquement en faveur de l\u2019abolition des mesures concernant les emballages en plastique jetables et pour promouvoir des alternatives jetables fabriqu\u00e9es \u00e0 partir d\u2019autres mat\u00e9riaux tels que le papier\/carton. Cependant, cela ignore l\u2019objectif du gouvernement n\u00e9erlandais : les emballages r\u00e9utilisables comme nouvelle norme. Les militants de la lutte contre les d\u00e9chets partagent cet objectif, que nous n\u2019atteindrons pas avec la soi-disant substitution de mat\u00e9riaux : maintenir la soci\u00e9t\u00e9 du jetable dans laquelle, au lieu du plastique, nous voyons de plus en plus d\u2019emballages en papier jetables.<\/span><\/p>\n<p><span>Le PPWR fixe des objectifs de pr\u00e9vention : nous devons g\u00e9n\u00e9rer de moins en moins de d\u00e9chets par personne dans les ann\u00e9es \u00e0 venir. Le r\u00e9emploi est l\u2019une des strat\u00e9gies les plus efficaces pour parvenir \u00e0 cette r\u00e9duction. Par cons\u00e9quent, les \u00c9tats membres peuvent aller plus loin que les mesures propos\u00e9es en termes d\u2019objectifs de r\u00e9emploi et de niveau du pourcentage REP obligatoire pour le r\u00e9emploi. Les interdictions de produits pour les emballages en plastique par \u00c9tat membre ne sont pas autoris\u00e9es, m\u00eame dans le cadre du SUPD \u00e0 partir du 1er janvier 2025. Elles sont autoris\u00e9es pour d&rsquo;autres mat\u00e9riaux, comme le papier. C\u2019est pourquoi il n\u2019est pas utile de se concentrer aveugl\u00e9ment sur l\u2019interdiction des emballages en plastique jetables et sur le passage aux emballages en papier jetables, mais plut\u00f4t de mettre en place des syst\u00e8mes de r\u00e9emploi locaux, nationaux et internationaux.<\/span><\/p>\n<h2><strong><span>Rendre la surtaxe SUP efficace : la collecter aupr\u00e8s des producteurs<\/span><\/strong><\/h2>\n<p><span>L&rsquo;appel de Tinga, Groot et de divers partis politiques de tous bords lors du dernier <\/span><a href=\"https:\/\/www.tweedekamer.nl\/debat_en_vergadering\/commissievergaderingen\/details?id=2024A06525\" target=\"_blank\" rel=\"noopener\"><span>d\u00e9bat en commission sur l&rsquo;\u00e9conomie circulaire<\/span><\/a><span>, l&rsquo;attention croissante port\u00e9e \u00e0 l&rsquo;\u00e9largissement de l&rsquo;\u00a0<\/span><a href=\"https:\/\/fairresourcefoundation.org\/projecten\/producentenverantwoordelijkheid\/\" target=\"_blank\" rel=\"noopener\"><span>instrument REP (Responsabilit\u00e9 \u00e9largie des producteurs) et l&rsquo; <\/span><\/a><a href=\"https:\/\/www.pbl.nl\/actueel\/nieuws\/concreet-beleid-nodig-om-kansen-circulaire-economie-te-benutten\" target=\"_blank\" rel=\"noopener\"><span>appel<\/span><\/a><span> \u00a0r\u00e9cent de l&rsquo;Agence n\u00e9erlandaise d&rsquo;\u00e9valuation environnementale dans son rapport biennal sur l&rsquo;\u00e9tat des lieux de l&rsquo;\u00e9conomie circulaire aux Pays-Bas (ICER) : de plus en plus de personnes et d&rsquo;organisations r\u00e9clament moins de charge pour les consommateurs et plus de responsabilit\u00e9 pour les producteurs et les fournisseurs. Mais sans augmenter consid\u00e9rablement la pression r\u00e9glementaire sur les entrepreneurs. Une fa\u00e7on de r\u00e9pondre \u00e0 ces appels est d\u2019inclure une surtaxe SUP dans l\u2019emballage UPV (et donc de la collecter aupr\u00e8s des producteurs et des importateurs), et d\u2019investir ces revenus dans le r\u00e9emploi, comme cela se fait d\u00e9j\u00e0 en France, en Belgique et au Portugal. L&rsquo;organisation de producteurs fran\u00e7aise CITEO\u00a0 <\/span><a href=\"https:\/\/packagingeurope.com\/news\/citeo-envisions-reusable-food-packaging-systems-for-french-retailers-in-2025\/11979.article\" target=\"_blank\" rel=\"noopener\"><span>ouvre<\/span><\/a><span> \u00a0la voie vers les emballages r\u00e9utilisables dans son pays, gr\u00e2ce \u00e0\u00a0<\/span><a href=\"https:\/\/ec.europa.eu\/info\/law\/better-regulation\/have-your-say\/initiatives\/13511-Waste-management-early-warning-report\/F3332120_en\" target=\"_blank\" rel=\"noopener\"><span>une l\u00e9gislation <\/span><\/a><span>d&rsquo;orientation . En mettant en place une prime pour les emballages jetables de cette mani\u00e8re, vous assurez les investissements n\u00e9cessaires pour atteindre l\u2019\u00e9chelle. De plus, vous r\u00e9pondez \u00e9galement \u00e0 l&rsquo;exigence du PPWR selon laquelle les organisations de producteurs doivent investir dans des syst\u00e8mes de r\u00e9emploi d&rsquo;ici 2027. Verpact est l&rsquo;organisation n\u00e9erlandaise de producteurs d&#8217;emballages. Les acteurs du march\u00e9 voient venir depuis des ann\u00e9es la transition vers les emballages r\u00e9utilisables et demandent de plus en plus \u00e0 Verpact de prendre le contr\u00f4le de la normalisation, des syst\u00e8mes universels et du financement. Le deuxi\u00e8me\u00a0 <\/span><a href=\"https:\/\/missionreuse.com\/nieuws\/tweede-reusable-packaging-fair-groot-succes\/\"><span>salon des emballages r\u00e9utilisables<\/span><\/a><span>, avec pr\u00e8s de 500 visiteurs et 60 intervenants, a une fois de plus montr\u00e9 tout ce qui est d\u00e9j\u00e0 possible dans le domaine du r\u00e9emploi. Verpact pourrait-il jouer un r\u00f4le ici, \u00e0 l\u2019instar de ses coll\u00e8gues dans d\u2019autres pays europ\u00e9ens ? Les producteurs et les importateurs peuvent-ils verser 0,25 \u20ac \u00e0 la fondation, comme ils sont d\u00e9j\u00e0 l\u00e9galement tenus de verser une contribution pour, entre autres, organiser la collecte des canettes et des bouteilles ? Et cette contribution peut-elle \u00eatre rendue obligatoire en investissant dans des syst\u00e8mes de r\u00e9emploi ? Bien s\u00fbr, les co\u00fbts sont r\u00e9percut\u00e9s sur le consommateur, mais on lui propose de plus en plus d\u2019alternatives r\u00e9utilisables, qui deviennent \u00e9galement moins ch\u00e8res en raison des \u00e9conomies d\u2019\u00e9chelle croissantes. Cette proposition r\u00e9pond \u00e0 l\u2019appel du VVD et de JA21, qui ont soumis avec succ\u00e8s une <\/span><a class=\"c-link\" href=\"https:\/\/www.tweedekamer.nl\/kamerstukken\/detail?id=2025D09252&amp;did=2025D09252\" target=\"_blank\" rel=\"noopener noreferrer\" data-stringify-link=\"https:\/\/www.tweedekamer.nl\/kamerstukken\/detail?id=2025D09252&amp;did=2025D09252\" data-sk=\"tooltip_parent\"><span>motion<\/span><\/a><span> visant \u00e0 abolir la surtaxe SUP \u00ab\u00a0<\/span><i data-stringify-type=\"italic\"><span>consid\u00e9rant que les producteurs ont la responsabilit\u00e9 de r\u00e9duire les plastiques dans les d\u00e9chets \u00bb.<\/span><\/i><\/p>\n<h2><strong><span>T\u00fcbingen le prouve : une taxe sur les produits jetables fonctionne<\/span><\/strong><\/h2>\n<p><span>La municipalit\u00e9 allemande de T\u00fcbingen a d\u00e9cid\u00e9 de lutter contre les d\u00e9chets et les d\u00e9tritus dans sa ville en\u00a0\u00a0\u00a0pr\u00e9levant une\u00a0<\/span><a href=\"https:\/\/afvalonline.nl\/nieuws\/39525\/mission-reuse-ziet-duitse-tubingen-als-voorbeeld\" target=\"_blank\" rel=\"noopener\"><span>taxe<\/span><\/a><span>\u00a0locale sur certains emballages jetables. Le McDonald&rsquo;s local a poursuivi la municipalit\u00e9 en justice, mais a perdu apr\u00e8s une bataille jusqu&rsquo;au plus haut conseil. Des centaines de communes en Allemagne, mais aussi dans d&rsquo;autres pays comme la Belgique, se pr\u00e9parent \u00e0 suivre l&rsquo;exemple de T\u00fcbingen.\u00a0\u00a0<\/span><em><span>McDonald&rsquo;s a d\u00e9j\u00e0 r\u00e9ussi \u00e0 affaiblir le r\u00e8glement europ\u00e9en sur les emballages (PPWR) en exer\u00e7ant des <\/span><a href=\"https:\/\/euobserver.com\/investigations\/ar8e744482\" target=\"_blank\" rel=\"noopener\"><span>pressions sans pr\u00e9c\u00e9dent<\/span><\/a><span> en faveur des emballages jetables.<\/span><\/em><\/p>\n<h2><b><span>Confusion entre emballages jetables et emballages r\u00e9utilisables<\/span><\/b><\/h2>\n<p><span>La transition vers des emballages r\u00e9utilisables est n\u00e9cessaire pour atteindre les objectifs en mati\u00e8re de d\u00e9chets et de d\u00e9chets, mais pour l\u2019instant, elle peut \u00e9galement \u00eatre qualifi\u00e9e d\u2019erratique. Cela est d\u00fb \u00e0 la fois \u00e0 des difficult\u00e9s pratiques dans la phase initiale et \u00e0 la d\u00e9sinformation, ce qui signifie que le maintien des emballages jetables est souvent consid\u00e9r\u00e9 \u00e0 tort comme une option plus durable. Quelques arguments fr\u00e9quemment entendus contre le r\u00e9emploi et les explications :<\/span><\/p>\n<ul>\n<li aria-level=\"1\"><b><span>Utilisation de l&rsquo;eau<\/span><\/b><span>\u00a0: La production et le recyclage des emballages en plastique jetables (ou d&rsquo;un m\u00e9lange de papier\/carton et de plastique) n\u00e9cessitent de l&rsquo;eau, tout comme la production et le lavage des gobelets r\u00e9utilisables. Alors que les installations de lavage r\u00e9utilisables deviennent de plus en plus efficaces \u00e0 mesure que l\u2019\u00e9chelle augmente. De plus, les tasses r\u00e9utilisables sont parfois lav\u00e9es avant la premi\u00e8re utilisation. Mais pourquoi les gobelets jetables contenant du plastique ne deviennent-ils pas des gobelets jetables ?<\/span><\/li>\n<li aria-level=\"1\"><b><span>Transport<\/span><\/b><span>\u00a0: un gobelet jetable n\u00e9cessite des mati\u00e8res premi\u00e8res (plastique, parfois en association avec du papier\/carton), la production et la distribution doivent avoir lieu, et le traitement (recyclage ou incin\u00e9ration) n\u00e9cessite divers mouvements de transport. Les emballages r\u00e9utilisables n\u00e9cessitent des d\u00e9placements de transport vers l&rsquo;installation de lavage et vers le nouvel utilisateur apr\u00e8s utilisation. Parfois, les tasses sont m\u00eame lav\u00e9es sur place. En bref : les mouvements de transport peuvent au moins \u00eatre compens\u00e9s les uns par rapport aux autres.<\/span><\/li>\n<li aria-level=\"1\"><b><span>Production<\/span><\/b><span>\u00a0: les emballages jetables arrivent aux Pays-Bas du monde entier, et cela vaut \u00e9galement pour les emballages r\u00e9utilisables. Ces derniers sont \u00e9galement en partie produits aux Pays-Bas et dans les pays voisins. L\u2019argument selon lequel les emballages r\u00e9utilisables \u00e9quivaudraient \u00e0 du \u00ab plastique d\u2019Asie \u00bb est donc sans fondement.<\/span><\/li>\n<li aria-level=\"1\"><b><span>Peu de rotations<\/span><\/b><span> : pour \u00eatre durable et rentable, un emballage r\u00e9utilisable doit faire le plus de \u00ab rotations \u00bb possible (\u00eatre r\u00e9utilis\u00e9 le plus souvent possible). Dans la phase actuelle de transition, nous voyons \u00e9galement arriver sur le march\u00e9 des emballages de moindre qualit\u00e9, qui ne sont en pratique r\u00e9utilis\u00e9s que quelques fois. Comme pour tout changement, il s\u2019agit de probl\u00e8mes de d\u00e9marrage. Au fur et \u00e0 mesure que la transition progresse, ce probl\u00e8me se r\u00e9soudra de lui-m\u00eame car de nouveaux achats devront \u00eatre effectu\u00e9s, entra\u00eenant ainsi des co\u00fbts. En attendant, nous pr\u00e9conisons \u00e9galement une d\u00e9finition du \u00ab r\u00e9emploi \u00bb qui inclut un certain nombre de rotations et la conception d\u2019un syst\u00e8me.<\/span><\/li>\n<li aria-level=\"1\"><b><span>Mati\u00e8res premi\u00e8res<\/span><\/b><span> : les gobelets jetables n\u00e9cessitent de nouvelles mati\u00e8res premi\u00e8res, soit du plastique, soit une combinaison de plastique et de papier\/carton. Le recyclage des emballages jetables est tr\u00e8s difficile : les emballages \u00e0 emporter provenant des poubelles publiques sont\u00a0<\/span><a href=\"https:\/\/natuurenmilieu.nl\/nieuws-artikel\/to-go-verpakkingen-nauwelijks-gerecycled\/\"><span>en grande partie incin\u00e9r\u00e9s<\/span><\/a><span>. Les exportations de d\u00e9chets peuvent \u00e9galement les amener \u00e0 se retrouver dans des d\u00e9charges ailleurs dans le monde. Et s\u2019ils sont recycl\u00e9s, c\u2019est \u00e0 faible valeur ajout\u00e9e, par exemple en essuie-tout ou en papier toilette. Le rPET est le seul mat\u00e9riau qui peut\u00a0 \u00eatre recycl\u00e9\u00a0<\/span><i><span>en tant que mat\u00e9riau de qualit\u00e9 alimentaire<\/span><\/i><span> \u00a0, mais le march\u00e9 est\u00a0<\/span><a href=\"https:\/\/www.hollandcolours.com\/markets\/packaging\/issues-facing-the-rpet-plastic-market\"><span>en difficult\u00e9<\/span><\/a><span>.<\/span><\/li>\n<li aria-level=\"1\"><b><span>Hygi\u00e8ne<\/span><\/b><span>\u00a0: les gobelets et contenants r\u00e9utilisables sont lav\u00e9s et utilis\u00e9s selon les m\u00eames normes d&rsquo;hygi\u00e8ne que les autres emballages (pensez aux assiettes et verres dans la restauration). Avec BYO, ce n&rsquo;est pas le fournisseur de l&#8217;emballage et du contenu qui est responsable, mais le consommateur, selon la NVWA.<\/span><\/li>\n<li aria-level=\"1\"><b><span>Recyclage<\/span><\/b><span>\u00a0: Le recyclage de haute qualit\u00e9 des gobelets r\u00e9utilisables en PP (un mat\u00e9riau courant pour les emballages r\u00e9utilisables) est techniquement possible, mais pas (encore) l\u00e9galement autoris\u00e9. Le recyclage de bas niveau existe d\u00e9j\u00e0, par exemple du gobelet au plateau. Comme mentionn\u00e9 ci-dessus : les gobelets jetables \u00e0 emporter sont principalement incin\u00e9r\u00e9s, le recyclage en environnement ferm\u00e9 ne se produit qu&rsquo;\u00e0 un niveau \u00e9lev\u00e9 avec le rPET, dans le meilleur des cas.<\/span><\/li>\n<li aria-level=\"1\"><b><span>D\u00e9faillance de la coupe<\/span><\/b><span>\u00a0: due \u00e0 un rouge \u00e0 l\u00e8vres qui ne peut plus \u00eatre lav\u00e9, ce qui repr\u00e9sente un pourcentage n\u00e9gligeable<\/span><\/li>\n<\/ul>\n<p><span>La transition des emballages jetables vers les emballages r\u00e9utilisables repr\u00e9sente un changement \u00e9norme dans notre soci\u00e9t\u00e9 qui affectera tout le monde. Chaque changement s\u2019accompagne de r\u00e9sistances, chaque transition doit d\u2019abord faire face \u00e0 des probl\u00e8mes de d\u00e9marrage et \u00e0 chaque nouveau d\u00e9veloppement durable, des entrepreneurs surgissent qui ne veulent que gagner de l\u2019argent avec la nouvelle r\u00e9alit\u00e9 sans aucun \u00e9gard pour l\u2019environnement. Les d\u00e9fis pratiques li\u00e9s aux co\u00fbts initiaux plus \u00e9lev\u00e9s, \u00e0 la conduite du comportement des consommateurs (facilit\u00e9 d\u2019utilisation) et \u00e0 l\u2019infrastructure universelle ne sont r\u00e9solus qu\u2019avec une \u00e9chelle croissante.<\/span><\/p>\n<p><b><span>Pourquoi une autre transition vers les emballages r\u00e9utilisables ?<\/span><\/b><\/p>\n<p><span>Selon la Commission europ\u00e9enne, 40 % du plastique utilis\u00e9 en Europe est destin\u00e9 aux emballages. La moiti\u00e9 de la soupe de plastique \u2013 le plastique pr\u00e9sent dans les mers et les oc\u00e9ans \u2013 est constitu\u00e9e d\u2019emballages. En moyenne, nous produisons 186,5 kg de d\u00e9chets par personne et par an dans l\u2019Union europ\u00e9enne. Dans son rapport biennal sur les progr\u00e8s r\u00e9alis\u00e9s en mati\u00e8re d\u2019\u00e9conomie circulaire, l\u2019Agence n\u00e9erlandaise d\u2019\u00e9valuation environnementale a conclu que nous utilisons en r\u00e9alit\u00e9 aux Pays-Bas de plus en plus de mati\u00e8res premi\u00e8res.<\/span><\/p>\n<p>[\/et_pb_text][\/et_pb_column][\/et_pb_row][et_pb_row _builder_version=\u00a0\u00bb4.24.0&Prime; _module_preset=\u00a0\u00bbdefault\u00a0\u00bb background_color=\u00a0\u00bb#FFFFFF\u00a0\u00bb z_index=\u00a0\u00bb99&Prime; width_tablet=\u00a0\u00bb90%\u00a0\u00bb width_phone=\u00a0\u00bb90%\u00a0\u00bb width_last_edited=\u00a0\u00bbon|desktop\u00a0\u00bb max_width=\u00a0\u00bb80%\u00a0\u00bb max_width_tablet=\u00a0\u00bb90%\u00a0\u00bb max_width_phone=\u00a0\u00bb90%\u00a0\u00bb max_width_last_edited=\u00a0\u00bbon|tablet\u00a0\u00bb custom_margin=\u00a0\u00bb||||false|false\u00a0\u00bb custom_padding=\u00a0\u00bb0%|5%|2%|5%|false|false\u00a0\u00bb border_radii=\u00a0\u00bboff|||30px|30px\u00a0\u00bb global_colors_info=\u00a0\u00bb{}\u00a0\u00bb][et_pb_column type=\u00a0\u00bb4_4&Prime; _builder_version=\u00a0\u00bb4.21.2&Prime; _module_preset=\u00a0\u00bbdefault\u00a0\u00bb z_index=\u00a0\u00bb99&Prime; global_colors_info=\u00a0\u00bb{}\u00a0\u00bb][et_pb_text _builder_version=\u00a0\u00bb4.25.1&Prime; _module_preset=\u00a0\u00bbdefault\u00a0\u00bb text_font=\u00a0\u00bbSoulcraft Wide||||||||\u00a0\u00bb header_3_font=\u00a0\u00bb||||on|||gcid-77784515-52da-45c3-b038-e5c2d51b4bf9|\u00a0\u00bb header_3_text_color=\u00a0\u00bb#1C2953&Prime; header_3_font_size=\u00a0\u00bb20px\u00a0\u00bb text_orientation=\u00a0\u00bbcenter\u00a0\u00bb custom_margin=\u00a0\u00bb||5px||false|false\u00a0\u00bb locked=\u00a0\u00bboff\u00a0\u00bb global_colors_info=\u00a0\u00bb{}\u00a0\u00bb]<\/p>\n<h3>Tags associ\u00e9s<\/h3>\n<p>[\/et_pb_text][et_pb_text module_class=\u00a0\u00bbtag_post\u00a0\u00bb _builder_version=\u00a0\u00bb4.25.1&Prime; _dynamic_attributes=\u00a0\u00bbcontent\u00a0\u00bb _module_preset=\u00a0\u00bbdefault\u00a0\u00bb link_text_color=\u00a0\u00bb#FFFFFF\u00a0\u00bb text_orientation=\u00a0\u00bbcenter\u00a0\u00bb custom_margin=\u00a0\u00bb15px||||false|false\u00a0\u00bb link_line_height_tablet=\u00a0\u00bb3.5em\u00a0\u00bb link_line_height_phone=\u00a0\u00bb3.5em\u00a0\u00bb link_line_height_last_edited=\u00a0\u00bbon|tablet\u00a0\u00bb custom_css_free_form=\u00a0\u00bb.tag_post a {||    color: white;||    background-color: #1c2953;||  border-radius: 10px;||  Padding: 10px||}\u00a0\u00bb locked=\u00a0\u00bboff\u00a0\u00bb global_colors_info=\u00a0\u00bb{}\u00a0\u00bb]@ET-DC@eyJkeW5hbWljIjp0cnVlLCJjb250ZW50IjoicG9zdF90YWdzIiwic2V0dGluZ3MiOnsiYmVmb3JlIjoiIiwiYWZ0ZXIiOiIiLCJsaW5rX3RvX3Rlcm1fcGFnZSI6Im9uIiwic2VwYXJhdG9yIjoiIHwgIiwiY2F0ZWdvcnlfdHlwZSI6InBvc3RfdGFnIiwiZW5hYmxlX2h0bWwiOiJvZmYifX0=@[\/et_pb_text][\/et_pb_column][\/et_pb_row][\/et_pb_section][et_pb_section fb_built=\u00a0\u00bb1&Prime; _builder_version=\u00a0\u00bb4.24.3&Prime; _module_preset=\u00a0\u00bbdefault\u00a0\u00bb background_color=\u00a0\u00bbgcid-77784515-52da-45c3-b038-e5c2d51b4bf9&Prime; width=\u00a0\u00bb100%\u00a0\u00bb max_width=\u00a0\u00bb100%\u00a0\u00bb custom_margin=\u00a0\u00bb0%||||false|false\u00a0\u00bb custom_margin_tablet=\u00a0\u00bb0%||||false|false\u00a0\u00bb custom_margin_phone=\u00a0\u00bb||||false|false\u00a0\u00bb custom_margin_last_edited=\u00a0\u00bbon|phone\u00a0\u00bb custom_padding=\u00a0\u00bb||||false|false\u00a0\u00bb locked=\u00a0\u00bboff\u00a0\u00bb global_colors_info=\u00a0\u00bb{%22gcid-77784515-52da-45c3-b038-e5c2d51b4bf9%22:%91%22background_color%22%93}\u00a0\u00bb][et_pb_row _builder_version=\u00a0\u00bb4.22.0&Prime; _module_preset=\u00a0\u00bbdefault\u00a0\u00bb max_width=\u00a0\u00bb80%\u00a0\u00bb custom_padding=\u00a0\u00bb0px||0px||false|false\u00a0\u00bb locked=\u00a0\u00bboff\u00a0\u00bb global_colors_info=\u00a0\u00bb{}\u00a0\u00bb][et_pb_column type=\u00a0\u00bb4_4&Prime; _builder_version=\u00a0\u00bb4.21.2&Prime; _module_preset=\u00a0\u00bbdefault\u00a0\u00bb z_index=\u00a0\u00bb99&Prime; global_colors_info=\u00a0\u00bb{}\u00a0\u00bb][et_pb_text _builder_version=\u00a0\u00bb4.25.1&Prime; _module_preset=\u00a0\u00bbdefault\u00a0\u00bb text_font=\u00a0\u00bbSoulcraft Wide||||||||\u00a0\u00bb text_text_color=\u00a0\u00bb#FFFFFF\u00a0\u00bb text_font_size=\u00a0\u00bb3vw\u00a0\u00bb header_font=\u00a0\u00bbSoulcraft Wide||||||||\u00a0\u00bb header_2_font=\u00a0\u00bbSoulcraft Wide|700||on|||||\u00a0\u00bb header_2_text_align=\u00a0\u00bbleft\u00a0\u00bb header_2_text_color=\u00a0\u00bb#FFFFFF\u00a0\u00bb header_2_font_size=\u00a0\u00bb3vw\u00a0\u00bb header_2_line_height=\u00a0\u00bb1.3em\u00a0\u00bb header_3_text_align=\u00a0\u00bbleft\u00a0\u00bb custom_margin=\u00a0\u00bb||0px||false|false\u00a0\u00bb text_font_size_tablet=\u00a0\u00bb5vw\u00a0\u00bb text_font_size_phone=\u00a0\u00bb6vw\u00a0\u00bb text_font_size_last_edited=\u00a0\u00bbon|phone\u00a0\u00bb header_2_font_size_tablet=\u00a0\u00bb5vw\u00a0\u00bb header_2_font_size_phone=\u00a0\u00bb6vw\u00a0\u00bb global_colors_info=\u00a0\u00bb{%22gcid-77784515-52da-45c3-b038-e5c2d51b4bf9%22:%91%22text_text_color%22,%22header_text_color%22%93}\u00a0\u00bb]<\/p>\n<h2>Plus d\u2018articles sur ce sujet<\/h2>\n<p>[\/et_pb_text][\/et_pb_column][\/et_pb_row][\/et_pb_section][et_pb_section fb_built=\u00a0\u00bb1&Prime; _builder_version=\u00a0\u00bb4.24.3&Prime; _module_preset=\u00a0\u00bbdefault\u00a0\u00bb background_color=\u00a0\u00bbgcid-2b01b125-6b38-4b9f-9cc1-28a45bc9d8b3&Prime; custom_margin=\u00a0\u00bb||0px||false|false\u00a0\u00bb custom_padding=\u00a0\u00bb||0px||false|false\u00a0\u00bb global_colors_info=\u00a0\u00bb{%22gcid-2b01b125-6b38-4b9f-9cc1-28a45bc9d8b3%22:%91%22background_color%22%93}\u00a0\u00bb][et_pb_row _builder_version=\u00a0\u00bb4.24.2&Prime; _module_preset=\u00a0\u00bbdefault\u00a0\u00bb z_index=\u00a0\u00bb99&Prime; width_tablet=\u00a0\u00bb95%\u00a0\u00bb width_phone=\u00a0\u00bb95%\u00a0\u00bb width_last_edited=\u00a0\u00bbon|tablet\u00a0\u00bb max_width=\u00a0\u00bb80%\u00a0\u00bb max_width_tablet=\u00a0\u00bb95%\u00a0\u00bb max_width_phone=\u00a0\u00bb95%\u00a0\u00bb max_width_last_edited=\u00a0\u00bbon|tablet\u00a0\u00bb custom_margin=\u00a0\u00bb||||false|false\u00a0\u00bb custom_padding=\u00a0\u00bb3%|0px|7%|0px|false|true\u00a0\u00bb global_colors_info=\u00a0\u00bb{}\u00a0\u00bb][et_pb_column type=\u00a0\u00bb4_4&Prime; _builder_version=\u00a0\u00bb4.21.2&Prime; _module_preset=\u00a0\u00bbdefault\u00a0\u00bb z_index=\u00a0\u00bb99&Prime; global_colors_info=\u00a0\u00bb{}\u00a0\u00bb][et_pb_blog posts_number=\u00a0\u00bb3&Prime; include_categories=\u00a0\u00bbcurrent\u00a0\u00bb meta_date=\u00a0\u00bbd M, Y\u00a0\u00bb show_more=\u00a0\u00bbon\u00a0\u00bb show_author=\u00a0\u00bboff\u00a0\u00bb show_categories=\u00a0\u00bboff\u00a0\u00bb show_pagination=\u00a0\u00bboff\u00a0\u00bb module_class=\u00a0\u00bbpa-blog-list\u00a0\u00bb _builder_version=\u00a0\u00bb4.25.1&Prime; _module_preset=\u00a0\u00bbdefault\u00a0\u00bb header_font=\u00a0\u00bbSoulcraft Wide||||||||\u00a0\u00bb header_text_color=\u00a0\u00bb#1C2953&Prime; header_font_size=\u00a0\u00bb20px\u00a0\u00bb header_line_height=\u00a0\u00bb1.4em\u00a0\u00bb body_font=\u00a0\u00bb||||||||\u00a0\u00bb body_text_align=\u00a0\u00bbleft\u00a0\u00bb body_text_color=\u00a0\u00bbgcid-77784515-52da-45c3-b038-e5c2d51b4bf9&Prime; body_line_height=\u00a0\u00bb1.4em\u00a0\u00bb meta_font=\u00a0\u00bb|700|||||||\u00a0\u00bb meta_text_align=\u00a0\u00bbleft\u00a0\u00bb meta_text_color=\u00a0\u00bbgcid-ef4e245a-162a-48e8-976d-1f0669a09958&Prime; meta_font_size=\u00a0\u00bb15px\u00a0\u00bb meta_line_height=\u00a0\u00bb1.4em\u00a0\u00bb read_more_font=\u00a0\u00bbSoulcraft Wide|700|||||||\u00a0\u00bb read_more_text_color=\u00a0\u00bbgcid-77784515-52da-45c3-b038-e5c2d51b4bf9&Prime; read_more_font_size=\u00a0\u00bb16px\u00a0\u00bb read_more_line_height=\u00a0\u00bb1.5em\u00a0\u00bb background_enable_color=\u00a0\u00bboff\u00a0\u00bb custom_margin=\u00a0\u00bb0px||||false|false\u00a0\u00bb custom_padding=\u00a0\u00bb0px||||false|false\u00a0\u00bb header_font_size_tablet=\u00a0\u00bb22px\u00a0\u00bb header_font_size_phone=\u00a0\u00bb20px\u00a0\u00bb header_font_size_last_edited=\u00a0\u00bbon|phone\u00a0\u00bb header_line_height_tablet=\u00a0\u00bb1.3em\u00a0\u00bb header_line_height_phone=\u00a0\u00bb1.3em\u00a0\u00bb header_line_height_last_edited=\u00a0\u00bbon|tablet\u00a0\u00bb body_font_size_tablet=\u00a0\u00bb16px\u00a0\u00bb body_font_size_phone=\u00a0\u00bb16px\u00a0\u00bb body_font_size_last_edited=\u00a0\u00bbon|tablet\u00a0\u00bb read_more_font_size_tablet=\u00a0\u00bb15px\u00a0\u00bb read_more_font_size_phone=\u00a0\u00bb15px\u00a0\u00bb read_more_font_size_last_edited=\u00a0\u00bbon|desktop\u00a0\u00bb custom_css_free_form=\u00a0\u00bb.et_pb_blog_0:not(.et_pb_blog_grid_wrapper) .et_pb_post {||    border-radius: 20px 20px 20px 20px;||    overflow: hidden;||    padding-top: 4%;||    padding-bottom: 4%;||    padding-left: 4%;||    padding-right: 4%;||}||.et_pb_blog_0 .et_pb_post, .et_pb_blog_0 .et_pb_post .post-content * {||    color: #000000!important;||    background: white;||}\u00a0\u00bb custom_css_title=\u00a0\u00bbpadding-left: 2%;||padding-right: 2%;||Padding-top: 0%||\u00a0\u00bb custom_css_content=\u00a0\u00bbpadding-left: 2%;||padding-right: 2%;\u00a0\u00bb custom_css_read_more=\u00a0\u00bbbackground-color: #e76025!important;||border: 2px solid #1c2953!important;||\u00a0\u00bb border_color_all_fullwidth=\u00a0\u00bbgcid-77784515-52da-45c3-b038-e5c2d51b4bf9&Prime; border_radii_image=\u00a0\u00bbon|10px|10px|10px|10px\u00a0\u00bb global_colors_info=\u00a0\u00bb{%22gcid-ef4e245a-162a-48e8-976d-1f0669a09958%22:%91%22meta_text_color%22,%22read_more_text_color__hover%22,%22meta_text_color%22,%22read_more_text_color__hover%22,%22meta_text_color%22,%22read_more_text_color__hover%22,%22meta_text_color%22,%22read_more_text_color__hover%22,%22meta_text_color%22,%22read_more_text_color__hover%22,%22meta_text_color%22,%22read_more_text_color__hover%22,%22meta_text_color%22,%22read_more_text_color%22,%22read_more_text_color__hover%22,%22meta_text_color%22,%22read_more_text_color%22,%22read_more_text_color__hover%22,%22read_more_text_color%22,%22read_more_text_color__hover%22,%22meta_text_color%22%93,%22gcid-77784515-52da-45c3-b038-e5c2d51b4bf9%22:%91%22body_text_color%22,%22border_color_all_fullwidth%22,%22read_more_text_color%22,%22body_text_color%22,%22border_color_all_fullwidth%22,%22read_more_text_color%22,%22body_text_color%22,%22border_color_all_fullwidth%22,%22body_text_color%22,%22border_color_all_fullwidth%22%93}\u00a0\u00bb custom_css_title_last_edited=\u00a0\u00bbon|phone\u00a0\u00bb custom_css_title_phone=\u00a0\u00bbpadding-top: 10%;||padding-left: 2%;||\u00a0\u00bb custom_css_title_tablet=\u00a0\u00bbpadding-left: 2%;||padding-right: 2%;||\u00a0\u00bb read_more_text_color__hover_enabled=\u00a0\u00bbon|hover\u00a0\u00bb read_more_text_color__hover=\u00a0\u00bb#f06449&Prime; custom_css_read_more__hover_enabled=\u00a0\u00bbon|hover\u00a0\u00bb custom_css_read_more__hover=\u00a0\u00bbbackground-color: #1c2953!important;||border: 2px solid #1c2953!important;||\u00a0\u00bb custom_css_post_meta_tablet=\u00a0\u00bbpadding-left: 2%;||\u00a0\u00bb custom_css_post_meta_phone=\u00a0\u00bbpadding-left: 2%!important;||padding-top: 10px!important;\u00a0\u00bb custom_css_post_meta_last_edited=\u00a0\u00bbon|phone\u00a0\u00bb][\/et_pb_blog][\/et_pb_column][\/et_pb_row][\/et_pb_section]<\/p>\n","protected":false},"excerpt":{"rendered":"<p>Europa streeft naar een circulaire economie waarin hergebruik de norm is en de wegwerpmaatschappij wordt teruggedrongen. De Single-Use Plastics Directive (SUPD) en de Packaging and Packaging Waste Regulation (PPWR) bevatten diverse maatregelen om eenmalige verpakkingen te verbieden of te verminderen. <\/p>\n","protected":false},"author":19,"featured_media":23954377,"comment_status":"closed","ping_status":"closed","sticky":false,"template":"","format":"standard","meta":{"_acf_changed":false,"_et_pb_use_builder":"on","_et_pb_old_content":"","_et_gb_content_width":"","inline_featured_image":false,"_monsterinsights_skip_tracking":false,"_monsterinsights_sitenote_active":false,"_monsterinsights_sitenote_note":"","_monsterinsights_sitenote_category":0,"footnotes":"","_links_to":"","_links_to_target":""},"categories":[3293,3222],"tags":[3490,3527,3522,3305],"dipi_cpt_category":[],"published_year":[3496],"class_list":["post-23954523","post","type-post","status-publish","format-standard","has-post-thumbnail","hentry","category-highlights-fr","category-reemploi","tag-dechets-et-pollution-fr-3","tag-economie-circulaire-fr","tag-reemploi-fr","tag-supd-fr","published_year-3496"],"acf":[],"yoast_head":"<!-- This site is optimized with the Yoast SEO plugin v27.5 - https:\/\/yoast.com\/product\/yoast-seo-wordpress\/ -->\n<title>\u00c9valuation des mesures de r\u00e9emploi aux Pays-bas | Fair Resource Foundation<\/title>\n<meta name=\"robots\" content=\"index, follow, max-snippet:-1, max-image-preview:large, max-video-preview:-1\" \/>\n<link rel=\"canonical\" href=\"https:\/\/fairresourcefoundation.org\/fr\/evaluation-remploi-pays-bas\/\" \/>\n<meta property=\"og:locale\" content=\"fr_FR\" \/>\n<meta property=\"og:type\" content=\"article\" \/>\n<meta property=\"og:title\" content=\"\u00c9valuation des mesures de r\u00e9emploi aux Pays-bas | Fair Resource Foundation\" \/>\n<meta property=\"og:description\" content=\"Europa streeft naar een circulaire economie waarin hergebruik de norm is en de wegwerpmaatschappij wordt teruggedrongen. De Single-Use Plastics Directive (SUPD) en de Packaging and Packaging Waste Regulation (PPWR) bevatten diverse maatregelen om eenmalige verpakkingen te verbieden of te verminderen.\" \/>\n<meta property=\"og:url\" content=\"https:\/\/fairresourcefoundation.org\/fr\/evaluation-remploi-pays-bas\/\" \/>\n<meta property=\"og:site_name\" content=\"Fair Resource Foundation\" \/>\n<meta property=\"article:published_time\" content=\"2025-03-31T14:14:52+00:00\" \/>\n<meta property=\"article:modified_time\" content=\"2025-04-17T06:31:23+00:00\" \/>\n<meta property=\"og:image\" content=\"https:\/\/fairresourcefoundation.org\/wp-content\/uploads\/2025\/03\/Scherm_afbeelding-2024-02-02-om-18.10.57-1024x692-1.png\" \/>\n\t<meta property=\"og:image:width\" content=\"1024\" \/>\n\t<meta property=\"og:image:height\" content=\"692\" \/>\n\t<meta property=\"og:image:type\" content=\"image\/png\" \/>\n<meta name=\"author\" content=\"Karl Beerenfenger\" \/>\n<meta name=\"twitter:card\" content=\"summary_large_image\" \/>\n<meta name=\"twitter:label1\" content=\"\u00c9crit par\" \/>\n\t<meta name=\"twitter:data1\" content=\"Karl Beerenfenger\" \/>\n\t<meta name=\"twitter:label2\" content=\"Dur\u00e9e de lecture estim\u00e9e\" \/>\n\t<meta name=\"twitter:data2\" content=\"15 minutes\" \/>\n<script type=\"application\/ld+json\" class=\"yoast-schema-graph\">{\"@context\":\"https:\\\/\\\/schema.org\",\"@graph\":[{\"@type\":\"Article\",\"@id\":\"https:\\\/\\\/fairresourcefoundation.org\\\/fr\\\/evaluation-remploi-pays-bas\\\/#article\",\"isPartOf\":{\"@id\":\"https:\\\/\\\/fairresourcefoundation.org\\\/fr\\\/evaluation-remploi-pays-bas\\\/\"},\"author\":{\"name\":\"Karl Beerenfenger\",\"@id\":\"https:\\\/\\\/fairresourcefoundation.org\\\/fr\\\/#\\\/schema\\\/person\\\/e0a901661aeba4489464db733680d789\"},\"headline\":\"\u00c9valuation des mesures de r\u00e9emploi aux Pays-bas\",\"datePublished\":\"2025-03-31T14:14:52+00:00\",\"dateModified\":\"2025-04-17T06:31:23+00:00\",\"mainEntityOfPage\":{\"@id\":\"https:\\\/\\\/fairresourcefoundation.org\\\/fr\\\/evaluation-remploi-pays-bas\\\/\"},\"wordCount\":4638,\"publisher\":{\"@id\":\"https:\\\/\\\/fairresourcefoundation.org\\\/fr\\\/#organization\"},\"image\":{\"@id\":\"https:\\\/\\\/fairresourcefoundation.org\\\/fr\\\/evaluation-remploi-pays-bas\\\/#primaryimage\"},\"thumbnailUrl\":\"https:\\\/\\\/fairresourcefoundation.org\\\/wp-content\\\/uploads\\\/2025\\\/03\\\/Scherm_afbeelding-2024-02-02-om-18.10.57-1024x692-1.png\",\"keywords\":[\"D\u00e9chets et pollution\",\"\u00c9conomie circulaire\",\"R\u00e9emploi\",\"SUPD\"],\"articleSection\":[\"Highlights\",\"R\u00e9emploi\"],\"inLanguage\":\"fr-FR\"},{\"@type\":\"WebPage\",\"@id\":\"https:\\\/\\\/fairresourcefoundation.org\\\/fr\\\/evaluation-remploi-pays-bas\\\/\",\"url\":\"https:\\\/\\\/fairresourcefoundation.org\\\/fr\\\/evaluation-remploi-pays-bas\\\/\",\"name\":\"\u00c9valuation des mesures de r\u00e9emploi aux Pays-bas | Fair Resource Foundation\",\"isPartOf\":{\"@id\":\"https:\\\/\\\/fairresourcefoundation.org\\\/fr\\\/#website\"},\"primaryImageOfPage\":{\"@id\":\"https:\\\/\\\/fairresourcefoundation.org\\\/fr\\\/evaluation-remploi-pays-bas\\\/#primaryimage\"},\"image\":{\"@id\":\"https:\\\/\\\/fairresourcefoundation.org\\\/fr\\\/evaluation-remploi-pays-bas\\\/#primaryimage\"},\"thumbnailUrl\":\"https:\\\/\\\/fairresourcefoundation.org\\\/wp-content\\\/uploads\\\/2025\\\/03\\\/Scherm_afbeelding-2024-02-02-om-18.10.57-1024x692-1.png\",\"datePublished\":\"2025-03-31T14:14:52+00:00\",\"dateModified\":\"2025-04-17T06:31:23+00:00\",\"breadcrumb\":{\"@id\":\"https:\\\/\\\/fairresourcefoundation.org\\\/fr\\\/evaluation-remploi-pays-bas\\\/#breadcrumb\"},\"inLanguage\":\"fr-FR\",\"potentialAction\":[{\"@type\":\"ReadAction\",\"target\":[\"https:\\\/\\\/fairresourcefoundation.org\\\/fr\\\/evaluation-remploi-pays-bas\\\/\"]}]},{\"@type\":\"ImageObject\",\"inLanguage\":\"fr-FR\",\"@id\":\"https:\\\/\\\/fairresourcefoundation.org\\\/fr\\\/evaluation-remploi-pays-bas\\\/#primaryimage\",\"url\":\"https:\\\/\\\/fairresourcefoundation.org\\\/wp-content\\\/uploads\\\/2025\\\/03\\\/Scherm_afbeelding-2024-02-02-om-18.10.57-1024x692-1.png\",\"contentUrl\":\"https:\\\/\\\/fairresourcefoundation.org\\\/wp-content\\\/uploads\\\/2025\\\/03\\\/Scherm_afbeelding-2024-02-02-om-18.10.57-1024x692-1.png\",\"width\":1024,\"height\":692},{\"@type\":\"BreadcrumbList\",\"@id\":\"https:\\\/\\\/fairresourcefoundation.org\\\/fr\\\/evaluation-remploi-pays-bas\\\/#breadcrumb\",\"itemListElement\":[{\"@type\":\"ListItem\",\"position\":1,\"name\":\"Home\",\"item\":\"https:\\\/\\\/fairresourcefoundation.org\\\/fr\\\/\"},{\"@type\":\"ListItem\",\"position\":2,\"name\":\"\u00c9valuation des mesures de r\u00e9emploi aux Pays-bas\"}]},{\"@type\":\"WebSite\",\"@id\":\"https:\\\/\\\/fairresourcefoundation.org\\\/fr\\\/#website\",\"url\":\"https:\\\/\\\/fairresourcefoundation.org\\\/fr\\\/\",\"name\":\"Fair Resource Foundation\",\"description\":\"Systems change for people and planet\",\"publisher\":{\"@id\":\"https:\\\/\\\/fairresourcefoundation.org\\\/fr\\\/#organization\"},\"potentialAction\":[{\"@type\":\"SearchAction\",\"target\":{\"@type\":\"EntryPoint\",\"urlTemplate\":\"https:\\\/\\\/fairresourcefoundation.org\\\/fr\\\/?s={search_term_string}\"},\"query-input\":{\"@type\":\"PropertyValueSpecification\",\"valueRequired\":true,\"valueName\":\"search_term_string\"}}],\"inLanguage\":\"fr-FR\"},{\"@type\":\"Organization\",\"@id\":\"https:\\\/\\\/fairresourcefoundation.org\\\/fr\\\/#organization\",\"name\":\"Fair Resource Foundation\",\"url\":\"https:\\\/\\\/fairresourcefoundation.org\\\/fr\\\/\",\"logo\":{\"@type\":\"ImageObject\",\"inLanguage\":\"fr-FR\",\"@id\":\"https:\\\/\\\/fairresourcefoundation.org\\\/fr\\\/#\\\/schema\\\/logo\\\/image\\\/\",\"url\":\"https:\\\/\\\/fairresourcefoundation.org\\\/wp-content\\\/uploads\\\/2023\\\/10\\\/Primair-Logo-Ruimte.svg\",\"contentUrl\":\"https:\\\/\\\/fairresourcefoundation.org\\\/wp-content\\\/uploads\\\/2023\\\/10\\\/Primair-Logo-Ruimte.svg\",\"width\":1280,\"height\":566,\"caption\":\"Fair Resource Foundation\"},\"image\":{\"@id\":\"https:\\\/\\\/fairresourcefoundation.org\\\/fr\\\/#\\\/schema\\\/logo\\\/image\\\/\"}},{\"@type\":\"Person\",\"@id\":\"https:\\\/\\\/fairresourcefoundation.org\\\/fr\\\/#\\\/schema\\\/person\\\/e0a901661aeba4489464db733680d789\",\"name\":\"Karl Beerenfenger\",\"image\":{\"@type\":\"ImageObject\",\"inLanguage\":\"fr-FR\",\"@id\":\"https:\\\/\\\/secure.gravatar.com\\\/avatar\\\/30b795453a098ab0acfe4269d5cdc434f81e10653063842b5872d9161915b207?s=96&d=mm&r=g\",\"url\":\"https:\\\/\\\/secure.gravatar.com\\\/avatar\\\/30b795453a098ab0acfe4269d5cdc434f81e10653063842b5872d9161915b207?s=96&d=mm&r=g\",\"contentUrl\":\"https:\\\/\\\/secure.gravatar.com\\\/avatar\\\/30b795453a098ab0acfe4269d5cdc434f81e10653063842b5872d9161915b207?s=96&d=mm&r=g\",\"caption\":\"Karl Beerenfenger\"},\"url\":\"#molongui-disabled-link\"}]}<\/script>\n<!-- \/ Yoast SEO plugin. -->","yoast_head_json":{"title":"\u00c9valuation des mesures de r\u00e9emploi aux Pays-bas | Fair Resource Foundation","robots":{"index":"index","follow":"follow","max-snippet":"max-snippet:-1","max-image-preview":"max-image-preview:large","max-video-preview":"max-video-preview:-1"},"canonical":"https:\/\/fairresourcefoundation.org\/fr\/evaluation-remploi-pays-bas\/","og_locale":"fr_FR","og_type":"article","og_title":"\u00c9valuation des mesures de r\u00e9emploi aux Pays-bas | Fair Resource Foundation","og_description":"Europa streeft naar een circulaire economie waarin hergebruik de norm is en de wegwerpmaatschappij wordt teruggedrongen. De Single-Use Plastics Directive (SUPD) en de Packaging and Packaging Waste Regulation (PPWR) bevatten diverse maatregelen om eenmalige verpakkingen te verbieden of te verminderen.","og_url":"https:\/\/fairresourcefoundation.org\/fr\/evaluation-remploi-pays-bas\/","og_site_name":"Fair Resource Foundation","article_published_time":"2025-03-31T14:14:52+00:00","article_modified_time":"2025-04-17T06:31:23+00:00","og_image":[{"width":1024,"height":692,"url":"https:\/\/fairresourcefoundation.org\/wp-content\/uploads\/2025\/03\/Scherm_afbeelding-2024-02-02-om-18.10.57-1024x692-1.png","type":"image\/png"}],"author":"Karl Beerenfenger","twitter_card":"summary_large_image","twitter_misc":{"\u00c9crit par":"Karl Beerenfenger","Dur\u00e9e de lecture estim\u00e9e":"15 minutes"},"schema":{"@context":"https:\/\/schema.org","@graph":[{"@type":"Article","@id":"https:\/\/fairresourcefoundation.org\/fr\/evaluation-remploi-pays-bas\/#article","isPartOf":{"@id":"https:\/\/fairresourcefoundation.org\/fr\/evaluation-remploi-pays-bas\/"},"author":{"name":"Karl Beerenfenger","@id":"https:\/\/fairresourcefoundation.org\/fr\/#\/schema\/person\/e0a901661aeba4489464db733680d789"},"headline":"\u00c9valuation des mesures de r\u00e9emploi aux Pays-bas","datePublished":"2025-03-31T14:14:52+00:00","dateModified":"2025-04-17T06:31:23+00:00","mainEntityOfPage":{"@id":"https:\/\/fairresourcefoundation.org\/fr\/evaluation-remploi-pays-bas\/"},"wordCount":4638,"publisher":{"@id":"https:\/\/fairresourcefoundation.org\/fr\/#organization"},"image":{"@id":"https:\/\/fairresourcefoundation.org\/fr\/evaluation-remploi-pays-bas\/#primaryimage"},"thumbnailUrl":"https:\/\/fairresourcefoundation.org\/wp-content\/uploads\/2025\/03\/Scherm_afbeelding-2024-02-02-om-18.10.57-1024x692-1.png","keywords":["D\u00e9chets et pollution","\u00c9conomie circulaire","R\u00e9emploi","SUPD"],"articleSection":["Highlights","R\u00e9emploi"],"inLanguage":"fr-FR"},{"@type":"WebPage","@id":"https:\/\/fairresourcefoundation.org\/fr\/evaluation-remploi-pays-bas\/","url":"https:\/\/fairresourcefoundation.org\/fr\/evaluation-remploi-pays-bas\/","name":"\u00c9valuation des mesures de r\u00e9emploi aux Pays-bas | Fair Resource Foundation","isPartOf":{"@id":"https:\/\/fairresourcefoundation.org\/fr\/#website"},"primaryImageOfPage":{"@id":"https:\/\/fairresourcefoundation.org\/fr\/evaluation-remploi-pays-bas\/#primaryimage"},"image":{"@id":"https:\/\/fairresourcefoundation.org\/fr\/evaluation-remploi-pays-bas\/#primaryimage"},"thumbnailUrl":"https:\/\/fairresourcefoundation.org\/wp-content\/uploads\/2025\/03\/Scherm_afbeelding-2024-02-02-om-18.10.57-1024x692-1.png","datePublished":"2025-03-31T14:14:52+00:00","dateModified":"2025-04-17T06:31:23+00:00","breadcrumb":{"@id":"https:\/\/fairresourcefoundation.org\/fr\/evaluation-remploi-pays-bas\/#breadcrumb"},"inLanguage":"fr-FR","potentialAction":[{"@type":"ReadAction","target":["https:\/\/fairresourcefoundation.org\/fr\/evaluation-remploi-pays-bas\/"]}]},{"@type":"ImageObject","inLanguage":"fr-FR","@id":"https:\/\/fairresourcefoundation.org\/fr\/evaluation-remploi-pays-bas\/#primaryimage","url":"https:\/\/fairresourcefoundation.org\/wp-content\/uploads\/2025\/03\/Scherm_afbeelding-2024-02-02-om-18.10.57-1024x692-1.png","contentUrl":"https:\/\/fairresourcefoundation.org\/wp-content\/uploads\/2025\/03\/Scherm_afbeelding-2024-02-02-om-18.10.57-1024x692-1.png","width":1024,"height":692},{"@type":"BreadcrumbList","@id":"https:\/\/fairresourcefoundation.org\/fr\/evaluation-remploi-pays-bas\/#breadcrumb","itemListElement":[{"@type":"ListItem","position":1,"name":"Home","item":"https:\/\/fairresourcefoundation.org\/fr\/"},{"@type":"ListItem","position":2,"name":"\u00c9valuation des mesures de r\u00e9emploi aux Pays-bas"}]},{"@type":"WebSite","@id":"https:\/\/fairresourcefoundation.org\/fr\/#website","url":"https:\/\/fairresourcefoundation.org\/fr\/","name":"Fair Resource Foundation","description":"Systems change for people and planet","publisher":{"@id":"https:\/\/fairresourcefoundation.org\/fr\/#organization"},"potentialAction":[{"@type":"SearchAction","target":{"@type":"EntryPoint","urlTemplate":"https:\/\/fairresourcefoundation.org\/fr\/?s={search_term_string}"},"query-input":{"@type":"PropertyValueSpecification","valueRequired":true,"valueName":"search_term_string"}}],"inLanguage":"fr-FR"},{"@type":"Organization","@id":"https:\/\/fairresourcefoundation.org\/fr\/#organization","name":"Fair Resource Foundation","url":"https:\/\/fairresourcefoundation.org\/fr\/","logo":{"@type":"ImageObject","inLanguage":"fr-FR","@id":"https:\/\/fairresourcefoundation.org\/fr\/#\/schema\/logo\/image\/","url":"https:\/\/fairresourcefoundation.org\/wp-content\/uploads\/2023\/10\/Primair-Logo-Ruimte.svg","contentUrl":"https:\/\/fairresourcefoundation.org\/wp-content\/uploads\/2023\/10\/Primair-Logo-Ruimte.svg","width":1280,"height":566,"caption":"Fair Resource Foundation"},"image":{"@id":"https:\/\/fairresourcefoundation.org\/fr\/#\/schema\/logo\/image\/"}},{"@type":"Person","@id":"https:\/\/fairresourcefoundation.org\/fr\/#\/schema\/person\/e0a901661aeba4489464db733680d789","name":"Karl Beerenfenger","image":{"@type":"ImageObject","inLanguage":"fr-FR","@id":"https:\/\/secure.gravatar.com\/avatar\/30b795453a098ab0acfe4269d5cdc434f81e10653063842b5872d9161915b207?s=96&d=mm&r=g","url":"https:\/\/secure.gravatar.com\/avatar\/30b795453a098ab0acfe4269d5cdc434f81e10653063842b5872d9161915b207?s=96&d=mm&r=g","contentUrl":"https:\/\/secure.gravatar.com\/avatar\/30b795453a098ab0acfe4269d5cdc434f81e10653063842b5872d9161915b207?s=96&d=mm&r=g","caption":"Karl Beerenfenger"},"url":"#molongui-disabled-link"}]}},"_links":{"self":[{"href":"https:\/\/fairresourcefoundation.org\/fr\/wp-json\/wp\/v2\/posts\/23954523","targetHints":{"allow":["GET"]}}],"collection":[{"href":"https:\/\/fairresourcefoundation.org\/fr\/wp-json\/wp\/v2\/posts"}],"about":[{"href":"https:\/\/fairresourcefoundation.org\/fr\/wp-json\/wp\/v2\/types\/post"}],"author":[{"embeddable":true,"href":"https:\/\/fairresourcefoundation.org\/fr\/wp-json\/wp\/v2\/users\/19"}],"replies":[{"embeddable":true,"href":"https:\/\/fairresourcefoundation.org\/fr\/wp-json\/wp\/v2\/comments?post=23954523"}],"version-history":[{"count":0,"href":"https:\/\/fairresourcefoundation.org\/fr\/wp-json\/wp\/v2\/posts\/23954523\/revisions"}],"wp:featuredmedia":[{"embeddable":true,"href":"https:\/\/fairresourcefoundation.org\/fr\/wp-json\/wp\/v2\/media\/23954377"}],"wp:attachment":[{"href":"https:\/\/fairresourcefoundation.org\/fr\/wp-json\/wp\/v2\/media?parent=23954523"}],"wp:term":[{"taxonomy":"category","embeddable":true,"href":"https:\/\/fairresourcefoundation.org\/fr\/wp-json\/wp\/v2\/categories?post=23954523"},{"taxonomy":"post_tag","embeddable":true,"href":"https:\/\/fairresourcefoundation.org\/fr\/wp-json\/wp\/v2\/tags?post=23954523"},{"taxonomy":"dipi_cpt_category","embeddable":true,"href":"https:\/\/fairresourcefoundation.org\/fr\/wp-json\/wp\/v2\/dipi_cpt_category?post=23954523"},{"taxonomy":"published_year","embeddable":true,"href":"https:\/\/fairresourcefoundation.org\/fr\/wp-json\/wp\/v2\/published_year?post=23954523"}],"curies":[{"name":"wp","href":"https:\/\/api.w.org\/{rel}","templated":true}]}}