{"id":23955116,"date":"2021-12-22T00:01:30","date_gmt":"2021-12-21T22:01:30","guid":{"rendered":"https:\/\/fairresourcefoundation.org\/les-organisations-environnementales-sinsurgent-contre-afvalfonds-concernant-la-collecte-des-canettes-consignees\/"},"modified":"2021-12-22T00:01:30","modified_gmt":"2021-12-21T22:01:30","slug":"les-organisations-environnementales-sinsurgent-contre-afvalfonds-concernant-la-collecte-des-canettes-consignees","status":"publish","type":"post","link":"https:\/\/fairresourcefoundation.org\/fr\/les-organisations-environnementales-sinsurgent-contre-afvalfonds-concernant-la-collecte-des-canettes-consignees\/","title":{"rendered":"Les organisations environnementales s&rsquo;insurgent contre Afvalfonds concernant la collecte des canettes consign\u00e9es"},"content":{"rendered":"<p>Afvalfonds a publi\u00e9 la semaine derni\u00e8re son <a href=\"https:\/\/afvalfondsverpakkingen.nl\/a\/i\/Overige\/Plan-van-Aanpak-toekomstbestendig-statiegeldsysteem-voor-metalen-drankverpakkingen.pdf\">plan<\/a> de d\u00e9ploiement des consignes sur les canettes. Car les supermarch\u00e9s <a href=\"https:\/\/www.nu.nl\/economie\/6167906\/supermarkten-willen-statiegeldblikjes-niet-innemen.html\">refusent obstin\u00e9ment<\/a> de r\u00e9cup\u00e9rer les canettes, l&rsquo;industrie propose maintenant d&rsquo;organiser la collecte \u00e0 l&rsquo;ext\u00e9rieur des supermarch\u00e9s. Ce syst\u00e8me devrait se d\u00e9velopper dans ce que l&rsquo;on appelle les \u00ab\u00a0hubs circulaires\u00a0\u00bb. Fair Resource Foundation, Natuur &amp; Milieu, Plastic Soup Foundation, Stichting De Noordzee, Plastic Soup Surfer et Greenpeace ne croient pas en ce plan.   <\/p>\n<p>\u00c0 partir du 31 d\u00e9cembre 2022, les canettes seront consign\u00e9es et un syst\u00e8me de collecte ad\u00e9quat devra \u00eatre mis en place. Au moins 90 % des canettes devront \u00eatre collect\u00e9es s\u00e9par\u00e9ment. Cette <a href=\"https:\/\/zoek.officielebekendmakingen.nl\/stb-2021-228.html\">d\u00e9cision<\/a> a \u00e9t\u00e9 prise en f\u00e9vrier de cette ann\u00e9e par la pr\u00e9c\u00e9dente secr\u00e9taire d&rsquo;\u00c9tat \u00e0 l&rsquo;infrastructure et \u00e0 la gestion de l&rsquo;eau, Stientje van Veldhoven (D66). Avec le plan d&rsquo;Afvalfonds, il sera impossible d&rsquo;atteindre les objectifs l\u00e9gaux et l&rsquo;environnement sera perdant, craignent les organisations environnementales.   <\/p>\n<h4>Plan de l&rsquo;industrie<\/h4>\n<p>Les supermarch\u00e9s refusent la collecte des canettes dans leurs magasins. L&rsquo;industrie propose donc \u00e0 pr\u00e9sent de rechercher des emplacements \u00ab\u00a0\u00e0 proximit\u00e9\u00a0\u00bb des magasins. Ce qu&rsquo;ils entendent par \u00ab\u00a0\u00e0 proximit\u00e9\u00a0\u00bb n&rsquo;est pas clair. Il est n\u00e9anmoins d\u00e9j\u00e0 clair que le plan sera un retour en arri\u00e8re pour les consommateurs. <a href=\"https:\/\/twitter.com\/Consumentenbond\/status\/1461273194015383559\">89 % des consommateurs<\/a> souhaitent pouvoir rapporter les canettes au point de vente. Or, avec la proposition d&rsquo;Afvalfonds, les consommateurs devront rapporter les emballages \u00e0 diff\u00e9rents endroits. Il y a \u00e9galement beaucoup moins d&rsquo;endroits o\u00f9 les consommateurs peuvent se d\u00e9barrasser de leurs canettes vides : <a href=\"https:\/\/afvalfondsverpakkingen.nl\/a\/i\/Overige\/Plan-van-Aanpak-toekomstbestendig-statiegeldsysteem-voor-metalen-drankverpakkingen.pdf\">3 000 endroits<\/a> contre 5 500 supermarch\u00e9s o\u00f9 les bouteilles peuvent \u00eatre rapport\u00e9es aujourd&rsquo;hui. Et ce, alors qu&rsquo;il y a pr\u00e8s de <a href=\"https:\/\/cedelft.eu\/wp-content\/uploads\/sites\/2\/2021\/03\/CE_Delft_190433_Statiegeld_op_blikjes_DEF.pdf\">2,5 fois plus de canettes<\/a> que de <a href=\"https:\/\/www.rijksoverheid.nl\/actueel\/nieuws\/2020\/04\/24\/statiegeld-op-kleine-plastic-flesjes-voor-minder-zwerfafval\">bouteilles<\/a> mises sur le march\u00e9.     <\/p>\n<h4>Peu pratique pour les consommateurs<\/h4>\n<p>Rob Buurman, directeur de Fair Resource Foundation, pr\u00e9voit des probl\u00e8mes majeurs pour atteindre les objectifs concernant les canettes : \u00ab\u00a0Un syst\u00e8me dans lequel le nombre de points de collecte est encore plus bas qu&rsquo;il ne l&rsquo;est d\u00e9j\u00e0 pour les bouteilles ne permettra jamais d&rsquo;atteindre les objectifs en mati\u00e8re de d\u00e9chets sauvages et de recyclage des canettes. En outre, le concept est loin d&rsquo;\u00eatre pratique pour les consommateurs. Les consommateurs peuvent apporter leurs bouteilles plastique consign\u00e9es dans tous les supermarch\u00e9s, alors qu&rsquo;ils doivent se rendre dans un autre endroit pour les canettes. Il n&rsquo;existe aucun autre pays o\u00f9 le syst\u00e8me de consigne est organis\u00e9 de la sorte. Il est donc illusoire de penser que les consommateurs vont accepter ce syst\u00e8me\u00a0\u00bb.<\/p>\n<p>\u00ab\u00a0L&rsquo;id\u00e9e des \u00ab\u00a0hubs circulaires\u00a0\u00bb semble tr\u00e8s int\u00e9ressante, mais le concept n&rsquo;est pas du tout d\u00e9velopp\u00e9. Il ne s&rsquo;agit pas d&rsquo;un plan \u00e0 long terme bien d\u00e9velopp\u00e9, mais simplement d&rsquo;une excuse mal con\u00e7ue pour emp\u00eacher les canettes d&rsquo;entrer dans les supermarch\u00e9s\u00a0\u00bb, affirme Jelmer Vierstra de Natuur &amp; Milieu.<\/p>\n<h4>Un processus qui prend du temps<\/h4>\n<p>Cela soul\u00e8ve \u00e9galement la question de savoir s&rsquo;il est possible d&rsquo;organiser la collecte hors des magasins \u00e0 court terme. En effet, l&rsquo;activit\u00e9 d\u00e9pend fortement des propri\u00e9taires fonciers et des autorisations d\u00e9livr\u00e9es par les municipalit\u00e9s. \u00ab\u00a0Il y a de fortes chances que les consommateurs n&rsquo;aient pratiquement aucun endroit o\u00f9 jeter leurs canettes au cours des premiers mois et qu&rsquo;ils doivent payer une consigne sans pouvoir la r\u00e9cup\u00e9rer C&rsquo;est d\u00e9j\u00e0 le cas, dans une certaine mesure, pour les bouteilles qui ne peuvent toujours pas \u00eatre d\u00e9pos\u00e9es dans les stations services, par exemple\u00a0\u00bb, explique Buurman.  <\/p>\n<p>Le secteur indique dans son <a href=\"https:\/\/afvalfondsverpakkingen.nl\/a\/i\/Overige\/Plan-van-Aanpak-toekomstbestendig-statiegeldsysteem-voor-metalen-drankverpakkingen.pdf\">plan<\/a> que les supermarch\u00e9s constituent une \u00ab\u00a0solution de repli\u00a0\u00bb s&rsquo;il s&rsquo;av\u00e8re au printemps prochain que le d\u00e9lai l\u00e9gal du 31 d\u00e9cembre 2022 n&rsquo;est finalement pas r\u00e9alisable. \u00c9tant donn\u00e9 que cette option de repli n&rsquo;a pas \u00e9t\u00e9 \u00e9labor\u00e9e et qu&rsquo;aucun accord n&rsquo;a \u00e9t\u00e9 conclu quant \u00e0 la date \u00e0 laquelle elle sera choisie, il n&rsquo;y a aucune garantie que les supermarch\u00e9s en viendront \u00e0 collecter les canettes. <\/p>\n<h4>Obligation de reprise<\/h4>\n<p>Si les supermarch\u00e9s peuvent refuser de collecter les canettes, c&rsquo;est parce que le gouvernement pr\u00e9c\u00e9dent a d\u00e9cid\u00e9 de supprimer l&rsquo;obligation de collecte pour les points de vente pr\u00e9sent dans le <a href=\"https:\/\/wetten.overheid.nl\/BWBR0035711\/2021-07-03#:~:text=1%20Indien%20de%20verplichting%2C%20bedoeld,inhoud%20van%20deze%20aanduiding%20vaststellen.\">d\u00e9cret de 2014 sur la gestion des emballages<\/a>. \u00ab\u00a0Alors que dans d&rsquo;autres pays comme l&rsquo;Allemagne et le Danemark, jusqu&rsquo;\u00e0 90 % des canettes sont collect\u00e9es avec succ\u00e8s par les supermarch\u00e9s, le gouvernement n\u00e9erlandais a donn\u00e9 \u00e0 l&rsquo;industrie la possibilit\u00e9 de bouder et de retarder les choses\u00a0\u00bb, affirment les organisations de d\u00e9fense de l&rsquo;environnement. Nous avions pourtant <a href=\"https:\/\/www.internetconsultatie.nl\/besluit_maatregelen_metalen_drankverpakkingen\/reactie\/590c04c0-1962-4fff-8507-26cc14f5452e\">pr\u00e9venu<\/a> le gouvernement \u00e0 <a href=\"https:\/\/recyclingnetwerk.org\/wp-content\/uploads\/2021\/11\/Zienswijze-besluit-Statiegeld.pdf\">plusieurs reprises<\/a>. Si un syst\u00e8me de consigne efficace et pratique n&rsquo;est pas op\u00e9rationnel d&rsquo;ici le 31 d\u00e9cembre 2022, cela sera d\u00fb en partie \u00e0 l&rsquo;attitude obstin\u00e9e des entreprises et en partie \u00e0 ce choix politique du gouvernement.   <\/p>\n<h4>Politique<\/h4>\n<p>Les organisations environnementales comptent sur la Chambre basse et le nouveau cabinet pour r\u00e9tablir dans la loi l&rsquo;obligation de collecte dans les points de vente pour tous les emballages consign\u00e9s. \u00ab\u00a0Ce n&rsquo;est qu&rsquo;\u00e0 cette condition que nous aurons la garantie que, d&rsquo;ici la fin de l&rsquo;ann\u00e9e prochaine, un syst\u00e8me de consigne solide sera en place, qui permettra d&rsquo;atteindre les objectifs en mati\u00e8re de collecte et de d\u00e9chets sauvages et de prot\u00e9ger l&rsquo;environnement contre les canettes\u00a0\u00bb, concluent les organisations environnementales Fair Resource Foundation, Natuur &amp; Milieu, Plastic Soup Foundation, Stichting de Noordzee, Plastic Soup Surfer et Greenpeace. <\/p>\n<p>&nbsp;<\/p>\n<h2>Dans les m\u00e9dias<\/h2>\n<p>MSN, <a href=\"https:\/\/www.msn.com\/nl-nl\/nieuws\/Binnenland\/plan-voor-inzameling-blikjes-rammelt-volgens-milieuorganisaties\/ar-AAS3EqZ?li=BB13YidB\">Plan voor inzameling blikjes rammelt volgens milieuorganisaties<\/a>, 22 december 2021 <\/p>\n<p>AfvalOnline, <a href=\"https:\/\/afvalonline.nl\/bericht?id=35313\">Milieuorganisaties voorzien problemen bij blikjesplan Afvalfonds &#8211; AfvalOnline<\/a>, 22 december 2021<\/p>\n<p>VNG Nieuws, <a href=\"http:\/\/www.vngnieuws.nl\/nieuws\/redactie\/plan-inzamelen-statiegeldblikjes-schiet-doel-voorbij\">http:\/\/www.vngnieuws.nl\/nieuws\/redactie\/plan-inzamelen-statiegeldblikjes-schiet-doel-voorbij<\/a>, 22 december 2021<\/p>\n<p>Nieuws.nl, <a href=\"https:\/\/nieuws.nl\/algemeen\/20211222\/plan-voor-inzameling-blikjes-rammelt-volgens-milieuorganisaties\/\">https:\/\/nieuws.nl\/algemeen\/20211222\/plan-voor-inzameling-blikjes-rammelt-volgens-milieuorganisaties\/<\/a> , 22 december 2021<\/p>\n<p>Reformatorisch Dagblad, <a href=\"https:\/\/www.rd.nl\/artikel\/956117-plan-voor-inzameling-blikjes-rammelt-volgens-milieuorganisaties\">Plan voor inzameling blikjes rammelt volgens milieuorganisaties<\/a>, 22 december 2021<\/p>\n<p>Natuur &amp; Milieu, <a href=\"https:\/\/www.natuurenmilieu.nl\/nieuwsberichten\/milieuorganisaties-kraken-plan-afvalfonds-over-de-inzameling-van-blikjes-met-statiegeld\/\">Milieuorganisaties kraken plan Afvalfonds over de inzameling van blikjes met statiegeld | Natuur &amp; Milieu<\/a>, 22 december 2021<\/p>\n<p>FoodHolland, <a href=\"https:\/\/www.foodholland.nl\/nieuws\/bericht.php?id=236359\">FoodHolland Nieuws: Milieuorganisaties wijzen plan Afvalfonds over inzameling statiegeldblikjes af<\/a>, 22 december 2021<\/p>\n<p>Dagblad van het Noorden, <a href=\"https:\/\/dvhn.nl\/binnenland\/Plan-voor-inzameling-blikjes-rammelt-volgens-milieuorganisaties-27357263.html\">https:\/\/dvhn.nl\/binnenland\/Plan-voor-inzameling-blikjes-rammelt-volgens-milieuorganisaties-27357263.html<\/a>, 22 december 2021<\/p>\n<p>Levensmiddelenkrant, <a href=\"https:\/\/www.levensmiddelenkrant.nl\/levensmiddelenkrant\/nieuws\/milieuorganisaties-en-mvn-oneens-met-inzamelingsplan-afvalfonds\">https:\/\/www.levensmiddelenkrant.nl\/levensmiddelenkrant\/nieuws\/milieuorganisaties-en-mvn-oneens-met-inzamelingsplan-afvalfonds<\/a>, 22 december 2021<\/p>\n<p>Distrifood, <a href=\"https:\/\/www.distrifood.nl\/branche\/nieuws\/2021\/12\/verpakkingsclub-hekelt-plan-afvalfonds-drankblikjes-ook-inleveren-in-supers-101153837\">Verpakkingsclub hekelt plan Afvalfonds: Drankblikjes ook inleveren in supers<\/a>, 22 december 2021<\/p>\n<p>Klimaatweb, <a href=\"https:\/\/klimaatweb.nl\/nieuws\/milieuorganisaties-kritisch-op-plan-afvalfonds-over-de-inzameling-van-blikjes-met-statiegeld\/\">Milieuorganisaties kritisch op plan Afvalfonds over de inzameling van blikjes met statiegeld<\/a>, 22 december 2021<\/p>\n<p>NOS Radio 1 Journaal, <a href=\"https:\/\/www.nporadio1.nl\/fragmenten\/nos-radio-1-journaal\/40a4ea02-19a5-4717-90ff-a8aef3fc1ef9\/2021-12-23-kritiek-op-statiegeld-op-blikjes\">Kritiek op plan inzameling statiegeld op blikjes<\/a>, 23 december 2021<\/p>\n","protected":false},"excerpt":{"rendered":"<p>Afvalfonds a publi\u00e9 la semaine derni\u00e8re son plan de d\u00e9ploiement des consignes sur les canettes. Car les supermarch\u00e9s refusent obstin\u00e9ment de r\u00e9cup\u00e9rer les canettes, l&rsquo;industrie propose maintenant d&rsquo;organiser la collecte \u00e0 l&rsquo;ext\u00e9rieur des supermarch\u00e9s. Ce syst\u00e8me devrait se d\u00e9velopper dans ce que l&rsquo;on appelle les \u00ab\u00a0hubs circulaires\u00a0\u00bb. Fair Resource Foundation, Natuur &amp; Milieu, Plastic Soup [&hellip;]<\/p>\n","protected":false},"author":17,"featured_media":23948308,"comment_status":"closed","ping_status":"closed","sticky":false,"template":"","format":"standard","meta":{"_acf_changed":false,"_et_pb_use_builder":"","_et_pb_old_content":"","_et_gb_content_width":"","inline_featured_image":false,"_monsterinsights_skip_tracking":false,"_monsterinsights_sitenote_active":false,"_monsterinsights_sitenote_note":"","_monsterinsights_sitenote_category":0,"footnotes":"","_links_to":"","_links_to_target":""},"categories":[3256,3215,3261],"tags":[3540,3543,3548,3312],"dipi_cpt_category":[],"published_year":[3438],"class_list":["post-23955116","post","type-post","status-publish","format-standard","has-post-thumbnail","hentry","category-consigne-fr","category-dechets-et-pollution","category-old_website-fr-2","tag-consigne-fr-2","tag-afval-en-vervuiling-fr","tag-circulaire-economie-fr","tag-politique-neerlandaise","published_year-2021-fr"],"acf":[],"yoast_head":"<!-- This site is optimized with the Yoast SEO plugin v27.5 - https:\/\/yoast.com\/product\/yoast-seo-wordpress\/ -->\n<title>Les organisations environnementales s&#039;insurgent contre Afvalfonds concernant la collecte des canettes consign\u00e9es | Fair Resource Foundation<\/title>\n<meta name=\"robots\" content=\"index, follow, max-snippet:-1, max-image-preview:large, max-video-preview:-1\" \/>\n<link rel=\"canonical\" href=\"https:\/\/fairresourcefoundation.org\/fr\/les-organisations-environnementales-sinsurgent-contre-afvalfonds-concernant-la-collecte-des-canettes-consignees\/\" \/>\n<meta property=\"og:locale\" content=\"fr_FR\" \/>\n<meta property=\"og:type\" content=\"article\" \/>\n<meta property=\"og:title\" content=\"Les organisations environnementales s&#039;insurgent contre Afvalfonds concernant la collecte des canettes consign\u00e9es | Fair Resource Foundation\" \/>\n<meta property=\"og:description\" content=\"Afvalfonds a publi\u00e9 la semaine derni\u00e8re son plan de d\u00e9ploiement des consignes sur les canettes. Car les supermarch\u00e9s refusent obstin\u00e9ment de r\u00e9cup\u00e9rer les canettes, l&rsquo;industrie propose maintenant d&rsquo;organiser la collecte \u00e0 l&rsquo;ext\u00e9rieur des supermarch\u00e9s. Ce syst\u00e8me devrait se d\u00e9velopper dans ce que l&rsquo;on appelle les \u00ab\u00a0hubs circulaires\u00a0\u00bb. Fair Resource Foundation, Natuur &amp; Milieu, Plastic Soup [&hellip;]\" \/>\n<meta property=\"og:url\" content=\"https:\/\/fairresourcefoundation.org\/fr\/les-organisations-environnementales-sinsurgent-contre-afvalfonds-concernant-la-collecte-des-canettes-consignees\/\" \/>\n<meta property=\"og:site_name\" content=\"Fair Resource Foundation\" \/>\n<meta property=\"article:published_time\" content=\"2021-12-21T22:01:30+00:00\" \/>\n<meta property=\"og:image\" content=\"https:\/\/fairresourcefoundation.org\/wp-content\/uploads\/2024\/03\/victoriano-izquierdo-Orcw3QahuS0-unsplash-scaled.jpg\" \/>\n\t<meta property=\"og:image:width\" content=\"2560\" \/>\n\t<meta property=\"og:image:height\" content=\"1707\" \/>\n\t<meta property=\"og:image:type\" content=\"image\/jpeg\" \/>\n<meta name=\"author\" content=\"Suze Govers\" \/>\n<meta name=\"twitter:card\" content=\"summary_large_image\" \/>\n<meta name=\"twitter:label1\" content=\"\u00c9crit par\" \/>\n\t<meta name=\"twitter:data1\" content=\"Suze Govers\" \/>\n\t<meta name=\"twitter:label2\" content=\"Dur\u00e9e de lecture estim\u00e9e\" \/>\n\t<meta name=\"twitter:data2\" content=\"5 minutes\" \/>\n<script type=\"application\/ld+json\" class=\"yoast-schema-graph\">{\"@context\":\"https:\\\/\\\/schema.org\",\"@graph\":[{\"@type\":\"Article\",\"@id\":\"https:\\\/\\\/fairresourcefoundation.org\\\/fr\\\/les-organisations-environnementales-sinsurgent-contre-afvalfonds-concernant-la-collecte-des-canettes-consignees\\\/#article\",\"isPartOf\":{\"@id\":\"https:\\\/\\\/fairresourcefoundation.org\\\/fr\\\/les-organisations-environnementales-sinsurgent-contre-afvalfonds-concernant-la-collecte-des-canettes-consignees\\\/\"},\"author\":{\"name\":\"Suze Govers\",\"@id\":\"https:\\\/\\\/fairresourcefoundation.org\\\/fr\\\/#\\\/schema\\\/person\\\/17af38575f20eb29da5b2781f7508dbd\"},\"headline\":\"Les organisations environnementales s&rsquo;insurgent contre Afvalfonds concernant la collecte des canettes consign\u00e9es\",\"datePublished\":\"2021-12-21T22:01:30+00:00\",\"mainEntityOfPage\":{\"@id\":\"https:\\\/\\\/fairresourcefoundation.org\\\/fr\\\/les-organisations-environnementales-sinsurgent-contre-afvalfonds-concernant-la-collecte-des-canettes-consignees\\\/\"},\"wordCount\":1111,\"publisher\":{\"@id\":\"https:\\\/\\\/fairresourcefoundation.org\\\/fr\\\/#organization\"},\"image\":{\"@id\":\"https:\\\/\\\/fairresourcefoundation.org\\\/fr\\\/les-organisations-environnementales-sinsurgent-contre-afvalfonds-concernant-la-collecte-des-canettes-consignees\\\/#primaryimage\"},\"thumbnailUrl\":\"https:\\\/\\\/fairresourcefoundation.org\\\/wp-content\\\/uploads\\\/2024\\\/03\\\/victoriano-izquierdo-Orcw3QahuS0-unsplash-scaled.jpg\",\"keywords\":[\"Consigne\",\"D\u00e9chets et pollution\",\"\u00c9conomie circulaire\",\"Politique n\u00e9erlandaise\"],\"articleSection\":[\"Consigne\",\"D\u00e9chets et pollution\",\"old_website FR\"],\"inLanguage\":\"fr-FR\"},{\"@type\":\"WebPage\",\"@id\":\"https:\\\/\\\/fairresourcefoundation.org\\\/fr\\\/les-organisations-environnementales-sinsurgent-contre-afvalfonds-concernant-la-collecte-des-canettes-consignees\\\/\",\"url\":\"https:\\\/\\\/fairresourcefoundation.org\\\/fr\\\/les-organisations-environnementales-sinsurgent-contre-afvalfonds-concernant-la-collecte-des-canettes-consignees\\\/\",\"name\":\"Les organisations environnementales s'insurgent contre Afvalfonds concernant la collecte des canettes consign\u00e9es | Fair Resource Foundation\",\"isPartOf\":{\"@id\":\"https:\\\/\\\/fairresourcefoundation.org\\\/fr\\\/#website\"},\"primaryImageOfPage\":{\"@id\":\"https:\\\/\\\/fairresourcefoundation.org\\\/fr\\\/les-organisations-environnementales-sinsurgent-contre-afvalfonds-concernant-la-collecte-des-canettes-consignees\\\/#primaryimage\"},\"image\":{\"@id\":\"https:\\\/\\\/fairresourcefoundation.org\\\/fr\\\/les-organisations-environnementales-sinsurgent-contre-afvalfonds-concernant-la-collecte-des-canettes-consignees\\\/#primaryimage\"},\"thumbnailUrl\":\"https:\\\/\\\/fairresourcefoundation.org\\\/wp-content\\\/uploads\\\/2024\\\/03\\\/victoriano-izquierdo-Orcw3QahuS0-unsplash-scaled.jpg\",\"datePublished\":\"2021-12-21T22:01:30+00:00\",\"breadcrumb\":{\"@id\":\"https:\\\/\\\/fairresourcefoundation.org\\\/fr\\\/les-organisations-environnementales-sinsurgent-contre-afvalfonds-concernant-la-collecte-des-canettes-consignees\\\/#breadcrumb\"},\"inLanguage\":\"fr-FR\",\"potentialAction\":[{\"@type\":\"ReadAction\",\"target\":[\"https:\\\/\\\/fairresourcefoundation.org\\\/fr\\\/les-organisations-environnementales-sinsurgent-contre-afvalfonds-concernant-la-collecte-des-canettes-consignees\\\/\"]}]},{\"@type\":\"ImageObject\",\"inLanguage\":\"fr-FR\",\"@id\":\"https:\\\/\\\/fairresourcefoundation.org\\\/fr\\\/les-organisations-environnementales-sinsurgent-contre-afvalfonds-concernant-la-collecte-des-canettes-consignees\\\/#primaryimage\",\"url\":\"https:\\\/\\\/fairresourcefoundation.org\\\/wp-content\\\/uploads\\\/2024\\\/03\\\/victoriano-izquierdo-Orcw3QahuS0-unsplash-scaled.jpg\",\"contentUrl\":\"https:\\\/\\\/fairresourcefoundation.org\\\/wp-content\\\/uploads\\\/2024\\\/03\\\/victoriano-izquierdo-Orcw3QahuS0-unsplash-scaled.jpg\",\"width\":2560,\"height\":1707},{\"@type\":\"BreadcrumbList\",\"@id\":\"https:\\\/\\\/fairresourcefoundation.org\\\/fr\\\/les-organisations-environnementales-sinsurgent-contre-afvalfonds-concernant-la-collecte-des-canettes-consignees\\\/#breadcrumb\",\"itemListElement\":[{\"@type\":\"ListItem\",\"position\":1,\"name\":\"Home\",\"item\":\"https:\\\/\\\/fairresourcefoundation.org\\\/fr\\\/\"},{\"@type\":\"ListItem\",\"position\":2,\"name\":\"Les organisations environnementales s&rsquo;insurgent contre Afvalfonds concernant la collecte des canettes consign\u00e9es\"}]},{\"@type\":\"WebSite\",\"@id\":\"https:\\\/\\\/fairresourcefoundation.org\\\/fr\\\/#website\",\"url\":\"https:\\\/\\\/fairresourcefoundation.org\\\/fr\\\/\",\"name\":\"Fair Resource Foundation\",\"description\":\"Systems change for people and planet\",\"publisher\":{\"@id\":\"https:\\\/\\\/fairresourcefoundation.org\\\/fr\\\/#organization\"},\"potentialAction\":[{\"@type\":\"SearchAction\",\"target\":{\"@type\":\"EntryPoint\",\"urlTemplate\":\"https:\\\/\\\/fairresourcefoundation.org\\\/fr\\\/?s={search_term_string}\"},\"query-input\":{\"@type\":\"PropertyValueSpecification\",\"valueRequired\":true,\"valueName\":\"search_term_string\"}}],\"inLanguage\":\"fr-FR\"},{\"@type\":\"Organization\",\"@id\":\"https:\\\/\\\/fairresourcefoundation.org\\\/fr\\\/#organization\",\"name\":\"Fair Resource Foundation\",\"url\":\"https:\\\/\\\/fairresourcefoundation.org\\\/fr\\\/\",\"logo\":{\"@type\":\"ImageObject\",\"inLanguage\":\"fr-FR\",\"@id\":\"https:\\\/\\\/fairresourcefoundation.org\\\/fr\\\/#\\\/schema\\\/logo\\\/image\\\/\",\"url\":\"https:\\\/\\\/fairresourcefoundation.org\\\/wp-content\\\/uploads\\\/2023\\\/10\\\/Primair-Logo-Ruimte.svg\",\"contentUrl\":\"https:\\\/\\\/fairresourcefoundation.org\\\/wp-content\\\/uploads\\\/2023\\\/10\\\/Primair-Logo-Ruimte.svg\",\"width\":1280,\"height\":566,\"caption\":\"Fair Resource Foundation\"},\"image\":{\"@id\":\"https:\\\/\\\/fairresourcefoundation.org\\\/fr\\\/#\\\/schema\\\/logo\\\/image\\\/\"}},{\"@type\":\"Person\",\"@id\":\"https:\\\/\\\/fairresourcefoundation.org\\\/fr\\\/#\\\/schema\\\/person\\\/17af38575f20eb29da5b2781f7508dbd\",\"name\":\"Suze Govers\",\"image\":{\"@type\":\"ImageObject\",\"inLanguage\":\"fr-FR\",\"@id\":\"https:\\\/\\\/secure.gravatar.com\\\/avatar\\\/b40c308a4801dcfa9c5eea86bc5815f1486437670904a78d97e1a73ad4cca0b7?s=96&d=mm&r=g\",\"url\":\"https:\\\/\\\/secure.gravatar.com\\\/avatar\\\/b40c308a4801dcfa9c5eea86bc5815f1486437670904a78d97e1a73ad4cca0b7?s=96&d=mm&r=g\",\"contentUrl\":\"https:\\\/\\\/secure.gravatar.com\\\/avatar\\\/b40c308a4801dcfa9c5eea86bc5815f1486437670904a78d97e1a73ad4cca0b7?s=96&d=mm&r=g\",\"caption\":\"Suze Govers\"},\"url\":\"#molongui-disabled-link\"}]}<\/script>\n<!-- \/ Yoast SEO plugin. -->","yoast_head_json":{"title":"Les organisations environnementales s'insurgent contre Afvalfonds concernant la collecte des canettes consign\u00e9es | Fair Resource Foundation","robots":{"index":"index","follow":"follow","max-snippet":"max-snippet:-1","max-image-preview":"max-image-preview:large","max-video-preview":"max-video-preview:-1"},"canonical":"https:\/\/fairresourcefoundation.org\/fr\/les-organisations-environnementales-sinsurgent-contre-afvalfonds-concernant-la-collecte-des-canettes-consignees\/","og_locale":"fr_FR","og_type":"article","og_title":"Les organisations environnementales s'insurgent contre Afvalfonds concernant la collecte des canettes consign\u00e9es | Fair Resource Foundation","og_description":"Afvalfonds a publi\u00e9 la semaine derni\u00e8re son plan de d\u00e9ploiement des consignes sur les canettes. Car les supermarch\u00e9s refusent obstin\u00e9ment de r\u00e9cup\u00e9rer les canettes, l&rsquo;industrie propose maintenant d&rsquo;organiser la collecte \u00e0 l&rsquo;ext\u00e9rieur des supermarch\u00e9s. Ce syst\u00e8me devrait se d\u00e9velopper dans ce que l&rsquo;on appelle les \u00ab\u00a0hubs circulaires\u00a0\u00bb. Fair Resource Foundation, Natuur &amp; Milieu, Plastic Soup [&hellip;]","og_url":"https:\/\/fairresourcefoundation.org\/fr\/les-organisations-environnementales-sinsurgent-contre-afvalfonds-concernant-la-collecte-des-canettes-consignees\/","og_site_name":"Fair Resource Foundation","article_published_time":"2021-12-21T22:01:30+00:00","og_image":[{"width":2560,"height":1707,"url":"https:\/\/fairresourcefoundation.org\/wp-content\/uploads\/2024\/03\/victoriano-izquierdo-Orcw3QahuS0-unsplash-scaled.jpg","type":"image\/jpeg"}],"author":"Suze Govers","twitter_card":"summary_large_image","twitter_misc":{"\u00c9crit par":"Suze Govers","Dur\u00e9e de lecture estim\u00e9e":"5 minutes"},"schema":{"@context":"https:\/\/schema.org","@graph":[{"@type":"Article","@id":"https:\/\/fairresourcefoundation.org\/fr\/les-organisations-environnementales-sinsurgent-contre-afvalfonds-concernant-la-collecte-des-canettes-consignees\/#article","isPartOf":{"@id":"https:\/\/fairresourcefoundation.org\/fr\/les-organisations-environnementales-sinsurgent-contre-afvalfonds-concernant-la-collecte-des-canettes-consignees\/"},"author":{"name":"Suze Govers","@id":"https:\/\/fairresourcefoundation.org\/fr\/#\/schema\/person\/17af38575f20eb29da5b2781f7508dbd"},"headline":"Les organisations environnementales s&rsquo;insurgent contre Afvalfonds concernant la collecte des canettes consign\u00e9es","datePublished":"2021-12-21T22:01:30+00:00","mainEntityOfPage":{"@id":"https:\/\/fairresourcefoundation.org\/fr\/les-organisations-environnementales-sinsurgent-contre-afvalfonds-concernant-la-collecte-des-canettes-consignees\/"},"wordCount":1111,"publisher":{"@id":"https:\/\/fairresourcefoundation.org\/fr\/#organization"},"image":{"@id":"https:\/\/fairresourcefoundation.org\/fr\/les-organisations-environnementales-sinsurgent-contre-afvalfonds-concernant-la-collecte-des-canettes-consignees\/#primaryimage"},"thumbnailUrl":"https:\/\/fairresourcefoundation.org\/wp-content\/uploads\/2024\/03\/victoriano-izquierdo-Orcw3QahuS0-unsplash-scaled.jpg","keywords":["Consigne","D\u00e9chets et pollution","\u00c9conomie circulaire","Politique n\u00e9erlandaise"],"articleSection":["Consigne","D\u00e9chets et pollution","old_website FR"],"inLanguage":"fr-FR"},{"@type":"WebPage","@id":"https:\/\/fairresourcefoundation.org\/fr\/les-organisations-environnementales-sinsurgent-contre-afvalfonds-concernant-la-collecte-des-canettes-consignees\/","url":"https:\/\/fairresourcefoundation.org\/fr\/les-organisations-environnementales-sinsurgent-contre-afvalfonds-concernant-la-collecte-des-canettes-consignees\/","name":"Les organisations environnementales s'insurgent contre Afvalfonds concernant la collecte des canettes consign\u00e9es | Fair Resource Foundation","isPartOf":{"@id":"https:\/\/fairresourcefoundation.org\/fr\/#website"},"primaryImageOfPage":{"@id":"https:\/\/fairresourcefoundation.org\/fr\/les-organisations-environnementales-sinsurgent-contre-afvalfonds-concernant-la-collecte-des-canettes-consignees\/#primaryimage"},"image":{"@id":"https:\/\/fairresourcefoundation.org\/fr\/les-organisations-environnementales-sinsurgent-contre-afvalfonds-concernant-la-collecte-des-canettes-consignees\/#primaryimage"},"thumbnailUrl":"https:\/\/fairresourcefoundation.org\/wp-content\/uploads\/2024\/03\/victoriano-izquierdo-Orcw3QahuS0-unsplash-scaled.jpg","datePublished":"2021-12-21T22:01:30+00:00","breadcrumb":{"@id":"https:\/\/fairresourcefoundation.org\/fr\/les-organisations-environnementales-sinsurgent-contre-afvalfonds-concernant-la-collecte-des-canettes-consignees\/#breadcrumb"},"inLanguage":"fr-FR","potentialAction":[{"@type":"ReadAction","target":["https:\/\/fairresourcefoundation.org\/fr\/les-organisations-environnementales-sinsurgent-contre-afvalfonds-concernant-la-collecte-des-canettes-consignees\/"]}]},{"@type":"ImageObject","inLanguage":"fr-FR","@id":"https:\/\/fairresourcefoundation.org\/fr\/les-organisations-environnementales-sinsurgent-contre-afvalfonds-concernant-la-collecte-des-canettes-consignees\/#primaryimage","url":"https:\/\/fairresourcefoundation.org\/wp-content\/uploads\/2024\/03\/victoriano-izquierdo-Orcw3QahuS0-unsplash-scaled.jpg","contentUrl":"https:\/\/fairresourcefoundation.org\/wp-content\/uploads\/2024\/03\/victoriano-izquierdo-Orcw3QahuS0-unsplash-scaled.jpg","width":2560,"height":1707},{"@type":"BreadcrumbList","@id":"https:\/\/fairresourcefoundation.org\/fr\/les-organisations-environnementales-sinsurgent-contre-afvalfonds-concernant-la-collecte-des-canettes-consignees\/#breadcrumb","itemListElement":[{"@type":"ListItem","position":1,"name":"Home","item":"https:\/\/fairresourcefoundation.org\/fr\/"},{"@type":"ListItem","position":2,"name":"Les organisations environnementales s&rsquo;insurgent contre Afvalfonds concernant la collecte des canettes consign\u00e9es"}]},{"@type":"WebSite","@id":"https:\/\/fairresourcefoundation.org\/fr\/#website","url":"https:\/\/fairresourcefoundation.org\/fr\/","name":"Fair Resource Foundation","description":"Systems change for people and planet","publisher":{"@id":"https:\/\/fairresourcefoundation.org\/fr\/#organization"},"potentialAction":[{"@type":"SearchAction","target":{"@type":"EntryPoint","urlTemplate":"https:\/\/fairresourcefoundation.org\/fr\/?s={search_term_string}"},"query-input":{"@type":"PropertyValueSpecification","valueRequired":true,"valueName":"search_term_string"}}],"inLanguage":"fr-FR"},{"@type":"Organization","@id":"https:\/\/fairresourcefoundation.org\/fr\/#organization","name":"Fair Resource Foundation","url":"https:\/\/fairresourcefoundation.org\/fr\/","logo":{"@type":"ImageObject","inLanguage":"fr-FR","@id":"https:\/\/fairresourcefoundation.org\/fr\/#\/schema\/logo\/image\/","url":"https:\/\/fairresourcefoundation.org\/wp-content\/uploads\/2023\/10\/Primair-Logo-Ruimte.svg","contentUrl":"https:\/\/fairresourcefoundation.org\/wp-content\/uploads\/2023\/10\/Primair-Logo-Ruimte.svg","width":1280,"height":566,"caption":"Fair Resource Foundation"},"image":{"@id":"https:\/\/fairresourcefoundation.org\/fr\/#\/schema\/logo\/image\/"}},{"@type":"Person","@id":"https:\/\/fairresourcefoundation.org\/fr\/#\/schema\/person\/17af38575f20eb29da5b2781f7508dbd","name":"Suze Govers","image":{"@type":"ImageObject","inLanguage":"fr-FR","@id":"https:\/\/secure.gravatar.com\/avatar\/b40c308a4801dcfa9c5eea86bc5815f1486437670904a78d97e1a73ad4cca0b7?s=96&d=mm&r=g","url":"https:\/\/secure.gravatar.com\/avatar\/b40c308a4801dcfa9c5eea86bc5815f1486437670904a78d97e1a73ad4cca0b7?s=96&d=mm&r=g","contentUrl":"https:\/\/secure.gravatar.com\/avatar\/b40c308a4801dcfa9c5eea86bc5815f1486437670904a78d97e1a73ad4cca0b7?s=96&d=mm&r=g","caption":"Suze Govers"},"url":"#molongui-disabled-link"}]}},"_links":{"self":[{"href":"https:\/\/fairresourcefoundation.org\/fr\/wp-json\/wp\/v2\/posts\/23955116","targetHints":{"allow":["GET"]}}],"collection":[{"href":"https:\/\/fairresourcefoundation.org\/fr\/wp-json\/wp\/v2\/posts"}],"about":[{"href":"https:\/\/fairresourcefoundation.org\/fr\/wp-json\/wp\/v2\/types\/post"}],"author":[{"embeddable":true,"href":"https:\/\/fairresourcefoundation.org\/fr\/wp-json\/wp\/v2\/users\/17"}],"replies":[{"embeddable":true,"href":"https:\/\/fairresourcefoundation.org\/fr\/wp-json\/wp\/v2\/comments?post=23955116"}],"version-history":[{"count":0,"href":"https:\/\/fairresourcefoundation.org\/fr\/wp-json\/wp\/v2\/posts\/23955116\/revisions"}],"wp:featuredmedia":[{"embeddable":true,"href":"https:\/\/fairresourcefoundation.org\/fr\/wp-json\/wp\/v2\/media\/23948308"}],"wp:attachment":[{"href":"https:\/\/fairresourcefoundation.org\/fr\/wp-json\/wp\/v2\/media?parent=23955116"}],"wp:term":[{"taxonomy":"category","embeddable":true,"href":"https:\/\/fairresourcefoundation.org\/fr\/wp-json\/wp\/v2\/categories?post=23955116"},{"taxonomy":"post_tag","embeddable":true,"href":"https:\/\/fairresourcefoundation.org\/fr\/wp-json\/wp\/v2\/tags?post=23955116"},{"taxonomy":"dipi_cpt_category","embeddable":true,"href":"https:\/\/fairresourcefoundation.org\/fr\/wp-json\/wp\/v2\/dipi_cpt_category?post=23955116"},{"taxonomy":"published_year","embeddable":true,"href":"https:\/\/fairresourcefoundation.org\/fr\/wp-json\/wp\/v2\/published_year?post=23955116"}],"curies":[{"name":"wp","href":"https:\/\/api.w.org\/{rel}","templated":true}]}}